{"id":33109,"date":"2019-12-19T23:20:47","date_gmt":"2019-12-19T22:20:47","guid":{"rendered":"http:\/\/e-anjelik.sk\/?p=33109"},"modified":"2022-12-11T14:54:20","modified_gmt":"2022-12-11T13:54:20","slug":"radujme-sa-lebo-pan-je-blizko","status":"publish","type":"post","link":"https:\/\/www.e-anjelik.sk\/index.php\/2019\/12\/19\/radujme-sa-lebo-pan-je-blizko\/","title":{"rendered":"Radujme sa, lebo P\u00e1n je bl\u00edzko"},"content":{"rendered":"\n<p>&nbsp; &nbsp;<strong> Radujme sa, lebo P\u00e1n je bl\u00edzko!<\/strong><\/p>\n\n\n\n<p><strong>F 4, 4 &#8211; 7:<\/strong><\/p>\n\n\n\n<p><em>\u201cRadujte sa v P\u00e1nu v\u017edycky! Opakujem: radujte sa! (5) Va\u0161a dobrotivos\u0165 nech je zn\u00e1ma v\u0161etk\u00fdm \u013eu\u010fom. P\u00e1n bl\u00edzko! (6) o ni\u010d nebu\u010fte ustarosten\u00ed, ale vo v\u0161etkom s v\u010fakou predkladajte Bohu svoje \u017eiadosti vo v\u0161ekt\u00fdch svojich modlitb\u00e1ch a prosb\u00e1ch. (7) A pokoj Bo\u017e\u00ed, ktor\u00fd prevy\u0161uje ka\u017ed\u00fd rozum, bude h\u00e1ji\u0165 va\u0161e srdcia a va\u0161e mysle v Kristu Je\u017ei\u0161i\u201d Amen<\/em><\/p>\n\n\n\n<p>&nbsp; &nbsp; &nbsp; Bohumil\u00ed kres\u0165ania!<\/p>\n\n\n\n<p><strong>&nbsp; &nbsp; &nbsp; <\/strong>Advent vrchol\u00ed. U\u017e (po)zajtra op\u00e4\u0165 zaspievame:<em> \u201c\u010cas radosti, veselosti, nastal po\u017eehnan\u00fd\u2026\u201d. (ESP 41,1) <\/em>Ale u\u017e aj dnes, <strong>v \u0161tvrt\u00fa adventn\u00fa nede\u013eu<\/strong> zneje v cirkvi v\u00fdzva apo\u0161tola<em> Pavla:\u201d Radujte sa v P\u00e1nu v\u017edycky! Opakujem: radujte sa!\u201d. <\/em>V tomto s\u00favise sa m\u00f4\u017ee v na\u0161ej mysli vynori\u0165 ot\u00e1zka: Sme my kres\u0165ania \u013eudia, ktor\u00ed v\u017edy maj\u00fa&nbsp; po\u010d\u00fava\u0165 nejak\u00e9 pr\u00edkazy a povely? Sme ako cirkev podobn\u00ed \u201crusk\u00e9mu parlamentu\u201d, o ktorom panuje roz\u0161\u00edren\u00fd n\u00e1zor, \u017ee v \u0148om prebieha hlasovanie \u201cako na p\u00e1ku\u201d, teda na povel najmocnej\u0161ieho mu\u017ea krajiny? Je to v cirkvi tak, \u017ee ona raz povie: je \u010das p\u00f4stu a sm\u00fatku, tak sm\u00fa\u0165me a postime sa &#8211; a inokedy \u010das v\u0161eobecnej radosti, ke\u010f sa m\u00e1me radova\u0165 v\u0161etci bez rozdielu? Lebo je ist\u00e9, \u017ee aj cez tieto Vianoce, tak ako aj cez v\u0161etky predch\u00e1dzaj\u00face, bude medzi nami ve\u013ea \u013eud\u00ed a rod\u00edn smutn\u00fdch, pla\u010d\u00facich a \u017ealostiacich.&nbsp;<\/p>\n\n\n\n<p>&nbsp;&nbsp; &nbsp; &nbsp; V tomto predviano\u010dnom obdob\u00ed sa na\u0161ej krajine stali mnoh\u00e9 v\u00e1\u017ene hav\u00e1rie so smrte\u013en\u00fdmi n\u00e1sledkami. Mnoh\u00e9 zbyto\u010dn\u00e9 trag\u00e9die v mest\u00e1ch i dedin\u00e1ch priniesli bolestn\u00e9 rozl\u00fa\u010dky i ve\u013ek\u00e9 materi\u00e1lne \u0161kody, ktor\u00e9 sa iba pomaly bud\u00fa hoji\u0165 a odstra\u0148ova\u0165. Mnoh\u00ed \u013eudia v\u00e1\u017ene ochoreli a s\u00fa odk\u00e1zan\u00ed na nemocni\u010dn\u00fa opateru, alebo na samotu v r\u00f4zych typoch domovov soci\u00e1lnej starostlivosti, ale aj v domoch a bytoch vlastn\u00fdch. Mo\u017eno s\u00fa rodiny, ktor\u00e1 sa v poslednom obdob\u00ed rozpadli, man\u017eelia, ktor\u00ed sa rozviedli, alebo tak\u00ed, ktor\u00ed pri\u0161li o pr\u00e1cu, \u010di r\u00f4zne in\u00e9 \u0165a\u017ekosti zasiahli do ich \u017eivota. Akoko\u013evek v\u0161ade zneje prianie: <em>\u0160\u0165astn\u00e9 a vesel\u00e9\u2026<\/em>vieme, \u017ee nie v\u0161ade tak\u00e9 Vianoce naozaj bud\u00fa. Nezabudnime zahrn\u00fa\u0165 do na\u0161ich modlitieb v\u0161etk\u00fdch trpiacich a pla\u010d\u00facich\u2026<\/p>\n\n\n\n<p>&nbsp;&nbsp; &nbsp; Cirkev v\u00fdberom tohoto liturgick\u00e9ho, alebo k\u00e1z\u0148ov\u00e9ho textu akoby sa prid\u00e1vala k v\u0161eobecne o\u010dak\u00e1vanej radosti a d\u00e1va znie\u0165 v\u00fdzve k radosti:<em> \u201cRadujte sa\u2026! Opakujem: radujte sa!<\/em> Ot\u00e1zky a ot\u00e1zniky ktor\u00e9 sa vyn\u00e1raj\u00fa v na\u0161ich mysliach existovali zrejme u\u017e u filipsk\u00fdch kres\u0165anov a na ne odpoved\u00e1 slovo apo\u0161tola Pavla, ktor\u00e9 je in\u0161pirovan\u00e9 Duchom Sv\u00e4t\u00fdm. Nie je to teda \u017eiaden povrchn\u00fd pr\u00edkaz, alebo v\u00fdzva s akou by sme sa mohli stretn\u00fa\u0165 aj kdeko\u013evek vo svete. Pavel toti\u017e kladie d\u00f4raz na slov\u00e1: Radujte sa &#8211; <strong>v P\u00e1nu!&nbsp;<\/strong><\/p>\n\n\n\n<p><strong>&nbsp;&nbsp; &nbsp; <\/strong>Mysl\u00ed samozrejme na P\u00e1na Je\u017ei\u0161a Krista. Ukazuje na Toho, ktor\u00fd pri\u0161iel v plnosti a vykonal dielo zmierenia. Na Toho, ktor\u00fd n\u00e1m \u201cotvoril nebo\u201d t\u00fdm, \u017ee n\u00e1m pon\u00fakol zmierenie s Otcom nebesk\u00fdm. Odpustil n\u00e1m na\u0161e hriechy a stal sa p\u00f4vodcom n\u00e1\u0161ho spasenia. Tento dar n\u00e1m nikto a ni\u010d nem\u00f4\u017ee vzia\u0165 a je jedine\u010dn\u00fdm pote\u0161en\u00edm pre v\u0161etk\u00fdch v Neho veriacich. N\u00e1dej, ktor\u00fa n\u00e1m pon\u00fakol je&nbsp; jedine\u010dn\u00e1. T\u00fdka sa aj t\u00fdch \u013eud\u00ed, ktor\u00fdch sme v \u00favode spomenuli ako tak\u00fdch, ktor\u00ed zdanlivo nemaj\u00fa d\u00f4vod na rados\u0165. Ktor\u00ed by bez Krista P\u00e1na a Jeho diela nemali pote\u0161enie, n\u00e1dej na zmenu, n\u00e1dej na zahojenie r\u00e1n a bolest\u00ed srdca. Vianoce toti\u017e nie s\u00fa prioritne o zvesti, \u017ee \u201cpr\u00edde Je\u017ei\u0161ko s dar\u010dekmi\u201d, ale o pr\u00edchode Je\u017ei\u0161a, Syna Bo\u017eieho, s darom viery, l\u00e1sky a n\u00e1deje na \u017eivot ve\u010dn\u00fd.&nbsp;<\/p>\n\n\n\n<p>&nbsp;&nbsp; &nbsp; V na\u0161om texte po\u010dujeme aj \u010fal\u0161ie slovo, ktor\u00e9 dne\u0161n\u00e1 doba m\u00e1 tendenciu vypr\u00e1zdni\u0165 a zmeni\u0165 jeho obsah. To slovo znie: <em>dobrotivos\u0165<\/em>. Apo\u0161tol hovor\u00ed:<em> \u201dVa\u0161a dobrotivos\u0165 nech je zn\u00e1ma v\u0161etk\u00fdm \u013eu\u010fom\u201d<\/em>. Je ist\u00e9, \u017ee najm\u00e4 rozhlasov\u00e9 a telev\u00edzne zpr\u00e1vy s\u00fa a bud\u00fa pln\u00e9 inform\u00e1ci\u00ed o rozli\u010dnej \u201cdobrotivosti\u201d r\u00f4znych \u013eud\u00ed. Lebo &#8211; iste, Vianoce preb\u00fadzaj\u00fa v \u013eu\u010foch aspo\u0148 k\u00fasok citu a humanity, na ktor\u00fa sa v oby\u010dajn\u00fdch d\u0148och roka nemysl\u00ed, alebo zab\u00fada. T\u00ed, \u010do maj\u00fa dosah a pr\u00edstup do m\u00e9di\u00ed, vynalo\u017eia ve\u013ea \u00fasilia a prostriedkov, aby sa pr\u00e1ve o ich dobrotivosti hovorilo. Konaj\u00fa tak, aby ich \u010d\u00edm viacer\u00ed videli a ich aj chv\u00e1lili. Mnoh\u00ed konaj\u00fa presne naopak, ako hovor\u00ed Je\u017ei\u0161: <em>\u201cKe\u010f d\u00e1va\u0161 dar (almu\u017enu), nech nevie tvoja \u013eavica, \u010do rob\u00ed pravica, aby tvoj dar (almu\u017ena) zostala v skrytosti, a Tvoj Otec, ktor\u00fd vid\u00ed v skrytosti, odplat\u00ed tebe\u201d (Mt 6,3)<\/em> T\u00ed, ktor\u00ed sa nedostan\u00fa do ve\u013ek\u00fdch masm\u00e9di\u00ed, nato\u010dia aspo\u0148 s\u00fakromn\u00e9 video, a zverejnia ho, aby \u010d\u00edm viacer\u00ed videli \u010do ve\u013ek\u00e9 sa odohralo v ich bl\u00edzkosti a ich z\u00e1sluhou. Tomuto aktu\u00e1lnemu \u201cn\u00e1valu\u201d dobro\u010dinnosti kres\u0165ania iba \u0165a\u017eko m\u00f4\u017eu unik\u00fa\u0165. Nie \u017ee by sa dobro\u010dinnos\u0165 nemala dia\u0165 &#8211; ale apo\u0161tolova v\u00fdzva je o celo\u017eivotnom postoji veriacich a nie o kampani, alebo dokonca iba o premyslenej reklame. \u010ci nem\u00e1me pr\u00e1vo \u010daka\u0165 na pochvalu a odmenu? Apo\u0161tol hovor\u00ed: \u00e1no &#8211; ale od P\u00e1na. Preto doklad\u00e1: <em>\u201cP\u00e1n bl\u00edzko!\u201d<\/em> U Neho a od Neho je na\u0161a odmena a pochvala. O nej vieme, \u017ee zazneje z Jeho \u00fast: <em>\u201cSpr\u00e1vne a dobre vern\u00fd sluha, nad m\u00e1lom bol si vern\u00fd, nad mnoh\u00fdm \u0165a ustanov\u00edm, vojdi v rados\u0165 svojho P\u00e1na\u201d.<\/em> V \u017eivote skuto\u010dne plat\u00ed: Ke\u010f dvaja robia to ist\u00e9, nie je to to ist\u00e9!<\/p>\n\n\n\n<p>&nbsp; &nbsp; &nbsp; Je tu aj druh\u00fd d\u00f4sledok toho, \u017ee P\u00e1nov pr\u00edchod sa pribli\u017euje.&nbsp;<\/p>\n\n\n\n<p>Pr\u00edprava sviatkov znamen\u00e1 aj mnoho v\u0161elijak\u00fdch \u00faloh a starost\u00ed pre otcov a matky, aby v\u0161etci boli spokojn\u00ed. Neraz prin\u00e1\u0161aj\u00fa sviatky aj zv\u00fd\u0161en\u00fd n\u00e1por na rodinn\u00fd rozpo\u010det a mo\u017eno s\u00fa niektor\u00ed rodi\u010dia smutn\u00ed a podr\u00e1\u017eden\u00ed z toho, \u017ee si nem\u00f4\u017eu dovoli\u0165 to, \u010do vidia v reklam\u00e1ch a na obrazovk\u00e1ch, alebo u solvetnej\u0161\u00edch susedov. Pavel pripom\u00edna P\u00e1novu bl\u00edzkos\u0165, aby uk\u00e1zal na Jeho bl\u00edzku pomoc. Nemus\u00ed nutne spo\u010d\u00edva\u0165 v naplnen\u00ed v\u0161etk\u00fdch \u017eelan\u00ed a prian\u00ed. Deti \u010dasto p\u00ed\u0161u Je\u017ei\u0161kovi &#8211; a ich zoznam dar\u010dekov je neraz tak ve\u013emi dlh\u00fd, \u017ee rob\u00ed rodi\u010dom vr\u00e1sky na \u010dele.&nbsp;<\/p>\n\n\n\n<p>&nbsp;&nbsp; &nbsp; &nbsp; Apo\u0161tol v\u0161ak hovor\u00ed: <em>\u201cO ni\u010d nebu\u010fte ustarosten\u00ed, ale vo v\u0161etkom s v\u010fakou predkladajte Bohu svoje \u017eiadosti vo v\u0161etk\u00fdch svojich modlitb\u00e1ch a prosb\u00e1ch\u201d<\/em>. Ak na\u0161u ustarostenos\u0165 zver\u00edme P\u00e1novi, m\u00f4\u017ee n\u00e1s niekedy prekvapi\u0165 a pote\u0161i\u0165 ne\u010dakn\u00fdm darom, alebo m\u00f4\u017ee na\u0161e \u010del\u00e1 vyhladi\u0165 poznan\u00edm, \u017ee mnoh\u00e9 z toho, \u010do je v listoch Je\u017ei\u0161kovi &#8211; deti v skuto\u010dnosti nepotrebuj\u00fa, aby boli \u0161\u0165astn\u00e9 a spokojn\u00e9. A to ist\u00e9 plat\u00ed aj o n\u00e1s dospel\u00fdch. <em>\u201cZa v\u0161etko \u010fakujme\u201d<\/em> &#8211; za to, \u010do m\u00e1me, a aj za to, \u017ee to, \u010do nem\u00e1me, ani nepotrebujeme. Za to, \u017ee sme osloboden\u00ed od slova: ma\u0165, slovom: by\u0165!<\/p>\n\n\n\n<p>&nbsp; &nbsp; To, \u010do sa v skuto\u010dnosti ned\u00e1 k\u00fapi\u0165 za peniaze a je pritom pre n\u00e1s ve\u013ek\u00fdm darom, je dar pokoja od Boha. Preto apo\u0161tol sved\u010d\u00ed: <em>\u201cA pokoj Bo\u017e\u00ed, ktor\u00fd prevy\u0161uje ka\u017ed\u00fd rozum, bude h\u00e1ji\u0165 va\u0161e srdcia a va\u0161e mysle v Kristu Je\u017ei\u0161i\u201d.&nbsp;<\/em><\/p>\n\n\n\n<p><em>&nbsp; &nbsp; &nbsp; <\/em>Toto je toti\u017e trval\u00e1 ponuka Vianoc. Ponuka pokoja, aby sme sa vpravde radovali. V\u00f4bec nemus\u00ed \u00eds\u0165 o nejak\u00fa \u0161ou, alebo bl\u00e1zniv\u00fa rados\u0165 vystavovan\u00fa na obdiv. Ide o pokoj do v\u0161etk\u00fdch \u013eudsk\u00fdch s\u0155dc a du\u0161i. Aj t\u00fdch ubolen\u00fdch a sm\u00fatiacih, aj t\u00fdch ustarosten\u00fdch, alebo v nie\u010dom sklaman\u00fdch. Preto sa u\u017e dnes te\u0161me na chv\u00ed\u013eu, ke\u010f budeme znovu po\u010du\u0165 nebesk\u00fa zves\u0165 evanjelia: <em>\u201cSl\u00e1va na v\u00fdsostiach Bohu a na zemi pokoj \u013eu\u010fom dobrej v\u00f4le\u201d. <\/em>P\u00e1n Je\u017ei\u0161 je bl\u00edzko, klope na dvere na\u0161ich s\u0155dc, aby vtedy, ke\u010f je vierou prijat\u00fd, v\u0161etk\u00fdch n\u00e1s pote\u0161il a naplnil pokojom a blahoslavenstvom \u010dasn\u00fdm i ve\u010dn\u00fdm . Amen<\/p>\n\n\n\n<p>&nbsp; &nbsp; &nbsp; &nbsp; 4.adventn\u00e1 nede\u013ea (01) &nbsp; &nbsp; &nbsp; Senica&nbsp; 2019&nbsp; &nbsp; &nbsp; &nbsp; &nbsp; \u013dubom\u00edr Batka st.<br><\/p>\n","protected":false},"excerpt":{"rendered":"<p>&nbsp; &nbsp; Radujme sa, lebo P\u00e1n je bl\u00edzko! F 4, 4 &#8211; 7: \u201cRadujte sa v P\u00e1nu v\u017edycky! Opakujem: radujte sa! (5) Va\u0161a dobrotivos\u0165 nech je zn\u00e1ma v\u0161etk\u00fdm \u013eu\u010fom. P\u00e1n bl\u00edzko! (6) o ni\u010d nebu\u010fte ustarosten\u00ed, ale vo v\u0161etkom s v\u010fakou predkladajte Bohu svoje \u017eiadosti vo v\u0161ekt\u00fdch svojich modlitb\u00e1ch a prosb\u00e1ch. (7) A pokoj Bo\u017e\u00ed, &#8230; <a title=\"Radujme sa, lebo P\u00e1n je bl\u00edzko\" class=\"read-more\" href=\"https:\/\/www.e-anjelik.sk\/index.php\/2019\/12\/19\/radujme-sa-lebo-pan-je-blizko\/\" aria-label=\"Pre\u010d\u00edtajte si viac o Radujme sa, lebo P\u00e1n je bl\u00edzko\">\u010c\u00edta\u0165 viac<\/a><\/p>\n","protected":false},"author":4,"featured_media":0,"comment_status":"open","ping_status":"open","sticky":false,"template":"","format":"standard","meta":{"footnotes":""},"categories":[583,179,121,120,158],"tags":[],"class_list":["post-33109","post","type-post","status-publish","format-standard","hentry","category-4-adventna-nedela","category-advent","category-kazne","category-media","category-senica"],"_links":{"self":[{"href":"https:\/\/www.e-anjelik.sk\/index.php\/wp-json\/wp\/v2\/posts\/33109","targetHints":{"allow":["GET"]}}],"collection":[{"href":"https:\/\/www.e-anjelik.sk\/index.php\/wp-json\/wp\/v2\/posts"}],"about":[{"href":"https:\/\/www.e-anjelik.sk\/index.php\/wp-json\/wp\/v2\/types\/post"}],"author":[{"embeddable":true,"href":"https:\/\/www.e-anjelik.sk\/index.php\/wp-json\/wp\/v2\/users\/4"}],"replies":[{"embeddable":true,"href":"https:\/\/www.e-anjelik.sk\/index.php\/wp-json\/wp\/v2\/comments?post=33109"}],"version-history":[{"count":1,"href":"https:\/\/www.e-anjelik.sk\/index.php\/wp-json\/wp\/v2\/posts\/33109\/revisions"}],"predecessor-version":[{"id":33110,"href":"https:\/\/www.e-anjelik.sk\/index.php\/wp-json\/wp\/v2\/posts\/33109\/revisions\/33110"}],"wp:attachment":[{"href":"https:\/\/www.e-anjelik.sk\/index.php\/wp-json\/wp\/v2\/media?parent=33109"}],"wp:term":[{"taxonomy":"category","embeddable":true,"href":"https:\/\/www.e-anjelik.sk\/index.php\/wp-json\/wp\/v2\/categories?post=33109"},{"taxonomy":"post_tag","embeddable":true,"href":"https:\/\/www.e-anjelik.sk\/index.php\/wp-json\/wp\/v2\/tags?post=33109"}],"curies":[{"name":"wp","href":"https:\/\/api.w.org\/{rel}","templated":true}]}}