{"id":3311,"date":"2011-01-17T10:47:00","date_gmt":"2011-01-17T10:47:00","guid":{"rendered":"http:\/\/e-anjelik.sk\/?p=3311"},"modified":"2011-01-17T10:47:00","modified_gmt":"2011-01-17T10:47:00","slug":"cirkev-sa-ma-koncentrovat-na-zvestovanie-evanjelia","status":"publish","type":"post","link":"https:\/\/www.e-anjelik.sk\/index.php\/2011\/01\/17\/cirkev-sa-ma-koncentrovat-na-zvestovanie-evanjelia\/","title":{"rendered":"Cirkev sa m\u00e1 koncentrova\u0165 na zvestovanie evanjelia"},"content":{"rendered":"<p>Cirkev by sa mala koncentrova\u0165 na svoju hlavn&uacute; &uacute;lohu a \u013eu\u010fom odovzd&aacute;va\u0165 posolstvo o Je\u017ei&scaron;ovi Kristovi v slov&aacute;ch a skutkoch. Povedal to riadite\u013e Domu Evanjelickej aliancie Reinhard Holomer v Bad Blankenburgu na z&aacute;ver alian\u010dn&eacute;ho modlitebn&eacute;ho t&yacute;\u017ed\u0148a . &quot;Svet predsa ne\u010dak&aacute; na politick&eacute; slovo cirkvi. O\u010dak&aacute;va smerovku k ve\u010dn&eacute;mu \u017eivotu, slovo \u017eiv&eacute;ho Boha. Tomu maj&uacute; sl&uacute;\u017ei\u0165 v&scaron;etky aktivity , ktor&eacute; kon&aacute;me v na&scaron;ich cirkv&aacute;ch a dielach. &quot; Alian\u010dn&yacute; modlitebn&yacute; t&yacute;\u017ede\u0148 sa konal&ocirc; tohto roku pod heslom:&quot;Spolo\u010dne sa modli\u0165 a sl&uacute;\u017ei\u0165.&quot; Ide o najstar&scaron;ie nadkonfesion&aacute;lne modlitebn&eacute; hnutie zalo\u017een&eacute; r. 1846. V Eur&oacute;pe sa do\u0148 zapojilo 25 kraj&iacute;n. Nemeck&aacute; evanjelick&aacute; aliancia po\u010d&iacute;ta s mili&oacute;nom \u010dlenov z krajinsk&yacute;ch ev. cirkv&iacute; a slobodn&yacute;ch cirkv&iacute;.<\/p>\n<p>(<a href=\"http:\/\/www.idea.de\">www.idea.de<\/a>)<\/p>\n","protected":false},"excerpt":{"rendered":"<p>Cirkev by sa mala koncentrova\u0165 na svoju hlavn&uacute; &uacute;lohu a \u013eu\u010fom odovzd&aacute;va\u0165 posolstvo o Je\u017ei&scaron;ovi Kristovi v slov&aacute;ch a skutkoch. Povedal to riadite\u013e Domu Evanjelickej aliancie Reinhard Holomer v Bad Blankenburgu na z&aacute;ver alian\u010dn&eacute;ho modlitebn&eacute;ho t&yacute;\u017ed\u0148a . &quot;Svet predsa ne\u010dak&aacute; na politick&eacute; slovo cirkvi. O\u010dak&aacute;va smerovku k ve\u010dn&eacute;mu \u017eivotu, slovo \u017eiv&eacute;ho Boha. Tomu maj&uacute; sl&uacute;\u017ei\u0165 &#8230; <a title=\"Cirkev sa m\u00e1 koncentrova\u0165 na zvestovanie evanjelia\" class=\"read-more\" href=\"https:\/\/www.e-anjelik.sk\/index.php\/2011\/01\/17\/cirkev-sa-ma-koncentrovat-na-zvestovanie-evanjelia\/\" aria-label=\"Pre\u010d\u00edtajte si viac o Cirkev sa m\u00e1 koncentrova\u0165 na zvestovanie evanjelia\">\u010c\u00edta\u0165 viac<\/a><\/p>\n","protected":false},"author":22,"featured_media":0,"comment_status":"open","ping_status":"open","sticky":false,"template":"","format":"standard","meta":{"footnotes":""},"categories":[9,10],"tags":[],"class_list":["post-3311","post","type-post","status-publish","format-standard","hentry","category-europa","category-zo-sveta"],"_links":{"self":[{"href":"https:\/\/www.e-anjelik.sk\/index.php\/wp-json\/wp\/v2\/posts\/3311","targetHints":{"allow":["GET"]}}],"collection":[{"href":"https:\/\/www.e-anjelik.sk\/index.php\/wp-json\/wp\/v2\/posts"}],"about":[{"href":"https:\/\/www.e-anjelik.sk\/index.php\/wp-json\/wp\/v2\/types\/post"}],"author":[{"embeddable":true,"href":"https:\/\/www.e-anjelik.sk\/index.php\/wp-json\/wp\/v2\/users\/22"}],"replies":[{"embeddable":true,"href":"https:\/\/www.e-anjelik.sk\/index.php\/wp-json\/wp\/v2\/comments?post=3311"}],"version-history":[{"count":0,"href":"https:\/\/www.e-anjelik.sk\/index.php\/wp-json\/wp\/v2\/posts\/3311\/revisions"}],"wp:attachment":[{"href":"https:\/\/www.e-anjelik.sk\/index.php\/wp-json\/wp\/v2\/media?parent=3311"}],"wp:term":[{"taxonomy":"category","embeddable":true,"href":"https:\/\/www.e-anjelik.sk\/index.php\/wp-json\/wp\/v2\/categories?post=3311"},{"taxonomy":"post_tag","embeddable":true,"href":"https:\/\/www.e-anjelik.sk\/index.php\/wp-json\/wp\/v2\/tags?post=3311"}],"curies":[{"name":"wp","href":"https:\/\/api.w.org\/{rel}","templated":true}]}}