{"id":33131,"date":"2019-12-23T21:02:36","date_gmt":"2019-12-23T20:02:36","guid":{"rendered":"http:\/\/e-anjelik.sk\/?p=33131"},"modified":"2019-12-23T22:11:08","modified_gmt":"2019-12-23T21:11:08","slug":"pastiersky-list-zboru-biskupov-ecav-k-vianociam-2019","status":"publish","type":"post","link":"https:\/\/www.e-anjelik.sk\/index.php\/2019\/12\/23\/pastiersky-list-zboru-biskupov-ecav-k-vianociam-2019\/","title":{"rendered":"Pastiersky list Zboru biskupov ECAV k Vianociam 2019"},"content":{"rendered":"\n<ul class=\"wp-block-list\"><li>&nbsp;19.12.19<\/li><li>&nbsp;&nbsp;Zbor biskupov ECAV na Slovenskiu<\/li><li>&nbsp;<a href=\"https:\/\/www.ecav.sk\/aktuality\/oznamy\/z-gbu\">&nbsp;Z GB\u00da<\/a><\/li><\/ul>\n\n\n\n<p><a href=\"https:\/\/www.ecav.sk\/rails\/active_storage\/blobs\/eyJfcmFpbHMiOnsibWVzc2FnZSI6IkJBaHBBdEtDIiwiZXhwIjpudWxsLCJwdXIiOiJibG9iX2lkIn19--b2ace25efce83b1a667895f10b7ed2f83c6173f6\/Pastiersky%20list%20Vianoce%202019.pdf\" target=\"_blank\" rel=\"noreferrer noopener\">Pastiersky list Vianoce 2019.pdf<\/a><\/p>\n\n\n\n<p><strong>Vianoce 2019<\/strong><\/p>\n\n\n\n<p>Lk 2, 28<br \/>K\u0148az Simeon vzal Je\u017ei\u0161a na ramen\u00e1, chv\u00e1lil Boha a povedal: Teraz prep\u00fa\u0161\u0165a\u0161, Pane, svojho slu\u017eobn\u00edka pod\u013ea svojho slova v pokoji, lebo moje o\u010di &nbsp;videli Tvoje spasenie.<\/p>\n\n\n\n<p>Lk 2, 37-38<br \/>Anna, osemdesiat\u0161tyri ro\u010dn\u00e1 &nbsp;vdova, nevych\u00e1dzala z chr\u00e1mu, p\u00f4stom a modlitbami sl\u00fa\u017eiac Bohu vo dne v noci. Aj ona prist\u00fapila k nim v t\u00fa ist\u00fa hodinu, chv\u00e1lila Boha a rozpr\u00e1vala o \u0147om v\u0161etk\u00fdm, ktor\u00ed o\u010dak\u00e1vali vyk\u00fapenie Jeruzalema.<\/p>\n\n\n\n<p>Bratia a sestry,<br \/>pr\u00edchod Mesi\u00e1\u0161a je zlomovou udalos\u0165ou pre cel\u00e9 \u013eudstvo. \u010cakali by sme, \u017ee to bud\u00fa predov\u0161etk\u00fdm \u013eudia zhroma\u017eden\u00ed okolo jeruzalemsk\u00e9ho chr\u00e1mu, teda predstavitelia duchovn\u00e9ho \u017eivota izraelsk\u00e9ho n\u00e1roda, ktor\u00ed spoznaj\u00fa v narodenom die\u0165atku Mesi\u00e1\u0161a a Spasite\u013ea. \u010c\u00edtame v\u0161ak o nich prekvapuj\u00facu vec: ke\u010f sa dozvedeli, \u017ee sa narodil \u017eidovsk\u00fd kr\u00e1\u013e, predesil sa Herodes a s n\u00edm aj cel\u00fd Jeruzalem. Nakoniec, niet sa \u010domu \u010dudova\u0165. Bol to predsa Herodes, ktor\u00fd dal vybudova\u0165 honosn\u00fd \u017eidovsk\u00fd chr\u00e1m. Ke\u010f\u017ee s\u00fa svojmu dobrodincovi zaviazan\u00ed, s\u00fa aj loj\u00e1lni. Ke\u010f sa on boj\u00ed o svoje kra\u013eovanie, musia sa b\u00e1\u0165 aj oni.<\/p>\n\n\n\n<p>Herodes dal zavola\u0165, v\u0161etk\u00fdch ve\u013ek\u0148azov a z\u00e1konn\u00edkov, aby sa ich povypytoval, kde sa m\u00e1 narodi\u0165 Mesi\u00e1\u0161. A oni presne vedia, lebo cituj\u00fa slov\u00e1 proroka, \u017ee to bude v Betleheme. Hoci o Mesi\u00e1\u0161ovi vedeli, ni\u010d to pre nich neznamenalo.<\/p>\n\n\n\n<p>Predsa v\u0161ak v Jeruzalemskom chr\u00e1me zostali dvaja \u013eudia, ktor\u00ed Mesi\u00e1\u0161a poznali a priv\u00edtali s ve\u013ekou rados\u0165ou: bol to staru\u010dk\u00fd &nbsp;k\u0148az Simeon a osemdesiat\u0161tyri ro\u010dn\u00e1 vdova, proroky\u0148a Anna.&nbsp;<\/p>\n\n\n\n<p>Zdesenie predstavite\u013eov \u0161t\u00e1tnej moci a n\u00e1bo\u017eensk\u00e9ho \u017eivota vy\u00fastilo do trag\u00e9die. Herodes dal v Betleheme a okol\u00ed povra\u017edi\u0165 v\u0161etky deti do dvoch rokov, so z\u00e1merom zbavi\u0165 sa Je\u017ei\u0161a. Ale stretnutie Simeona a Anny s Je\u017ei\u0161om vy\u00fastilo do po\u017eehnania. Bolo naplnen\u00edm ich \u017eivota. Anna o \u0147om rozpr\u00e1vala v\u0161etk\u00fdm, ktor\u00ed o\u010dak\u00e1vali vyk\u00fapenie Jeruzalema (Lk 2, 38).<\/p>\n\n\n\n<p>T\u00e1to dramatick\u00e1 \u010das\u0165 viano\u010dn\u00e9ho pr\u00edbehu, m\u00e1 svoj siln\u00fd odkaz. Mnoh\u00ed aj v dne\u0161nej cirkvi vedia o Mesi\u00e1\u0161ovi, ale ni\u010d to pre nich neznamen\u00e1. Spoliehaj\u00fa sa sk\u00f4r na moc \u0161t\u00e1tnych predstavite\u013eov, politikov, ekon\u00f3mov. To nikdy nebolo pre cirkev dobr\u00e9.<\/p>\n\n\n\n<p>Naopak t\u00ed, ktor\u00ed verne o\u010dak\u00e1vaj\u00fa na Krista, n\u00e1jdu ozajstn\u00e9 naplnenie svojho \u017eivota.<\/p>\n\n\n\n<p>Simeon a Anna boli star\u00ed \u013eudia na okraji, mo\u017eno zabudnut\u00ed, od ktor\u00fdch zrejme u\u017e nikto ni\u010d ne\u010dakal.Pr\u00e1ve t\u00edto sa stali radostn\u00fdmi svedkami naroden\u00e9ho Spasite\u013ea.<\/p>\n\n\n\n<p>Bratia a sestry, aj v dne\u0161nom \u201ejeruzalemskom chr\u00e1me\u201c, teda v kres\u0165anskej cirkvi, s\u00fa tak\u00ed, \u010do \u00faprimne a verne o\u010dak\u00e1vaj\u00fa P\u00e1na Je\u017ei\u0161a. Mo\u017eno s\u00fa nen\u00e1padn\u00ed, prehliadan\u00ed, niektor\u00ed tie\u017e pokro\u010dil\u00ed vekom, ale presne vedia, kto je Je\u017ei\u0161 Kristus, a akou z\u00e1sadnou vecou je pre \u010dloveka stretnutie s N\u00edm. Nezab\u00fadajme, \u017ee aj spolo\u010dnos\u0165 zhroma\u017eden\u00e1 okolo \u201eHerodesa\u201c ve\u013emi potrebuje po\u010du\u0165 tak\u00e9to svedectvo: teda to, \u017ee n\u00e1s nezachr\u00e1ni ekonomick\u00fd rast, politick\u00e1 \u0161ikovnos\u0165 \u010di vojensk\u00e1 sila, ale stretnutie s Mesi\u00e1\u0161om, Z\u00e1chrancom, &nbsp;ktor\u00fd je P\u00e1n p\u00e1nov a Kr\u00e1\u013e kr\u00e1\u013eov.<\/p>\n\n\n\n<p>Zo srdca si prajeme, aby tak\u00fdchto stretnut\u00ed s Mesi\u00e1\u0161om bolo aj tieto Vianoce \u010do najviac. A z\u00e1rove\u0148 \u010fakujeme v\u0161etk\u00fdm, ktor\u00ed mo\u017eno nen\u00e1padne, ale verne a oddane o\u010dak\u00e1vaj\u00fa na Mesi\u00e1\u0161a: \u010di u\u017e na modlitb\u00e1ch, v praktickej slu\u017ebe, alebo s ochotou finan\u010dne podporova\u0165 odk\u00e1zan\u00fdch. D\u00e1va\u0165 \u010falej to, \u010do od Boha prijali, venova\u0165 to Jemu na \u010des\u0165 a chv\u00e1lu, a by\u0165 tak svedkom pre mnoh\u00fdch je d\u00f4le\u017eit\u00e9. Zvl\u00e1\u0161\u0165 v\u010fa\u010dn\u00ed sme za svedectvo star\u00fdch \u013eud\u00ed. Na\u0161a cirkev je nimi po\u017eehnan\u00e1. Pros\u00edme najm\u00e4 mlad\u0161\u00edch, aby na nich nezab\u00fadali a boli vn\u00edmav\u00ed k ich vz\u00e1cnym \u0161edin\u00e1m a mozo\u013eom.&nbsp;<\/p>\n\n\n\n<p><strong>Prajeme v\u00e1m v\u0161etk\u00fdm, aby stretnutie s Mesi\u00e1\u0161om bolo pre v\u00e1s tou najv\u00e4\u010d\u0161ou rados\u0165ou t\u00fdchto Vianoc a tie\u017e naplnen\u00edm v\u00e1\u0161ho \u017eivota.<\/strong><\/p>\n\n\n\n<p><\/p>\n","protected":false},"excerpt":{"rendered":"<p>&nbsp;19.12.19 &nbsp;&nbsp;Zbor biskupov ECAV na Slovenskiu &nbsp;&nbsp;Z GB\u00da Pastiersky list Vianoce 2019.pdf Vianoce 2019 Lk 2, 28K\u0148az Simeon vzal Je\u017ei\u0161a na ramen\u00e1, chv\u00e1lil Boha a povedal: Teraz prep\u00fa\u0161\u0165a\u0161, Pane, svojho slu\u017eobn\u00edka pod\u013ea svojho slova v pokoji, lebo moje o\u010di &nbsp;videli Tvoje spasenie. Lk 2, 37-38Anna, osemdesiat\u0161tyri ro\u010dn\u00e1 &nbsp;vdova, nevych\u00e1dzala z chr\u00e1mu, p\u00f4stom a modlitbami sl\u00fa\u017eiac &#8230; <a title=\"Pastiersky list Zboru biskupov ECAV k Vianociam 2019\" class=\"read-more\" href=\"https:\/\/www.e-anjelik.sk\/index.php\/2019\/12\/23\/pastiersky-list-zboru-biskupov-ecav-k-vianociam-2019\/\" aria-label=\"Pre\u010d\u00edtajte si viac o Pastiersky list Zboru biskupov ECAV k Vianociam 2019\">\u010c\u00edta\u0165 viac<\/a><\/p>\n","protected":false},"author":4,"featured_media":0,"comment_status":"open","ping_status":"open","sticky":false,"template":"","format":"standard","meta":{"footnotes":""},"categories":[73,177,159,78],"tags":[],"class_list":["post-33131","post","type-post","status-publish","format-standard","hentry","category-ecav","category-gbu","category-vianoce","category-zbor-biskupov-ecav"],"_links":{"self":[{"href":"https:\/\/www.e-anjelik.sk\/index.php\/wp-json\/wp\/v2\/posts\/33131","targetHints":{"allow":["GET"]}}],"collection":[{"href":"https:\/\/www.e-anjelik.sk\/index.php\/wp-json\/wp\/v2\/posts"}],"about":[{"href":"https:\/\/www.e-anjelik.sk\/index.php\/wp-json\/wp\/v2\/types\/post"}],"author":[{"embeddable":true,"href":"https:\/\/www.e-anjelik.sk\/index.php\/wp-json\/wp\/v2\/users\/4"}],"replies":[{"embeddable":true,"href":"https:\/\/www.e-anjelik.sk\/index.php\/wp-json\/wp\/v2\/comments?post=33131"}],"version-history":[{"count":2,"href":"https:\/\/www.e-anjelik.sk\/index.php\/wp-json\/wp\/v2\/posts\/33131\/revisions"}],"predecessor-version":[{"id":33134,"href":"https:\/\/www.e-anjelik.sk\/index.php\/wp-json\/wp\/v2\/posts\/33131\/revisions\/33134"}],"wp:attachment":[{"href":"https:\/\/www.e-anjelik.sk\/index.php\/wp-json\/wp\/v2\/media?parent=33131"}],"wp:term":[{"taxonomy":"category","embeddable":true,"href":"https:\/\/www.e-anjelik.sk\/index.php\/wp-json\/wp\/v2\/categories?post=33131"},{"taxonomy":"post_tag","embeddable":true,"href":"https:\/\/www.e-anjelik.sk\/index.php\/wp-json\/wp\/v2\/tags?post=33131"}],"curies":[{"name":"wp","href":"https:\/\/api.w.org\/{rel}","templated":true}]}}