{"id":33137,"date":"2019-12-24T09:18:29","date_gmt":"2019-12-24T08:18:29","guid":{"rendered":"http:\/\/e-anjelik.sk\/?p=33137"},"modified":"2019-12-24T09:18:29","modified_gmt":"2019-12-24T08:18:29","slug":"daniel-michal-fakla-stedry-vecer","status":"publish","type":"post","link":"https:\/\/www.e-anjelik.sk\/index.php\/2019\/12\/24\/daniel-michal-fakla-stedry-vecer\/","title":{"rendered":"Daniel Michal Fakla &#8211; \u0160TEDR\u00dd VE\u010cER"},"content":{"rendered":"\n<p>Ko\u013ek\u00e1 v tom, Bo\u017ee, n\u00e1dej, ale aj sklamanie,<br>\n\u017ee slep\u00ed, hluch\u00ed naplnia dnes Tvoje chr\u00e1my.<br>\nTam Duch posolstiev len na chv\u00ed\u013eu ich ovanie,<br>\nno potom r\u00fdchlo zabudn\u00fa na svoje dr\u00e1my.<\/p>\n\n\n\n<p>Ko\u013ek\u00e9 v tom, Pane, blaho, ale i tragika,<br>\npri hojnom stole sedie\u0165, s\u00fdtym by\u0165 a v\u017edy s\u00e1m.<br>\nViano\u010dn\u00e9 \u010daro \u010dasto zrakom sklen\u00fdm tak unik\u00e1,<br>\nke\u010f v\u00f4\u0148a detstva s dymom st\u00fapa k nebes\u00e1m.<\/p>\n\n\n\n<p>Pr\u00e1zdne s\u00fa, Kriste, bez Teba v srdciach jasli\u010dky,<br>\naj ke\u010f si pri\u0161iel na svet v zaznanom Betleme&#8230;<br>\nChor\u00ed sme v du\u0161i, biedni, ve\u013ek\u00ed aj mali\u010dk\u00ed&#8230;<br>\nK\u00fdm sa nezrod\u00ed\u0161 aj v n\u00e1s, tak\u00fdmi budeme!<\/p>\n","protected":false},"excerpt":{"rendered":"<p>Ko\u013ek\u00e1 v tom, Bo\u017ee, n\u00e1dej, ale aj sklamanie, \u017ee slep\u00ed, hluch\u00ed naplnia dnes Tvoje chr\u00e1my. Tam Duch posolstiev len na chv\u00ed\u013eu ich ovanie, no potom r\u00fdchlo zabudn\u00fa na svoje dr\u00e1my. Ko\u013ek\u00e9 v tom, Pane, blaho, ale i tragika, pri hojnom stole sedie\u0165, s\u00fdtym by\u0165 a v\u017edy s\u00e1m. Viano\u010dn\u00e9 \u010daro \u010dasto zrakom sklen\u00fdm tak unik\u00e1, ke\u010f &#8230; <a title=\"Daniel Michal Fakla &#8211; \u0160TEDR\u00dd VE\u010cER\" class=\"read-more\" href=\"https:\/\/www.e-anjelik.sk\/index.php\/2019\/12\/24\/daniel-michal-fakla-stedry-vecer\/\" aria-label=\"Pre\u010d\u00edtajte si viac o Daniel Michal Fakla &#8211; \u0160TEDR\u00dd VE\u010cER\">\u010c\u00edta\u0165 viac<\/a><\/p>\n","protected":false},"author":3,"featured_media":0,"comment_status":"open","ping_status":"open","sticky":false,"template":"","format":"standard","meta":{"footnotes":""},"categories":[373],"tags":[],"class_list":["post-33137","post","type-post","status-publish","format-standard","hentry","category-stedry-vecer"],"_links":{"self":[{"href":"https:\/\/www.e-anjelik.sk\/index.php\/wp-json\/wp\/v2\/posts\/33137","targetHints":{"allow":["GET"]}}],"collection":[{"href":"https:\/\/www.e-anjelik.sk\/index.php\/wp-json\/wp\/v2\/posts"}],"about":[{"href":"https:\/\/www.e-anjelik.sk\/index.php\/wp-json\/wp\/v2\/types\/post"}],"author":[{"embeddable":true,"href":"https:\/\/www.e-anjelik.sk\/index.php\/wp-json\/wp\/v2\/users\/3"}],"replies":[{"embeddable":true,"href":"https:\/\/www.e-anjelik.sk\/index.php\/wp-json\/wp\/v2\/comments?post=33137"}],"version-history":[{"count":1,"href":"https:\/\/www.e-anjelik.sk\/index.php\/wp-json\/wp\/v2\/posts\/33137\/revisions"}],"predecessor-version":[{"id":33138,"href":"https:\/\/www.e-anjelik.sk\/index.php\/wp-json\/wp\/v2\/posts\/33137\/revisions\/33138"}],"wp:attachment":[{"href":"https:\/\/www.e-anjelik.sk\/index.php\/wp-json\/wp\/v2\/media?parent=33137"}],"wp:term":[{"taxonomy":"category","embeddable":true,"href":"https:\/\/www.e-anjelik.sk\/index.php\/wp-json\/wp\/v2\/categories?post=33137"},{"taxonomy":"post_tag","embeddable":true,"href":"https:\/\/www.e-anjelik.sk\/index.php\/wp-json\/wp\/v2\/tags?post=33137"}],"curies":[{"name":"wp","href":"https:\/\/api.w.org\/{rel}","templated":true}]}}