{"id":33139,"date":"2019-12-24T12:01:08","date_gmt":"2019-12-24T11:01:08","guid":{"rendered":"http:\/\/e-anjelik.sk\/?p=33139"},"modified":"2019-12-24T12:01:08","modified_gmt":"2019-12-24T11:01:08","slug":"sviatok-adama-a-evy","status":"publish","type":"post","link":"https:\/\/www.e-anjelik.sk\/index.php\/2019\/12\/24\/sviatok-adama-a-evy\/","title":{"rendered":"Sviatok Adama a Evy"},"content":{"rendered":"\n<p><strong>&nbsp;&nbsp; &nbsp; &nbsp; &nbsp; &nbsp; &nbsp; &nbsp; Sviatok Adama a Evy<\/strong>&nbsp;<\/p>\n\n\n\n<p>&nbsp; &nbsp; &nbsp; Dnes je \u0160tedr\u00fd de\u0148. To vie, iste\u017ee, aj mal\u00e9 die\u0165a. Ove\u013ea menej \u013eud\u00ed si uvedom\u00ed, \u017ee dnes s\u00fa v kalend\u00e1ri zazna\u010den\u00e9 hne\u010f dve men\u00e1: Adam a Eva. Ka\u017ed\u00fd nosite\u013e tak\u00e9ho mena m\u00e1 teda dnes svoj sviatok a treba mu blaho\u017eela\u0165.&nbsp;<\/p>\n\n\n\n<p>&nbsp; &nbsp; &nbsp; Ale blaho\u017eela\u0165 si m\u00e1me dnes v skuto\u010dnosti v\u0161etci. My v\u0161etci toti\u017e toto meno nos\u00edme, bez oh\u013eadu na to, ak\u00e9 meno m\u00e1me zap\u00edsan\u00e9 v rodnom liste, alebo v ob\u010dianskom preukaze. Meno Adam je hebrejsk\u00e9 slovo, ktor\u00e9 znamen\u00e1:<em> \u010dlovek i \u013eudia<\/em>. Meno Eva tie\u017e poch\u00e1dza z hebrej\u010diny a znie: <em>Chavv\u00e1,<\/em> doslovne: <em>\u017eivot<\/em>, v zmysle: <em>matka v\u0161etk\u00fdch \u017eiv\u00fdch<\/em>. P\u00edsmo sv\u00e4t\u00e9 oznamuje, \u017ee \u013eud\u00ed (adama) stvoril P\u00e1n Boh a <em>\u201cstvoril ich ako mu\u017ea a \u017eenu\u201d<\/em>. Nie je preto primeran\u00e9 hovori\u0165, \u017ee \u017eena nie je rovnak\u00fd \u010dlovek ako mu\u017e stvoren\u00fd na Bo\u017e\u00ed obraz. Meno Eva dal svojej \u017eene (man\u017eelke) jej man\u017eel, ale a\u017e potom, ke\u010f sa stalo nie\u010do ve\u013emi z\u00e1va\u017en\u00e9.&nbsp;<\/p>\n\n\n\n<p>&nbsp;&nbsp; &nbsp; Obaja toti\u017e zhre\u0161ili. Zhre\u0161ili tak, \u017ee za\u010dali d\u00f4verova\u0165 hadovi, poku\u0161ite\u013eovi, ktor\u00fd zviedol \u017eenu k nevere vo\u010di P\u00e1nu Bohu a k neposlu\u0161nosti vo\u010di Jeho slovu. <em>\u201cHospodin Boh rozk\u00e1zal \u010dloveku: Zo v\u0161etk\u00fdch stromov z\u00e1hrady smie\u0161 jes\u0165, ale zo stromu poznania dobra a zla nesmie\u0161 jes\u0165, lebo v de\u0148, ke\u010f bude\u0161 z neho jes\u0165 istotne zomrie\u0161\u201d. ( 1 M 2,16-17)<\/em> Verzia tohoto Bo\u017eieho slova bola u poku\u0161ite\u013ea in\u00e1. <em>\u201c Had v\u0161ak povedal \u017eene:<\/em> <em>V\u00f4bec nezomriete; lebo Boh vie, \u017ee v ten de\u0148 ke\u010f budete z neho jes\u0165, otvoria sa v\u00e1m o\u010di a budete ako Boh; budete vedie\u0165, \u010do je dobro a \u010do zlo\u201d<\/em>. (1 M 3, 5)<\/p>\n\n\n\n<p>&nbsp;&nbsp; &nbsp; Biblia sved\u010d\u00ed, \u017ee \u013eudia v z\u00e1hrade \u00c9den prestali veri\u0165 P\u00e1nu Bohu, zapochybovali o Jeho l\u00e1ske a dobrote a zat\u00fa\u017eili by\u0165 ako Boh. Bolo to ve\u013ek\u00e9 zlyhanie, ktor\u00e1 malo katastrof\u00e1lny dopad nielen na ich \u017eivot, ale aj na ich potomstvo. V tomto hriechu nevery a neposlu\u0161nosti sa narodil nielen Kain a \u00c1bel ale aj S\u00e9t a v\u0161etky ostatn\u00e9 deti a potomkovia. \u013dudia spoznali v\u0161ak iba to, \u017ee<em> \u201cs\u00fa nah\u00ed\u201d. <\/em>\u010co to znamen\u00e1? Spoznali hol\u00fa pravdu o sebe a v\u0161etk\u00fdch, ktor\u00ed rovnako ako oni t\u00fa\u017eia po bohorovnosti. Tento hriech, zahniezden\u00fd a zakorenen\u00fd v du\u0161i a v duchu \u010doveka priniesol <em>\u201cvyhnanie zo z\u00e1hrady a stratu pr\u00edstupu k stromu \u017eivota.\u201d<\/em><\/p>\n\n\n\n<p>&nbsp; &nbsp; &nbsp; Nielen prv\u00fd \u201cAdam a&nbsp;Eva\u201d boli t\u00ed, ktor\u00ed zlyhali pri vo\u013ebe priority svojho \u017eivota. D\u00f4sledkom ich zlej vo\u013eby a&nbsp;neposlu\u0161nosti vo\u010di Stvorite\u013eovi zost\u00e1va naru\u0161en\u00fd vz\u0165ah s&nbsp;Otcom nebesk\u00fdm a&nbsp;Darcom v\u0161etk\u00fdch dobr\u00fdch a&nbsp;dokonal\u00fdch darov. V\u0161etci zis\u0165ujme to, \u010do si uvedomoval aj apo\u0161tol Pavel: <em>\u201cV\u0161etci zhre\u0161ili v Adamovi\u201d.<\/em>&nbsp;<\/p>\n\n\n\n<p>&nbsp;&nbsp; &nbsp; &nbsp; P\u00e1d do hriechu znamenal vytvorenie \u201c\u017eeleznej opony\u201d, ktor\u00e1 odde\u013euje t\u00fdch, ktor\u00ed maj\u00fa \u017ei\u0165 v&nbsp;l\u00e1ske, pokoji a&nbsp;radosti, \u010di\u017ee prin\u00e1\u0161a aj naru\u0161en\u00fd vz\u0165ah medzi \u013eu\u010fmi, medzi man\u017eelmi.&nbsp;<\/p>\n\n\n\n<p>&nbsp; &nbsp; &nbsp; &nbsp; \u013dudia \u201craj\u201d stratili a zostali tak trvalo odl\u00fa\u010den\u00ed od P\u00e1na Boha Do ich s\u0155dc vst\u00fapil strach. Strach pred P\u00e1nom Bohom, ktor\u00e9ho hnevu a&nbsp;trestu sa ob\u00e1vali, ale aj strach jedn\u00e9ho pred druh\u00fdm. Strach \u017eeny pred n\u00e1sil\u00edm mu\u017ea a strach mu\u017ea pred zradou a stratou l\u00e1sky. Strach a vz\u00e1jomn\u00e1 ned\u00f4vera, i snaha ovl\u00e1da\u0165 jeden druh\u00e9ho.<\/p>\n\n\n\n<p>Tento strach ovl\u00e1dol nielen \u017eivot prv\u00fdch man\u017eelov, ale i \u017eivot ich potomkov. To je \u00faroda u\u017e prvotnej sejby, ktor\u00fa vykonal a vykon\u00e1va Bo\u017e\u00ed nepriate\u013e. A poku\u0161ite\u013e ju kon\u00e1 opakovane, ak dostane priestor \u201cobsia\u0165\u201d svoj\u00edm jedovat\u00fdm slovom na\u0161e srdce.<\/p>\n\n\n\n<p>&nbsp; &nbsp; &nbsp; V jednom pr\u00edpade v\u0161ak poku\u0161ite\u013eova sejba \u00faspe\u0161n\u00e1 nebola.&nbsp;<\/p>\n\n\n\n<p>Vtedy, ke\u010f pri\u0161iel <em>\u201cdruh\u00fd Adam\u201d<\/em>, prav\u00fd \u010dlovek. Bol po\u010dat\u00fd bez hriechu, mocou Ducha Sv\u00e4t\u00e9ho. Narodil sa s\u00edce zo \u017eeny, ale mocou Ducha Sv\u00e4t\u00e9ho v poku\u0161eniach obst\u00e1l a nad poku\u0161ite\u0161om, diablom zv\u00ed\u0165azil. Dodajme, \u017ee n\u00edm je Die\u0165a Je\u017ei\u0161, naroden\u00fd v Beteheme, Syn Bo\u017e\u00ed a syn M\u00e1rie, \u010dloveka.<\/p>\n\n\n\n<p>&nbsp; &nbsp; Jeho prv\u00fd pr\u00edchod oslavujeme v cirkvi v\u017edy nanovo, lebo znamen\u00e1 za\u010diatok cesty k n\u00e1\u0161mu vyk\u00fapeniu z ka\u017edej zlej moci: hriechu, moci poku\u0161ite\u013ea i z moci smrti. Tak nastal \u201cnov\u00fd vek\u201d, nov\u00fd \u010das a nov\u00e9 obdobie v dejin\u00e1ch. Sviatok Adama a Evy je sviatkom aj tohoto druh\u00e9ho Adama, zas\u013e\u00fabeneho potomka \u017eeny, ktor\u00fd diabla poraz\u00ed \u201cna hlavu\u201d.<\/p>\n\n\n\n<p>&nbsp; &nbsp; Nech sa nikto nediv\u00ed, \u017ee tento pr\u00edchod vyvol\u00e1va vlnu nov\u00fdch a nov\u00fdch em\u00f3ci\u00ed radosti, vlnu nad\u0161enia, radostn\u00e9ho spevu a v\u010faky n\u00e1\u0161mu spolo\u010dn\u00e9mu nebesk\u00e9mu Otcovi. V advente je to len tich\u00e1, mo\u017eno lep\u0161ie povedan\u00e9: tlmen\u00e1 rados\u0165. Inak to je na \u0160tedr\u00fd de\u0148 a najm\u00e4 na \u0160tedr\u00fd ve\u010der! Tu u\u017e nielen prepuk\u00e1 v\u0161eobecn\u00e1 rados\u0165, ale aj primerane mohutn\u00fd spev ch\u00f3rov nebesk\u00fdch i t\u00fdch pozemsk\u00fdch.<\/p>\n\n\n\n<p>&nbsp; &nbsp; &nbsp; &nbsp; &nbsp; &nbsp; &nbsp; &nbsp; &nbsp; &nbsp; &nbsp; &nbsp;<em> \u201c\u010clove\u010de, neboj sa zl\u00e9ho!&nbsp;<\/em><\/p>\n\n\n\n<p><em>&nbsp;&nbsp; &nbsp; &nbsp; &nbsp; &nbsp; &nbsp; &nbsp; &nbsp; &nbsp; &nbsp; &nbsp; &nbsp; Vykupite\u013ea m\u00e1\u0161 mocn\u00e9ho,<\/em><\/p>\n\n\n\n<p><em>&nbsp;&nbsp; &nbsp; &nbsp; &nbsp; &nbsp; &nbsp; &nbsp; &nbsp; &nbsp; &nbsp; &nbsp; &nbsp; v z\u00e1pase s hriechom pom\u00e1ha;<\/em><\/p>\n\n\n\n<p><em>&nbsp;&nbsp; &nbsp; &nbsp; &nbsp; &nbsp; &nbsp; &nbsp; &nbsp; &nbsp; &nbsp; &nbsp; &nbsp; aj s odvek\u00fdm nepriate\u013eom<\/em><\/p>\n\n\n\n<p><em>&nbsp;&nbsp; &nbsp; &nbsp; &nbsp; &nbsp; &nbsp; &nbsp; &nbsp; &nbsp; &nbsp; &nbsp; &nbsp; v\u00ed\u0165azstvo je so Spasite\u013eom,<\/em><\/p>\n\n\n\n<p><em>&nbsp;&nbsp; &nbsp; &nbsp; &nbsp; &nbsp; &nbsp; &nbsp; &nbsp; &nbsp; &nbsp; &nbsp; &nbsp; ktor\u00fd ka\u017ed\u00e9 zlo prem\u00e1ha.<\/em><\/p>\n\n\n\n<p><em>&nbsp;&nbsp; &nbsp; &nbsp; &nbsp; &nbsp; &nbsp; &nbsp; &nbsp; &nbsp; &nbsp; &nbsp; &nbsp; Spievaj \u017ealm radosti,<\/em><\/p>\n\n\n\n<p><em>&nbsp;&nbsp; &nbsp; &nbsp; &nbsp; &nbsp; &nbsp; &nbsp; &nbsp; &nbsp; &nbsp; &nbsp; &nbsp; sl\u00e1va na v\u00fdsosti<\/em><\/p>\n\n\n\n<p><em>&nbsp;&nbsp; &nbsp; &nbsp; &nbsp; &nbsp; &nbsp; &nbsp; &nbsp; &nbsp; &nbsp; &nbsp; &nbsp; Hospodinu<\/em><\/p>\n\n\n\n<p><em>&nbsp;&nbsp; &nbsp; &nbsp; &nbsp; &nbsp; &nbsp; &nbsp; &nbsp; &nbsp; &nbsp; &nbsp; &nbsp; za spasenie,<\/em><\/p>\n\n\n\n<p><em>&nbsp;&nbsp; &nbsp; &nbsp; &nbsp; &nbsp; &nbsp; &nbsp; &nbsp; &nbsp; &nbsp; &nbsp; &nbsp; vyk\u00fapenie,<\/em><\/p>\n\n\n\n<p><em>&nbsp;&nbsp; &nbsp; &nbsp; &nbsp; &nbsp; &nbsp; &nbsp; &nbsp; &nbsp; &nbsp; &nbsp; &nbsp; ktor\u00e9 n\u00e1m dal v Kristu P\u00e1nu!\u201d&nbsp; (ESP 9, 3)<\/em><\/p>\n\n\n\n<p>&nbsp;&nbsp; &nbsp; &nbsp; &nbsp; &nbsp; &nbsp; &nbsp; &nbsp; &nbsp; &nbsp; &nbsp; &nbsp; &nbsp; &nbsp; &nbsp; &nbsp; &nbsp; Haleluja!<\/p>\n\n\n\n<p>&nbsp;&nbsp; &nbsp; &nbsp; \u0160tedr\u00fd de\u0148 2019 &nbsp; &nbsp; &nbsp; &nbsp; &nbsp; &nbsp; &nbsp; &nbsp; &nbsp; Senica &nbsp; &nbsp; &nbsp; &nbsp; &nbsp; &nbsp; \u013dubom\u00edr Batka st.<br><\/p>\n","protected":false},"excerpt":{"rendered":"<p>&nbsp;&nbsp; &nbsp; &nbsp; &nbsp; &nbsp; &nbsp; &nbsp; Sviatok Adama a Evy&nbsp; &nbsp; &nbsp; &nbsp; Dnes je \u0160tedr\u00fd de\u0148. To vie, iste\u017ee, aj mal\u00e9 die\u0165a. Ove\u013ea menej \u013eud\u00ed si uvedom\u00ed, \u017ee dnes s\u00fa v kalend\u00e1ri zazna\u010den\u00e9 hne\u010f dve men\u00e1: Adam a Eva. Ka\u017ed\u00fd nosite\u013e tak\u00e9ho mena m\u00e1 teda dnes svoj sviatok a treba mu blaho\u017eela\u0165.&nbsp; &nbsp; &#8230; <a title=\"Sviatok Adama a Evy\" class=\"read-more\" href=\"https:\/\/www.e-anjelik.sk\/index.php\/2019\/12\/24\/sviatok-adama-a-evy\/\" aria-label=\"Pre\u010d\u00edtajte si viac o Sviatok Adama a Evy\">\u010c\u00edta\u0165 viac<\/a><\/p>\n","protected":false},"author":4,"featured_media":0,"comment_status":"open","ping_status":"open","sticky":false,"template":"","format":"standard","meta":{"footnotes":""},"categories":[49,159],"tags":[],"class_list":["post-33139","post","type-post","status-publish","format-standard","hentry","category-biblia","category-vianoce"],"_links":{"self":[{"href":"https:\/\/www.e-anjelik.sk\/index.php\/wp-json\/wp\/v2\/posts\/33139","targetHints":{"allow":["GET"]}}],"collection":[{"href":"https:\/\/www.e-anjelik.sk\/index.php\/wp-json\/wp\/v2\/posts"}],"about":[{"href":"https:\/\/www.e-anjelik.sk\/index.php\/wp-json\/wp\/v2\/types\/post"}],"author":[{"embeddable":true,"href":"https:\/\/www.e-anjelik.sk\/index.php\/wp-json\/wp\/v2\/users\/4"}],"replies":[{"embeddable":true,"href":"https:\/\/www.e-anjelik.sk\/index.php\/wp-json\/wp\/v2\/comments?post=33139"}],"version-history":[{"count":1,"href":"https:\/\/www.e-anjelik.sk\/index.php\/wp-json\/wp\/v2\/posts\/33139\/revisions"}],"predecessor-version":[{"id":33140,"href":"https:\/\/www.e-anjelik.sk\/index.php\/wp-json\/wp\/v2\/posts\/33139\/revisions\/33140"}],"wp:attachment":[{"href":"https:\/\/www.e-anjelik.sk\/index.php\/wp-json\/wp\/v2\/media?parent=33139"}],"wp:term":[{"taxonomy":"category","embeddable":true,"href":"https:\/\/www.e-anjelik.sk\/index.php\/wp-json\/wp\/v2\/categories?post=33139"},{"taxonomy":"post_tag","embeddable":true,"href":"https:\/\/www.e-anjelik.sk\/index.php\/wp-json\/wp\/v2\/tags?post=33139"}],"curies":[{"name":"wp","href":"https:\/\/api.w.org\/{rel}","templated":true}]}}