{"id":3314,"date":"2011-01-17T12:02:20","date_gmt":"2011-01-17T12:02:20","guid":{"rendered":"http:\/\/e-anjelik.sk\/?p=3314"},"modified":"2011-01-17T12:02:20","modified_gmt":"2011-01-17T12:02:20","slug":"lipska-misijna-praca-oslavuje-175-rokov-od-svojho-zalozenia","status":"publish","type":"post","link":"https:\/\/www.e-anjelik.sk\/index.php\/2011\/01\/17\/lipska-misijna-praca-oslavuje-175-rokov-od-svojho-zalozenia\/","title":{"rendered":"Lipsk\u00e1 misijn\u00e1 pr\u00e1ca oslavuje 175 rokov od svojho zalo\u017eenia"},"content":{"rendered":"<p>V tomto roku oslavuje Lipsk&aacute; misijn&aacute; pr&aacute;ca 175. v&yacute;ro\u010die&nbsp; svojho zalo\u017eenia. Po\u010das cel&eacute;ho roka sa bud&uacute; kona\u0165 akcie. 25. janu&aacute;ra t.r.&nbsp;sa&nbsp; jubileum pripomenie predn&aacute;&scaron;kami a v&yacute;stavou o Indii vo Franckeho &uacute;stave v Halle. Do Indie toti\u017e boli vyslan&iacute; prv&iacute; mision&aacute;ri z Lipska. Vyvrcholen&iacute;m bud&uacute; oslavy 1.-3. j&uacute;la t.r. s&nbsp; mottom: &quot;Misia &#8211; zdie\u013eanie sp&aacute;ja.&quot; Na oslav&aacute;ch bud&uacute; z&aacute;stupcovia partnersk&yacute;ch cirkv&iacute; z Indie, Tanz&aacute;nie a Papuy -Novej Guiney.Na sl&aacute;vnostn&yacute;ch bohoslu\u017eb&aacute;ch 3.j&uacute;la bude k&aacute;za\u0165 krajinsk&yacute; biskup Jochen Bohl z Dr&aacute;\u017e\u010fan. Okrem toho sa pr&aacute;ca predstav&iacute; na Kirchentagu v Dr&aacute;\u017e\u010fanoch a rozhlasov&yacute;mi sl. Bo\u017e&iacute;mi&nbsp;na Pamiatku reform&aacute;cie 31.okt. v r&aacute;diu MDR.&nbsp;Lipsk&uacute; misiu dnes podporuj&uacute; : Ev.luter&aacute;nska krajinsk&aacute; cirkev Saska a Mecklenburska a Ev. cirkev Stredn&eacute;ho Nemecka.&nbsp;&nbsp;<\/p>\n<p>(<a href=\"http:\/\/www.idea.de\">www.idea.de<\/a>)<\/p>\n","protected":false},"excerpt":{"rendered":"<p>V tomto roku oslavuje Lipsk&aacute; misijn&aacute; pr&aacute;ca 175. v&yacute;ro\u010die&nbsp; svojho zalo\u017eenia. Po\u010das cel&eacute;ho roka sa bud&uacute; kona\u0165 akcie. 25. janu&aacute;ra t.r.&nbsp;sa&nbsp; jubileum pripomenie predn&aacute;&scaron;kami a v&yacute;stavou o Indii vo Franckeho &uacute;stave v Halle. Do Indie toti\u017e boli vyslan&iacute; prv&iacute; mision&aacute;ri z Lipska. Vyvrcholen&iacute;m bud&uacute; oslavy 1.-3. j&uacute;la t.r. s&nbsp; mottom: &quot;Misia &#8211; zdie\u013eanie sp&aacute;ja.&quot; Na &#8230; <a title=\"Lipsk\u00e1 misijn\u00e1 pr\u00e1ca oslavuje 175 rokov od svojho zalo\u017eenia\" class=\"read-more\" href=\"https:\/\/www.e-anjelik.sk\/index.php\/2011\/01\/17\/lipska-misijna-praca-oslavuje-175-rokov-od-svojho-zalozenia\/\" aria-label=\"Pre\u010d\u00edtajte si viac o Lipsk\u00e1 misijn\u00e1 pr\u00e1ca oslavuje 175 rokov od svojho zalo\u017eenia\">\u010c\u00edta\u0165 viac<\/a><\/p>\n","protected":false},"author":22,"featured_media":0,"comment_status":"open","ping_status":"open","sticky":false,"template":"","format":"standard","meta":{"footnotes":""},"categories":[1],"tags":[242],"class_list":["post-3314","post","type-post","status-publish","format-standard","hentry","category-adventna-modlitba","tag-slavnosti"],"_links":{"self":[{"href":"https:\/\/www.e-anjelik.sk\/index.php\/wp-json\/wp\/v2\/posts\/3314","targetHints":{"allow":["GET"]}}],"collection":[{"href":"https:\/\/www.e-anjelik.sk\/index.php\/wp-json\/wp\/v2\/posts"}],"about":[{"href":"https:\/\/www.e-anjelik.sk\/index.php\/wp-json\/wp\/v2\/types\/post"}],"author":[{"embeddable":true,"href":"https:\/\/www.e-anjelik.sk\/index.php\/wp-json\/wp\/v2\/users\/22"}],"replies":[{"embeddable":true,"href":"https:\/\/www.e-anjelik.sk\/index.php\/wp-json\/wp\/v2\/comments?post=3314"}],"version-history":[{"count":0,"href":"https:\/\/www.e-anjelik.sk\/index.php\/wp-json\/wp\/v2\/posts\/3314\/revisions"}],"wp:attachment":[{"href":"https:\/\/www.e-anjelik.sk\/index.php\/wp-json\/wp\/v2\/media?parent=3314"}],"wp:term":[{"taxonomy":"category","embeddable":true,"href":"https:\/\/www.e-anjelik.sk\/index.php\/wp-json\/wp\/v2\/categories?post=3314"},{"taxonomy":"post_tag","embeddable":true,"href":"https:\/\/www.e-anjelik.sk\/index.php\/wp-json\/wp\/v2\/tags?post=3314"}],"curies":[{"name":"wp","href":"https:\/\/api.w.org\/{rel}","templated":true}]}}