{"id":3315,"date":"2011-01-17T12:16:27","date_gmt":"2011-01-17T12:16:27","guid":{"rendered":"http:\/\/e-anjelik.sk\/?p=3315"},"modified":"2011-01-17T12:16:27","modified_gmt":"2011-01-17T12:16:27","slug":"papezskiu-akademiu-vied-vedie-protestant","status":"publish","type":"post","link":"https:\/\/www.e-anjelik.sk\/index.php\/2011\/01\/17\/papezskiu-akademiu-vied-vedie-protestant\/","title":{"rendered":"P\u00e1pe\u017eski\u00fa akad\u00e9miu vied vedie protestant"},"content":{"rendered":"<p>Prv&yacute; raz v hist&oacute;rii je na \u010dele P&aacute;pe\u017eskej akad&eacute;mie vied protestant. P&aacute;pe\u017e Benedikt XVI. za jej predsedu vymenoval 81-ro\u010dn&eacute;ho &scaron;vaj\u010diarsk&eacute;ho mikrobiol&oacute;ga a genetika prof. Wernera Arbera z Bazileja. Arber je nosite\u013eom Nobelovej ceny za medic&iacute;nu z r. 1978 a je \u010dlenom evanjelicko-reformovanej cirkvi. Akad&eacute;miu pred vy&scaron;e 400 rokmi zalo\u017eil p&aacute;pe\u017e Klement VIII. Patr&iacute; do nej 80 svetozn&aacute;mych akademikov, z nich viac ako 20 s&uacute; nosite\u013emi Nobelovej ceny.<\/p>\n<p>(<a href=\"http:\/\/www.idea.de\">www.idea.de<\/a>)<\/p>\n","protected":false},"excerpt":{"rendered":"<p>Prv&yacute; raz v hist&oacute;rii je na \u010dele P&aacute;pe\u017eskej akad&eacute;mie vied protestant. P&aacute;pe\u017e Benedikt XVI. za jej predsedu vymenoval 81-ro\u010dn&eacute;ho &scaron;vaj\u010diarsk&eacute;ho mikrobiol&oacute;ga a genetika prof. Wernera Arbera z Bazileja. Arber je nosite\u013eom Nobelovej ceny za medic&iacute;nu z r. 1978 a je \u010dlenom evanjelicko-reformovanej cirkvi. Akad&eacute;miu pred vy&scaron;e 400 rokmi zalo\u017eil p&aacute;pe\u017e Klement VIII. Patr&iacute; do nej &#8230; <a title=\"P\u00e1pe\u017eski\u00fa akad\u00e9miu vied vedie protestant\" class=\"read-more\" href=\"https:\/\/www.e-anjelik.sk\/index.php\/2011\/01\/17\/papezskiu-akademiu-vied-vedie-protestant\/\" aria-label=\"Pre\u010d\u00edtajte si viac o P\u00e1pe\u017eski\u00fa akad\u00e9miu vied vedie protestant\">\u010c\u00edta\u0165 viac<\/a><\/p>\n","protected":false},"author":22,"featured_media":0,"comment_status":"open","ping_status":"open","sticky":false,"template":"","format":"standard","meta":{"footnotes":""},"categories":[2],"tags":[],"class_list":["post-3315","post","type-post","status-publish","format-standard","hentry","category-ekumena"],"_links":{"self":[{"href":"https:\/\/www.e-anjelik.sk\/index.php\/wp-json\/wp\/v2\/posts\/3315","targetHints":{"allow":["GET"]}}],"collection":[{"href":"https:\/\/www.e-anjelik.sk\/index.php\/wp-json\/wp\/v2\/posts"}],"about":[{"href":"https:\/\/www.e-anjelik.sk\/index.php\/wp-json\/wp\/v2\/types\/post"}],"author":[{"embeddable":true,"href":"https:\/\/www.e-anjelik.sk\/index.php\/wp-json\/wp\/v2\/users\/22"}],"replies":[{"embeddable":true,"href":"https:\/\/www.e-anjelik.sk\/index.php\/wp-json\/wp\/v2\/comments?post=3315"}],"version-history":[{"count":0,"href":"https:\/\/www.e-anjelik.sk\/index.php\/wp-json\/wp\/v2\/posts\/3315\/revisions"}],"wp:attachment":[{"href":"https:\/\/www.e-anjelik.sk\/index.php\/wp-json\/wp\/v2\/media?parent=3315"}],"wp:term":[{"taxonomy":"category","embeddable":true,"href":"https:\/\/www.e-anjelik.sk\/index.php\/wp-json\/wp\/v2\/categories?post=3315"},{"taxonomy":"post_tag","embeddable":true,"href":"https:\/\/www.e-anjelik.sk\/index.php\/wp-json\/wp\/v2\/tags?post=3315"}],"curies":[{"name":"wp","href":"https:\/\/api.w.org\/{rel}","templated":true}]}}