{"id":33155,"date":"2019-12-25T20:39:26","date_gmt":"2019-12-25T19:39:26","guid":{"rendered":"http:\/\/e-anjelik.sk\/?p=33155"},"modified":"2019-12-27T23:19:06","modified_gmt":"2019-12-27T22:19:06","slug":"tomas-gall-modlitba","status":"publish","type":"post","link":"https:\/\/www.e-anjelik.sk\/index.php\/2019\/12\/25\/tomas-gall-modlitba\/","title":{"rendered":"Tom\u00e1\u0161 G\u00e1ll &#8211; MODLITBA"},"content":{"rendered":"\n<p>Modlitba na\u0161a k Tebe vzn\u00e1\u0161a sa,<br>\no, Bo\u017ee, hodn\u00fd nekone\u010dnej chv\u00e1ly.<br>\nZa v\u0161etko, \u010do n\u00e1m Tvoj Syn prin\u00e1\u0161a,<br>\nza v\u0161etko, \u010do sme z Tvojej l\u00e1sky vzali.<\/p>\n\n\n\n<p>\u010cuj, Ot\u010de, ka\u017ed\u00fd v\u010faky pln\u00fd hlas,<br>\nza milos\u0165, \u010do sa v jasliach k \u013eudstvu skl\u00e1\u0148a,<br>\n\u010do chce n\u00e1m pom\u00f4c\u0165 nies\u0165 kr\u00ed\u017e, ka\u017ed\u00fa tia\u017e,<br>\ndo temnej noci prinies\u0165 \u00fasvit r\u00e1na.<\/p>\n\n\n\n<p>Nu\u017e, v\u010faka za Dar, dan\u00fd ku pomoci,<br>\nv Die\u0165ati \u2013 Kristu v\u0161etk\u00fdm dan\u00fd.<br>\nLen pom\u00f4\u017e, Bo\u017ee, nech n\u00e1s zloba nezasko\u010d\u00ed-<br>\nA sp\u00e1su nevyrve n\u00e1m z na\u0161ich dlan\u00ed.<\/p>\n\n\n\n<p>Na\u010falej, Bo\u017ee, len do Tvojej moci<br>\nsa por\u00fa\u010dame, ria\u010f n\u00e1s mocne s\u00e1m.<br>\nTy ka\u017edodenne bu\u010f n\u00e1m n\u00e1pomocn\u00fd.<br>\nSrdcia zme\u0148 na chr\u00e1m, kde je Kristus P\u00e1n.<\/p>\n","protected":false},"excerpt":{"rendered":"<p>Modlitba na\u0161a k Tebe vzn\u00e1\u0161a sa, o, Bo\u017ee, hodn\u00fd nekone\u010dnej chv\u00e1ly. Za v\u0161etko, \u010do n\u00e1m Tvoj Syn prin\u00e1\u0161a, za v\u0161etko, \u010do sme z Tvojej l\u00e1sky vzali. \u010cuj, Ot\u010de, ka\u017ed\u00fd v\u010faky pln\u00fd hlas, za milos\u0165, \u010do sa v jasliach k \u013eudstvu skl\u00e1\u0148a, \u010do chce n\u00e1m pom\u00f4c\u0165 nies\u0165 kr\u00ed\u017e, ka\u017ed\u00fa tia\u017e, do temnej noci prinies\u0165 \u00fasvit r\u00e1na. &#8230; <a title=\"Tom\u00e1\u0161 G\u00e1ll &#8211; MODLITBA\" class=\"read-more\" href=\"https:\/\/www.e-anjelik.sk\/index.php\/2019\/12\/25\/tomas-gall-modlitba\/\" aria-label=\"Pre\u010d\u00edtajte si viac o Tom\u00e1\u0161 G\u00e1ll &#8211; MODLITBA\">\u010c\u00edta\u0165 viac<\/a><\/p>\n","protected":false},"author":3,"featured_media":0,"comment_status":"open","ping_status":"open","sticky":false,"template":"","format":"standard","meta":{"footnotes":""},"categories":[165,159],"tags":[],"class_list":["post-33155","post","type-post","status-publish","format-standard","hentry","category-poezia-2","category-vianoce"],"_links":{"self":[{"href":"https:\/\/www.e-anjelik.sk\/index.php\/wp-json\/wp\/v2\/posts\/33155","targetHints":{"allow":["GET"]}}],"collection":[{"href":"https:\/\/www.e-anjelik.sk\/index.php\/wp-json\/wp\/v2\/posts"}],"about":[{"href":"https:\/\/www.e-anjelik.sk\/index.php\/wp-json\/wp\/v2\/types\/post"}],"author":[{"embeddable":true,"href":"https:\/\/www.e-anjelik.sk\/index.php\/wp-json\/wp\/v2\/users\/3"}],"replies":[{"embeddable":true,"href":"https:\/\/www.e-anjelik.sk\/index.php\/wp-json\/wp\/v2\/comments?post=33155"}],"version-history":[{"count":1,"href":"https:\/\/www.e-anjelik.sk\/index.php\/wp-json\/wp\/v2\/posts\/33155\/revisions"}],"predecessor-version":[{"id":33156,"href":"https:\/\/www.e-anjelik.sk\/index.php\/wp-json\/wp\/v2\/posts\/33155\/revisions\/33156"}],"wp:attachment":[{"href":"https:\/\/www.e-anjelik.sk\/index.php\/wp-json\/wp\/v2\/media?parent=33155"}],"wp:term":[{"taxonomy":"category","embeddable":true,"href":"https:\/\/www.e-anjelik.sk\/index.php\/wp-json\/wp\/v2\/categories?post=33155"},{"taxonomy":"post_tag","embeddable":true,"href":"https:\/\/www.e-anjelik.sk\/index.php\/wp-json\/wp\/v2\/tags?post=33155"}],"curies":[{"name":"wp","href":"https:\/\/api.w.org\/{rel}","templated":true}]}}