{"id":3316,"date":"2011-01-18T08:53:43","date_gmt":"2011-01-18T08:53:43","guid":{"rendered":"http:\/\/e-anjelik.sk\/?p=3316"},"modified":"2011-01-18T08:53:43","modified_gmt":"2011-01-18T08:53:43","slug":"v-pribeniku-otvorili-krizove-centrum-pre-matka-a-deti","status":"publish","type":"post","link":"https:\/\/www.e-anjelik.sk\/index.php\/2011\/01\/18\/v-pribeniku-otvorili-krizove-centrum-pre-matka-a-deti\/","title":{"rendered":"V Pribeniku otvorili kr\u00edzov\u00e9 centrum pre matka a deti"},"content":{"rendered":"<p>V obci ju\u017ene od Kr&aacute;\u013eovsk&eacute;ho Chlmca,okres Trebi&scaron;ov, v Pribeniku za\u010diatkom t.r. otvorili kr&iacute;zov&eacute; centrum pre deti a matky s n&aacute;zvom Dobr&yacute; pastier. Iniciatorkou p&ocirc;vodne detsk&eacute;ho domova bola od r. 2004 ,kedy bola pre tento &uacute;\u010del zalo\u017een&aacute; neziskov&aacute; organiz&aacute;cia Dobr&yacute; pastier, miestna far&aacute;rka Reformovanej kres\u0165anskej cirkvi na Slovensku Eva Koz&aacute;rov&aacute;. Dom m&aacute; kapacitu 15 miest, doteraz Ko&scaron;ick&aacute; \u017eupa prispieva na osem miest sumou 2 tis&iacute;c &euro; ro\u010dne,\u010do je ve\u013emi m&aacute;lo a nesta\u010d&iacute; na prev&aacute;dzku. U\u017e teraz dom ob&yacute;va 12 os&ocirc;b.&nbsp;Na zak&uacute;penie poschodov&eacute;ho domu v hodnote 26 555 &euro; prispeli darmi veriaci z obce,zo Slovenska i MR, najm&auml; &Uacute;rad predsedu vl&aacute;dy MR sumou 5 a pol. mili&oacute;na forintov. My&scaron;lienky postavi\u0165 Detsk&yacute; domov sa kazate\u013eka nevzd&aacute;va. Chce organizova\u0165 zbierku doma na Slovensku, v MR , &Scaron;vaj\u010diarsku i v N&oacute;rsku.<\/p>\n<p>(<a href=\"http:\/\/www.reformata.sk\">www.reformata.sk<\/a>)<\/p>\n","protected":false},"excerpt":{"rendered":"<p>V obci ju\u017ene od Kr&aacute;\u013eovsk&eacute;ho Chlmca,okres Trebi&scaron;ov, v Pribeniku za\u010diatkom t.r. otvorili kr&iacute;zov&eacute; centrum pre deti a matky s n&aacute;zvom Dobr&yacute; pastier. Iniciatorkou p&ocirc;vodne detsk&eacute;ho domova bola od r. 2004 ,kedy bola pre tento &uacute;\u010del zalo\u017een&aacute; neziskov&aacute; organiz&aacute;cia Dobr&yacute; pastier, miestna far&aacute;rka Reformovanej kres\u0165anskej cirkvi na Slovensku Eva Koz&aacute;rov&aacute;. Dom m&aacute; kapacitu 15 miest, doteraz &#8230; <a title=\"V Pribeniku otvorili kr\u00edzov\u00e9 centrum pre matka a deti\" class=\"read-more\" href=\"https:\/\/www.e-anjelik.sk\/index.php\/2011\/01\/18\/v-pribeniku-otvorili-krizove-centrum-pre-matka-a-deti\/\" aria-label=\"Pre\u010d\u00edtajte si viac o V Pribeniku otvorili kr\u00edzov\u00e9 centrum pre matka a deti\">\u010c\u00edta\u0165 viac<\/a><\/p>\n","protected":false},"author":22,"featured_media":0,"comment_status":"open","ping_status":"open","sticky":false,"template":"","format":"standard","meta":{"footnotes":""},"categories":[2],"tags":[221],"class_list":["post-3316","post","type-post","status-publish","format-standard","hentry","category-ekumena","tag-diakonia"],"_links":{"self":[{"href":"https:\/\/www.e-anjelik.sk\/index.php\/wp-json\/wp\/v2\/posts\/3316","targetHints":{"allow":["GET"]}}],"collection":[{"href":"https:\/\/www.e-anjelik.sk\/index.php\/wp-json\/wp\/v2\/posts"}],"about":[{"href":"https:\/\/www.e-anjelik.sk\/index.php\/wp-json\/wp\/v2\/types\/post"}],"author":[{"embeddable":true,"href":"https:\/\/www.e-anjelik.sk\/index.php\/wp-json\/wp\/v2\/users\/22"}],"replies":[{"embeddable":true,"href":"https:\/\/www.e-anjelik.sk\/index.php\/wp-json\/wp\/v2\/comments?post=3316"}],"version-history":[{"count":0,"href":"https:\/\/www.e-anjelik.sk\/index.php\/wp-json\/wp\/v2\/posts\/3316\/revisions"}],"wp:attachment":[{"href":"https:\/\/www.e-anjelik.sk\/index.php\/wp-json\/wp\/v2\/media?parent=3316"}],"wp:term":[{"taxonomy":"category","embeddable":true,"href":"https:\/\/www.e-anjelik.sk\/index.php\/wp-json\/wp\/v2\/categories?post=3316"},{"taxonomy":"post_tag","embeddable":true,"href":"https:\/\/www.e-anjelik.sk\/index.php\/wp-json\/wp\/v2\/tags?post=3316"}],"curies":[{"name":"wp","href":"https:\/\/api.w.org\/{rel}","templated":true}]}}