{"id":3317,"date":"2011-01-18T09:10:21","date_gmt":"2011-01-18T09:10:21","guid":{"rendered":"http:\/\/e-anjelik.sk\/?p=3317"},"modified":"2011-01-18T09:10:21","modified_gmt":"2011-01-18T09:10:21","slug":"cirkvi-mobilizuju-pomoc-pre-braziliu","status":"publish","type":"post","link":"https:\/\/www.e-anjelik.sk\/index.php\/2011\/01\/18\/cirkvi-mobilizuju-pomoc-pre-braziliu\/","title":{"rendered":"Cirkvi mobilizuj\u00fa pomoc pre Braz\u00edliu"},"content":{"rendered":"<p>Cirkvi a ekumenick&eacute; skupiny v Braz&iacute;lii zhroma\u017e\u010fuj&uacute; financie na pomoc tis&iacute;ckam \u013eud&iacute; postihnut&yacute;ch ni\u010div&yacute;mi z&aacute;plavami a zosuvmi p&ocirc;dy v bl&iacute;zkosti Rio de Janeira. Po minulot&yacute;\u017ed\u0148ov&yacute;ch da\u017e\u010foch boli zaliate&nbsp;svahy miest po celom meste. Viac ako 600 \u013eud&iacute; zomrelo, mnoho je nezvestn&yacute;ch, asi 14 tis&iacute;c \u013eud&iacute; voda vyhnala zo svojich domovov. Pomoc pre postihnut&yacute;ch organizuje a koordinuje za v&scaron;etky \u010dlensk&eacute; organiz&aacute;cie&nbsp;vo svete ACTAliancia, \u010do&nbsp;je organiz&aacute;cia 105 cirkv&iacute; a cirkv&aacute;m podobn&yacute;ch organiz&aacute;cii, ktor&eacute; spolupracuj&uacute; v r&aacute;mci humanit&aacute;rnej pomoci a rozvoja.&nbsp;S&iacute;dli v \u017deneve a&nbsp;odno\u017e m&aacute; aj v Braz&iacute;lii.&nbsp;&nbsp;<\/p>\n<p>(<a href=\"http:\/\/www.eni.ch\">www.eni.ch<\/a>)<\/p>\n","protected":false},"excerpt":{"rendered":"<p>Cirkvi a ekumenick&eacute; skupiny v Braz&iacute;lii zhroma\u017e\u010fuj&uacute; financie na pomoc tis&iacute;ckam \u013eud&iacute; postihnut&yacute;ch ni\u010div&yacute;mi z&aacute;plavami a zosuvmi p&ocirc;dy v bl&iacute;zkosti Rio de Janeira. Po minulot&yacute;\u017ed\u0148ov&yacute;ch da\u017e\u010foch boli zaliate&nbsp;svahy miest po celom meste. Viac ako 600 \u013eud&iacute; zomrelo, mnoho je nezvestn&yacute;ch, asi 14 tis&iacute;c \u013eud&iacute; voda vyhnala zo svojich domovov. Pomoc pre postihnut&yacute;ch organizuje a koordinuje &#8230; <a title=\"Cirkvi mobilizuj\u00fa pomoc pre Braz\u00edliu\" class=\"read-more\" href=\"https:\/\/www.e-anjelik.sk\/index.php\/2011\/01\/18\/cirkvi-mobilizuju-pomoc-pre-braziliu\/\" aria-label=\"Pre\u010d\u00edtajte si viac o Cirkvi mobilizuj\u00fa pomoc pre Braz\u00edliu\">\u010c\u00edta\u0165 viac<\/a><\/p>\n","protected":false},"author":22,"featured_media":0,"comment_status":"open","ping_status":"open","sticky":false,"template":"","format":"standard","meta":{"footnotes":""},"categories":[2],"tags":[221],"class_list":["post-3317","post","type-post","status-publish","format-standard","hentry","category-ekumena","tag-diakonia"],"_links":{"self":[{"href":"https:\/\/www.e-anjelik.sk\/index.php\/wp-json\/wp\/v2\/posts\/3317","targetHints":{"allow":["GET"]}}],"collection":[{"href":"https:\/\/www.e-anjelik.sk\/index.php\/wp-json\/wp\/v2\/posts"}],"about":[{"href":"https:\/\/www.e-anjelik.sk\/index.php\/wp-json\/wp\/v2\/types\/post"}],"author":[{"embeddable":true,"href":"https:\/\/www.e-anjelik.sk\/index.php\/wp-json\/wp\/v2\/users\/22"}],"replies":[{"embeddable":true,"href":"https:\/\/www.e-anjelik.sk\/index.php\/wp-json\/wp\/v2\/comments?post=3317"}],"version-history":[{"count":0,"href":"https:\/\/www.e-anjelik.sk\/index.php\/wp-json\/wp\/v2\/posts\/3317\/revisions"}],"wp:attachment":[{"href":"https:\/\/www.e-anjelik.sk\/index.php\/wp-json\/wp\/v2\/media?parent=3317"}],"wp:term":[{"taxonomy":"category","embeddable":true,"href":"https:\/\/www.e-anjelik.sk\/index.php\/wp-json\/wp\/v2\/categories?post=3317"},{"taxonomy":"post_tag","embeddable":true,"href":"https:\/\/www.e-anjelik.sk\/index.php\/wp-json\/wp\/v2\/tags?post=3317"}],"curies":[{"name":"wp","href":"https:\/\/api.w.org\/{rel}","templated":true}]}}