{"id":33188,"date":"2019-12-28T21:47:11","date_gmt":"2019-12-28T20:47:11","guid":{"rendered":"http:\/\/e-anjelik.sk\/?p=33188"},"modified":"2023-12-18T23:31:20","modified_gmt":"2023-12-18T22:31:20","slug":"dieta-jezis-dava-moc-stat-sa-bozimi-detmi","status":"publish","type":"post","link":"https:\/\/www.e-anjelik.sk\/index.php\/2019\/12\/28\/dieta-jezis-dava-moc-stat-sa-bozimi-detmi\/","title":{"rendered":"Die\u0165a Je\u017ei\u0161  d\u00e1va moc sta\u0165 sa Bo\u017e\u00edmi de\u0165mi"},"content":{"rendered":"\n<p><em>&nbsp; &nbsp; &nbsp; &nbsp; &nbsp; <\/em><strong>Die\u0165a Je\u017ei\u0161 d\u00e1va moc sta\u0165 sa Bo\u017e\u00edmi de\u0165mi<\/strong><\/p>\n\n\n\n<p><em>Bo\u017ee, chv\u00e1la Ti<\/em><\/p>\n\n\n\n<p><em>za dobrotu Tvoju,<\/em><\/p>\n\n\n\n<p><em>\u017ees\u2019 n\u00e1m dal Vodcu<\/em><\/p>\n\n\n\n<p><em>z l\u00e1sky ku pokoju.<\/em><\/p>\n\n\n\n<p><em>Dnes Svetlo sveta<\/em><\/p>\n\n\n\n<p><em>i n\u00e1m biednym svieti.<\/em><\/p>\n\n\n\n<p><em>\u00d3, pr\u00edjmi n\u00e1s, ve\u010f n\u00e1s,<\/em><\/p>\n\n\n\n<p><em>ako svoje deti!&nbsp; Amen (M.R.)<\/em><\/p>\n\n\n\n<p><strong>J 1, 11 -12:&nbsp;<\/strong><\/p>\n\n\n\n<p><em>\u201c Do svojho vlastn\u00e9ho pri\u0161iel, a Jeho vlastn\u00ed Ho neprijali. (12) Ale t\u00fdm, \u010do Ho prijali, dal moc sta\u0165 sa dietkami Bo\u017e\u00edmi, t\u00fdm, \u010do veria v Jeho meno\u201d. Amen&nbsp;<\/em><\/p>\n\n\n\n<p>&nbsp;&nbsp; &nbsp; Nemeck\u00fd b\u00e1snik a teolog Karl von Gerok nap\u00edsal: <em>\u201c \u010co by b\u00fdvala zem bez Die\u0165a\u0165a z Betlehema? &#8211; Len neplodn\u00fdm po\u013eom pln\u00fdm t\u0155nia a hlo\u017eia. \u010co by boli dejiny bez narodenia Krista? &#8211; Len tma, len no\u010dn\u00e9 tiene bez svetla, bez centra \u00fatechy\u201d. &nbsp;<\/em><\/p>\n\n\n\n<p><em>&nbsp; &nbsp;<\/em> V nede\u013eu po Vianociach si Gerokovu ot\u00e1zky znovu polo\u017eme aj my. M\u00f4\u017eeme si v\u0161ak polo\u017ei\u0165 t\u00fato ot\u00e1zku aj pozit\u00edvne: \u010co v\u0161etko sp\u00f4sobilo narodenie Bo\u017eieho Syna, P\u00e1na Je\u017ei\u0161a Krista? Aj ke\u010f nie v\u0161etci prijali P\u00e1na Je\u017ei\u0161a, ako o tom sved\u010d\u00ed evanjelista J\u00e1n:<em> \u201dDo svojho vlastn\u00e9ho pri\u0161iel, a Jeho vlastn\u00ed Ho neprijali\u201d (J 1,&nbsp; 11), <\/em>plat\u00ed jeho svedectvo:<em> \u201dAle t\u00fdm, \u010do Ho prijali, dal moc sta\u0165 sa dietkami Bo\u017e\u00edmi, t\u00fdm, \u010do veria v Jeho meno\u201d.(J 1, 12)<\/em><\/p>\n\n\n\n<p><em>&nbsp;<\/em>&nbsp; &nbsp; Na prvom mieste <em>\u201cJeho vlastn\u00ed\u201d<\/em> boli deti Izraela. V\u00e4\u010d\u0161ina z nich Ho neprijala, i ke\u010f ich volal k sebe, <em>\u201cako ke\u010f si sliepka zvol\u00e1va kuriatka pod kr\u00eddla\u201d <\/em>&#8211; ale nechceli pr\u00eds\u0165. Ke\u010f sa v\u0161ak pozrieme v tomto s\u00favise sp\u00e4\u0165 na dejiny Izraela, vid\u00edme v nich skuto\u010dne ve\u013ea tmy a tie\u0148ov, po\u010dn\u00fac od zni\u010denia Jeruzalema a chr\u00e1mu, cez stredovek\u00e9 pogromy a holokaust, a\u017e po s\u00fastavn\u00e9 nepriate\u013estvo jeho susedov. To je jedna str\u00e1nka neprijatia Bo\u017eieho Syna.&nbsp;<\/p>\n\n\n\n<p>&nbsp; &nbsp; T\u00fa druh\u00fa pripom\u00edna evanjelista J\u00e1n, ke\u010f sved\u010d\u00ed, kto s\u00fa v skuto\u010dnosti prav\u00e9 Bo\u017eie deti. S\u00fa to v\u0161etci, ktor\u00ed prijali Je\u017ei\u0161a ako P\u00e1na. \u010co to znamen\u00e1, sta\u0165 sa <em>\u201cBo\u017e\u00edmi de\u0165mi\u201d<\/em>?&nbsp; &#8211; Sk\u00fasme najsk\u00f4r odpoveda\u0165 na jednoduch\u00fa ot\u00e1zku, \u010do znamen\u00e1, alebo \u010do sa stane, ke\u010f pr\u00edde na svet die\u0165a? M\u00f4\u017ee azda die\u0165a nie\u010do urobi\u0165? Na prv\u00fd poh\u013ead niekto povie: nem\u00f4\u017ee. Neurob\u00ed ni\u010d. Die\u0165a &#8211; to je bezmocnos\u0165 sama. Ale nie je to celkom tak. Die\u0165a m\u00e1 v sebe zvl\u00e1\u0161tnu \u201cmoc\u201d. Pri poh\u013eade na die\u0165a le\u017eiace v kol\u00edske m\u00e4kn\u00fa \u010dasto aj tvrd\u00e9 \u013eudsk\u00e9 srdcia, otvoria sa zovret\u00e9 p\u00e4ste. Poh\u013ead do kol\u00edsky je kr\u00e1sny, ale aj siln\u00fd. Ale die\u0165a aj nie\u010do tvor\u00ed!? &#8211; Sp\u00fdtajme sa, kto tvor\u00ed rodinu? Odpove\u010f je napor\u00fadzi: matka, otec a deti. V skuto\u010dnosti rodinu rodinou urob\u00ed die\u0165a. Jeho pr\u00edchod a narodenie. Ak mu\u017e a \u017eena die\u0165a nemaj\u00fa, s\u00fa iba man\u017eelia. Ale ke\u010f pr\u00edde die\u0165a, urob\u00ed z nich rodinu. Tak sa to aj v\u0161ade celkom be\u017ene hovor\u00ed: \u201c\u010cak\u00e1te rodinku? M\u00e1te u\u017e rodinku?\u201d Rodinu teda vytvor\u00ed pr\u00edchod die\u0165a\u0165a.<\/p>\n\n\n\n<p>&nbsp;&nbsp; Preto m\u00f4\u017eeme dnes poveda\u0165 a uvedomi\u0165 si, \u017ee pr\u00edchod Bo\u017eieho Die\u0165a\u0165a, ktor\u00e9 n\u00e1m bolo dan\u00e9, urobilo z n\u00e1s rodinu Bo\u017e\u00edch det\u00ed.<\/p>\n\n\n\n<p>Iba cez Neho, cez Je\u017ei\u0161a Krista pri\u0161l\u00e9ho v tele sme sa stali Bo\u017eou rodinou, cirkvou, Bo\u017e\u00edmi synmi a dc\u00e9rami. To v kone\u010dnom d\u00f4sledku znamen\u00e1, ako sved\u010d\u00ed aj apo\u0161tol Pavel ( Gal 4,7), \u017ee sme sa stali aj dedi\u010dmi Bo\u017e\u00edmi a spoludedi\u010dmi Kristov\u00fdmi. To je nepochybne ten najv\u00e4\u010d\u0161\u00ed dar a pr\u00ednos pr\u00edchodu Krista, P\u00e1na, na svet.<\/p>\n\n\n\n<p>&nbsp; &nbsp; &nbsp; On n\u00e1m v\u0161ak u\u017e dnes d\u00e1va moc a schopnos\u0165 chodi\u0165 v Jeho svetle, v Jeho pravde a l\u00e1ske. Bez Daru z neba by sme to nevedeli a nedok\u00e1zali, ako to nedok\u00e1zali u\u017e star\u00ed pohania, alebo \u017didia.&nbsp;<\/p>\n\n\n\n<p>Die\u0165a Je\u017ei\u0161, naroden\u00fd Syn Bo\u017e\u00ed n\u00e1m dal pozna\u0165, \u017ee ani vo svete, \u010dasto ve\u013emi zlom, v kone\u010dnom d\u00f4sledku nezv\u00ed\u0165az\u00ed moc Herodesova a jemu podobn\u00fdch tyranov, ale Bo\u017eia v\u00f4\u013ea, ktor\u00e1 prin\u00e1\u0161a spravodlivos\u0165 a pokoj.&nbsp;<\/p>\n\n\n\n<p>&nbsp;&nbsp; &nbsp; &nbsp; Naviac, P\u00e1n Je\u017ei\u0161 n\u00e1m uk\u00e1zal a nau\u010dil n\u00e1s, ako m\u00e1me spr\u00e1vne \u017ei\u0165 ako Bo\u017eie deti. Zbavil n\u00e1s extr\u00e9mizmu. Ak je majest\u00e1t a sila \u010dloveka extr\u00e9mne ve\u013ek\u00e1, bez pokory a l\u00e1sky, zvrhne sa v p\u00fdchu. M\u00fadros\u0165 bez pokory rob\u00ed \u010dloveka rovnako py\u0161n\u00fdm a tvrd\u00fdm. Ale aj naopak, jednoduchos\u0165 a pokora bez m\u00fadrosti rob\u00ed z \u010dloveka hlup\u00e1ka. P\u00e1n Je\u017ei\u0161 sp\u00e1ja v sebe oboje &#8211; Bo\u017e\u00ed majest\u00e1t, m\u00fadros\u0165 a silu s pokorou a prostotou. On bohat\u00fd, schudobnel pre n\u00e1s. Sp\u00e1ja pravdu s l\u00e1skou a pomocou. On je cesta, pravda i \u017eivot. T\u00fdm, \u010do veria v Jeho meno dal moc sta\u0165 sa Bo\u017e\u00edmi de\u0165mi. On je cestou do neba, k dedi\u010dstvu, ktor\u00e9 n\u00e1m pripravil, cestou k \u017eivotu ve\u010dn\u00e9mu. Amen<\/p>\n\n\n\n<p>&nbsp; &nbsp; &nbsp; &nbsp; &nbsp; Nede\u013ea po Vianociach &nbsp; &nbsp; &nbsp; &nbsp; Soboti\u0161te 2001&nbsp; &nbsp; &nbsp; &nbsp; &nbsp; \u013dubm\u00edr Batka st.<\/p>\n","protected":false},"excerpt":{"rendered":"<p>&nbsp; &nbsp; &nbsp; &nbsp; &nbsp; Die\u0165a Je\u017ei\u0161 d\u00e1va moc sta\u0165 sa Bo\u017e\u00edmi de\u0165mi Bo\u017ee, chv\u00e1la Ti za dobrotu Tvoju, \u017ees\u2019 n\u00e1m dal Vodcu z l\u00e1sky ku pokoju. Dnes Svetlo sveta i n\u00e1m biednym svieti. \u00d3, pr\u00edjmi n\u00e1s, ve\u010f n\u00e1s, ako svoje deti!&nbsp; Amen (M.R.) J 1, 11 -12:&nbsp; \u201c Do svojho vlastn\u00e9ho pri\u0161iel, a Jeho &#8230; <a title=\"Die\u0165a Je\u017ei\u0161  d\u00e1va moc sta\u0165 sa Bo\u017e\u00edmi de\u0165mi\" class=\"read-more\" href=\"https:\/\/www.e-anjelik.sk\/index.php\/2019\/12\/28\/dieta-jezis-dava-moc-stat-sa-bozimi-detmi\/\" aria-label=\"Pre\u010d\u00edtajte si viac o Die\u0165a Je\u017ei\u0161  d\u00e1va moc sta\u0165 sa Bo\u017e\u00edmi de\u0165mi\">\u010c\u00edta\u0165 viac<\/a><\/p>\n","protected":false},"author":4,"featured_media":0,"comment_status":"open","ping_status":"open","sticky":false,"template":"","format":"standard","meta":{"footnotes":""},"categories":[121,629,159],"tags":[],"class_list":["post-33188","post","type-post","status-publish","format-standard","hentry","category-kazne","category-nedela-po-vianociach","category-vianoce"],"_links":{"self":[{"href":"https:\/\/www.e-anjelik.sk\/index.php\/wp-json\/wp\/v2\/posts\/33188","targetHints":{"allow":["GET"]}}],"collection":[{"href":"https:\/\/www.e-anjelik.sk\/index.php\/wp-json\/wp\/v2\/posts"}],"about":[{"href":"https:\/\/www.e-anjelik.sk\/index.php\/wp-json\/wp\/v2\/types\/post"}],"author":[{"embeddable":true,"href":"https:\/\/www.e-anjelik.sk\/index.php\/wp-json\/wp\/v2\/users\/4"}],"replies":[{"embeddable":true,"href":"https:\/\/www.e-anjelik.sk\/index.php\/wp-json\/wp\/v2\/comments?post=33188"}],"version-history":[{"count":1,"href":"https:\/\/www.e-anjelik.sk\/index.php\/wp-json\/wp\/v2\/posts\/33188\/revisions"}],"predecessor-version":[{"id":33189,"href":"https:\/\/www.e-anjelik.sk\/index.php\/wp-json\/wp\/v2\/posts\/33188\/revisions\/33189"}],"wp:attachment":[{"href":"https:\/\/www.e-anjelik.sk\/index.php\/wp-json\/wp\/v2\/media?parent=33188"}],"wp:term":[{"taxonomy":"category","embeddable":true,"href":"https:\/\/www.e-anjelik.sk\/index.php\/wp-json\/wp\/v2\/categories?post=33188"},{"taxonomy":"post_tag","embeddable":true,"href":"https:\/\/www.e-anjelik.sk\/index.php\/wp-json\/wp\/v2\/tags?post=33188"}],"curies":[{"name":"wp","href":"https:\/\/api.w.org\/{rel}","templated":true}]}}