{"id":3319,"date":"2011-01-18T10:31:29","date_gmt":"2011-01-18T10:31:29","guid":{"rendered":"http:\/\/e-anjelik.sk\/?p=3319"},"modified":"2011-01-18T10:31:29","modified_gmt":"2011-01-18T10:31:29","slug":"arcibiskup-elkras-a-kruse-v-deutsche-welle","status":"publish","type":"post","link":"https:\/\/www.e-anjelik.sk\/index.php\/2011\/01\/18\/arcibiskup-elkras-a-kruse-v-deutsche-welle\/","title":{"rendered":"Arcibiskup ELKRAS  A.Kruse v Deutsche Welle"},"content":{"rendered":"<p>Arcibiskup Evanjelicko-luter&aacute;nskej cirkvi v Rusku a in&yacute;ch &scaron;t&aacute;&iacute;toch A.Kruse odpovedal na ot&aacute;zky redaktora nemeck&eacute;ho r&aacute;dia Deutsche Welle. Vyber&aacute;m z jeho odpoved&iacute; to najd&ocirc;le\u017eitej&scaron;ie.<\/p>\n<p>Zv&auml;z evanjelicko-luter&aacute;nskych cirkv&iacute; postsovietsk&yacute;ch republ&iacute;k m&aacute; asi 450 cirkevn&yacute;ch zborov a do 150 tis&iacute;c veriacich. S&uacute; to cirkvi Ruska, Ukrajiny, Kazachstanu, Kirgizska, Gruz&iacute;nska a Uzbekistanu. Do cirkvi prich&aacute;dzaj&uacute; deti, ml&aacute;de\u017e, \u013eudia stredn&eacute;ho i star&scaron;ieho veku. Bohoslu\u017eby sa v z&aacute;klade konaj&uacute; v ruskom jazyku s prekladom do nem\u010diny. Niekde s&uacute; iba nemeck&eacute;. V niektor&yacute;ch cirkevn&yacute;ch zboroch sa niektor&eacute; prvky bohoslu\u017eby vykon&aacute;vaj&uacute; aj v est&oacute;n\u010dine, loty&scaron;tine,&scaron;v&eacute;d\u010dine a f&iacute;n\u010dine. V niektor&yacute;ch republik&aacute;ch sa konaj&uacute; aj&nbsp;v miestnych n&aacute;rodn&yacute;ch jazykoch. Na&scaron;a cirkev utrpela ve\u013ek&eacute; straty v s&uacute;vise s emigr&aacute;ciou rusk&yacute;ch Nemcov do Nemecka. Stratili sme do 600 tis&iacute;c \u010dlenov cirkevn&yacute;ch zborov.Dnes u\u017e emigr&aacute;cia ust&aacute;la, cirkev rastie z radov miestneho obyvate\u013estva. Ide o pomal&yacute;, ale trval&yacute; rast.<\/p>\n<p>(<a href=\"http:\/\/www.luther.ru\">www.luther.ru<\/a>)<\/p>\n","protected":false},"excerpt":{"rendered":"<p>Arcibiskup Evanjelicko-luter&aacute;nskej cirkvi v Rusku a in&yacute;ch &scaron;t&aacute;&iacute;toch A.Kruse odpovedal na ot&aacute;zky redaktora nemeck&eacute;ho r&aacute;dia Deutsche Welle. Vyber&aacute;m z jeho odpoved&iacute; to najd&ocirc;le\u017eitej&scaron;ie. Zv&auml;z evanjelicko-luter&aacute;nskych cirkv&iacute; postsovietsk&yacute;ch republ&iacute;k m&aacute; asi 450 cirkevn&yacute;ch zborov a do 150 tis&iacute;c veriacich. S&uacute; to cirkvi Ruska, Ukrajiny, Kazachstanu, Kirgizska, Gruz&iacute;nska a Uzbekistanu. Do cirkvi prich&aacute;dzaj&uacute; deti, ml&aacute;de\u017e, \u013eudia stredn&eacute;ho &#8230; <a title=\"Arcibiskup ELKRAS  A.Kruse v Deutsche Welle\" class=\"read-more\" href=\"https:\/\/www.e-anjelik.sk\/index.php\/2011\/01\/18\/arcibiskup-elkras-a-kruse-v-deutsche-welle\/\" aria-label=\"Pre\u010d\u00edtajte si viac o Arcibiskup ELKRAS  A.Kruse v Deutsche Welle\">\u010c\u00edta\u0165 viac<\/a><\/p>\n","protected":false},"author":22,"featured_media":0,"comment_status":"open","ping_status":"open","sticky":false,"template":"","format":"standard","meta":{"footnotes":""},"categories":[35,10],"tags":[],"class_list":["post-3319","post","type-post","status-publish","format-standard","hentry","category-rusko-a-ine","category-zo-sveta"],"_links":{"self":[{"href":"https:\/\/www.e-anjelik.sk\/index.php\/wp-json\/wp\/v2\/posts\/3319","targetHints":{"allow":["GET"]}}],"collection":[{"href":"https:\/\/www.e-anjelik.sk\/index.php\/wp-json\/wp\/v2\/posts"}],"about":[{"href":"https:\/\/www.e-anjelik.sk\/index.php\/wp-json\/wp\/v2\/types\/post"}],"author":[{"embeddable":true,"href":"https:\/\/www.e-anjelik.sk\/index.php\/wp-json\/wp\/v2\/users\/22"}],"replies":[{"embeddable":true,"href":"https:\/\/www.e-anjelik.sk\/index.php\/wp-json\/wp\/v2\/comments?post=3319"}],"version-history":[{"count":0,"href":"https:\/\/www.e-anjelik.sk\/index.php\/wp-json\/wp\/v2\/posts\/3319\/revisions"}],"wp:attachment":[{"href":"https:\/\/www.e-anjelik.sk\/index.php\/wp-json\/wp\/v2\/media?parent=3319"}],"wp:term":[{"taxonomy":"category","embeddable":true,"href":"https:\/\/www.e-anjelik.sk\/index.php\/wp-json\/wp\/v2\/categories?post=3319"},{"taxonomy":"post_tag","embeddable":true,"href":"https:\/\/www.e-anjelik.sk\/index.php\/wp-json\/wp\/v2\/tags?post=3319"}],"curies":[{"name":"wp","href":"https:\/\/api.w.org\/{rel}","templated":true}]}}