{"id":33193,"date":"2019-12-30T16:48:44","date_gmt":"2019-12-30T15:48:44","guid":{"rendered":"http:\/\/e-anjelik.sk\/?p=33193"},"modified":"2022-04-25T15:03:22","modified_gmt":"2022-04-25T13:03:22","slug":"zomrel-brat-farar-milan-horinek","status":"publish","type":"post","link":"https:\/\/www.e-anjelik.sk\/index.php\/2019\/12\/30\/zomrel-brat-farar-milan-horinek\/","title":{"rendered":"Zomrel brat far\u00e1r Milan Hor\u00ednek"},"content":{"rendered":"\n<h1 class=\"wp-block-heading\">Zomrel brat Milan Hor\u00ednek<\/h1>\n\n\n\n<figure class=\"wp-block-image\"><a href=\"https:\/\/www.ecav.sk\/rails\/active_storage\/blobs\/eyJfcmFpbHMiOnsibWVzc2FnZSI6IkJBaHBBaitEIiwiZXhwIjpudWxsLCJwdXIiOiJibG9iX2lkIn19--43e908fa6e0ca8f3c1727cb84d072e53f8af8b0d\/photo-1491396023581-4344e51fec5c.jpeg\"><img decoding=\"async\" src=\"https:\/\/www.ecav.sk\/rails\/active_storage\/representations\/eyJfcmFpbHMiOnsibWVzc2FnZSI6IkJBaHBBaitEIiwiZXhwIjpudWxsLCJwdXIiOiJibG9iX2lkIn19--43e908fa6e0ca8f3c1727cb84d072e53f8af8b0d\/eyJfcmFpbHMiOnsibWVzc2FnZSI6IkJBaDdCam9MY21WemFYcGxTU0lJT1RBd0Jqb0dSVlE9IiwiZXhwIjpudWxsLCJwdXIiOiJ2YXJpYXRpb24ifX0=--f83398908a42570f1be2d2870fc3e62f317d893b\/photo-1491396023581-4344e51fec5c.jpeg\" alt=\"Zomrel brat Milan Hor\u00ednek\"\/><\/a><\/figure>\n\n\n\n<ul class=\"wp-block-list\"><li>&nbsp;29.12.19<\/li><li>&nbsp;&nbsp;Boris Mi\u0161ina, osobn\u00fd tajomn\u00edk gener\u00e1lneho biskupa<\/li><li>&nbsp;<a href=\"https:\/\/www.ecav.sk\/aktuality\/spravodajstvo\">&nbsp;Spravodajstvo<\/a><\/li><\/ul>\n\n\n\n<p>So z\u00e1rmutkom oznamujeme evanjelickej verejnosti, \u017ee P\u00e1n \u017eivota a smrti si v nede\u013eu 22. decembra 2019 povolal b\u00fdval\u00e9ho evanjelick\u00e9ho far\u00e1ra Mgr. MILANA HOR\u00cdNKA vo veku 71 rokov. V duchovnej slu\u017ebe v na\u0161ej cirkvi sl\u00fa\u017eil 37 rokov v cirkevn\u00fdch zboroch v Nov\u00fdch Z\u00e1mkoch a v Bratislave &#8211; Prievoze. Naroden\u00fd a vzkriesen\u00fd P\u00e1n nech te\u0161\u00ed v\u0161etk\u00fdch sm\u00fatiacich.<\/p>\n\n\n\n<p>Pohreb zosnul\u00e9ho bude 2. janu\u00e1ra 2020 v Dev\u00edne o 10.00 h.<\/p>\n","protected":false},"excerpt":{"rendered":"<p>Zomrel brat Milan Hor\u00ednek &nbsp;29.12.19 &nbsp;&nbsp;Boris Mi\u0161ina, osobn\u00fd tajomn\u00edk gener\u00e1lneho biskupa &nbsp;&nbsp;Spravodajstvo So z\u00e1rmutkom oznamujeme evanjelickej verejnosti, \u017ee P\u00e1n \u017eivota a smrti si v nede\u013eu 22. decembra 2019 povolal b\u00fdval\u00e9ho evanjelick\u00e9ho far\u00e1ra Mgr. MILANA HOR\u00cdNKA vo veku 71 rokov. V duchovnej slu\u017ebe v na\u0161ej cirkvi sl\u00fa\u017eil 37 rokov v cirkevn\u00fdch zboroch v Nov\u00fdch Z\u00e1mkoch a &#8230; <a title=\"Zomrel brat far\u00e1r Milan Hor\u00ednek\" class=\"read-more\" href=\"https:\/\/www.e-anjelik.sk\/index.php\/2019\/12\/30\/zomrel-brat-farar-milan-horinek\/\" aria-label=\"Pre\u010d\u00edtajte si viac o Zomrel brat far\u00e1r Milan Hor\u00ednek\">\u010c\u00edta\u0165 viac<\/a><\/p>\n","protected":false},"author":4,"featured_media":0,"comment_status":"open","ping_status":"open","sticky":false,"template":"","format":"standard","meta":{"footnotes":""},"categories":[448,608,371,535],"tags":[],"class_list":["post-33193","post","type-post","status-publish","format-standard","hentry","category-bratislava-prievoz","category-nove-zamky","category-pohreby","category-umrtia"],"_links":{"self":[{"href":"https:\/\/www.e-anjelik.sk\/index.php\/wp-json\/wp\/v2\/posts\/33193","targetHints":{"allow":["GET"]}}],"collection":[{"href":"https:\/\/www.e-anjelik.sk\/index.php\/wp-json\/wp\/v2\/posts"}],"about":[{"href":"https:\/\/www.e-anjelik.sk\/index.php\/wp-json\/wp\/v2\/types\/post"}],"author":[{"embeddable":true,"href":"https:\/\/www.e-anjelik.sk\/index.php\/wp-json\/wp\/v2\/users\/4"}],"replies":[{"embeddable":true,"href":"https:\/\/www.e-anjelik.sk\/index.php\/wp-json\/wp\/v2\/comments?post=33193"}],"version-history":[{"count":2,"href":"https:\/\/www.e-anjelik.sk\/index.php\/wp-json\/wp\/v2\/posts\/33193\/revisions"}],"predecessor-version":[{"id":35516,"href":"https:\/\/www.e-anjelik.sk\/index.php\/wp-json\/wp\/v2\/posts\/33193\/revisions\/35516"}],"wp:attachment":[{"href":"https:\/\/www.e-anjelik.sk\/index.php\/wp-json\/wp\/v2\/media?parent=33193"}],"wp:term":[{"taxonomy":"category","embeddable":true,"href":"https:\/\/www.e-anjelik.sk\/index.php\/wp-json\/wp\/v2\/categories?post=33193"},{"taxonomy":"post_tag","embeddable":true,"href":"https:\/\/www.e-anjelik.sk\/index.php\/wp-json\/wp\/v2\/tags?post=33193"}],"curies":[{"name":"wp","href":"https:\/\/api.w.org\/{rel}","templated":true}]}}