{"id":3320,"date":"2011-01-18T11:09:53","date_gmt":"2011-01-18T11:09:53","guid":{"rendered":"http:\/\/e-anjelik.sk\/?p=3320"},"modified":"2011-01-18T11:09:53","modified_gmt":"2011-01-18T11:09:53","slug":"modlitby-za-prenasledovanych-a-utlacanych-krestanov","status":"publish","type":"post","link":"https:\/\/www.e-anjelik.sk\/index.php\/2011\/01\/18\/modlitby-za-prenasledovanych-a-utlacanych-krestanov\/","title":{"rendered":"Modlitby za prenasledovan\u00fdch a utl\u00e1\u010dan\u00fdch kres\u0165anov"},"content":{"rendered":"<p>EKD vydala v t&yacute;chto d\u0148och pr&iacute;ru\u010dku, v ktorej odpor&uacute;\u010da cirkv&aacute;m a cirkevn&yacute;m zborom v nede\u013eu Reminiscere , ktor&aacute; v tomto roku pripadne na 30. marec, kona\u0165 v r&aacute;mci slu\u017eieb Bo\u017e&iacute;ch pr&iacute;hovorn&eacute; modlitby za utl&aacute;\u010dan&yacute;ch a prenasledovan&yacute;ch kres\u0165anov vo svete , s mimoriadnym d&ocirc;razom za kres\u0165anov v indickom &scaron;t&aacute;te Orissa.&nbsp;Zo&scaron;it obsahuje inform&aacute;cie a liturgick&eacute; podklady k tomuto d\u0148u.<\/p>\n<p>(<a href=\"http:\/\/www.ekd.de\">www.ekd.de<\/a>)<\/p>\n","protected":false},"excerpt":{"rendered":"<p>EKD vydala v t&yacute;chto d\u0148och pr&iacute;ru\u010dku, v ktorej odpor&uacute;\u010da cirkv&aacute;m a cirkevn&yacute;m zborom v nede\u013eu Reminiscere , ktor&aacute; v tomto roku pripadne na 30. marec, kona\u0165 v r&aacute;mci slu\u017eieb Bo\u017e&iacute;ch pr&iacute;hovorn&eacute; modlitby za utl&aacute;\u010dan&yacute;ch a prenasledovan&yacute;ch kres\u0165anov vo svete , s mimoriadnym d&ocirc;razom za kres\u0165anov v indickom &scaron;t&aacute;te Orissa.&nbsp;Zo&scaron;it obsahuje inform&aacute;cie a liturgick&eacute; podklady k &#8230; <a title=\"Modlitby za prenasledovan\u00fdch a utl\u00e1\u010dan\u00fdch kres\u0165anov\" class=\"read-more\" href=\"https:\/\/www.e-anjelik.sk\/index.php\/2011\/01\/18\/modlitby-za-prenasledovanych-a-utlacanych-krestanov\/\" aria-label=\"Pre\u010d\u00edtajte si viac o Modlitby za prenasledovan\u00fdch a utl\u00e1\u010dan\u00fdch kres\u0165anov\">\u010c\u00edta\u0165 viac<\/a><\/p>\n","protected":false},"author":22,"featured_media":0,"comment_status":"open","ping_status":"open","sticky":false,"template":"","format":"standard","meta":{"footnotes":""},"categories":[1,233],"tags":[],"class_list":["post-3320","post","type-post","status-publish","format-standard","hentry","category-adventna-modlitba","category-modlitby"],"_links":{"self":[{"href":"https:\/\/www.e-anjelik.sk\/index.php\/wp-json\/wp\/v2\/posts\/3320","targetHints":{"allow":["GET"]}}],"collection":[{"href":"https:\/\/www.e-anjelik.sk\/index.php\/wp-json\/wp\/v2\/posts"}],"about":[{"href":"https:\/\/www.e-anjelik.sk\/index.php\/wp-json\/wp\/v2\/types\/post"}],"author":[{"embeddable":true,"href":"https:\/\/www.e-anjelik.sk\/index.php\/wp-json\/wp\/v2\/users\/22"}],"replies":[{"embeddable":true,"href":"https:\/\/www.e-anjelik.sk\/index.php\/wp-json\/wp\/v2\/comments?post=3320"}],"version-history":[{"count":0,"href":"https:\/\/www.e-anjelik.sk\/index.php\/wp-json\/wp\/v2\/posts\/3320\/revisions"}],"wp:attachment":[{"href":"https:\/\/www.e-anjelik.sk\/index.php\/wp-json\/wp\/v2\/media?parent=3320"}],"wp:term":[{"taxonomy":"category","embeddable":true,"href":"https:\/\/www.e-anjelik.sk\/index.php\/wp-json\/wp\/v2\/categories?post=3320"},{"taxonomy":"post_tag","embeddable":true,"href":"https:\/\/www.e-anjelik.sk\/index.php\/wp-json\/wp\/v2\/tags?post=3320"}],"curies":[{"name":"wp","href":"https:\/\/api.w.org\/{rel}","templated":true}]}}