{"id":3321,"date":"2011-01-18T11:23:50","date_gmt":"2011-01-18T11:23:50","guid":{"rendered":"http:\/\/e-anjelik.sk\/?p=3321"},"modified":"2011-01-18T11:23:50","modified_gmt":"2011-01-18T11:23:50","slug":"vedenie-velkd-do-milana-a-rima","status":"publish","type":"post","link":"https:\/\/www.e-anjelik.sk\/index.php\/2011\/01\/18\/vedenie-velkd-do-milana-a-rima\/","title":{"rendered":"Vedenie VELKD do Mil\u00e1na a R\u00edma"},"content":{"rendered":"<p>Vedenie Spojenej evanjelicko-luter&aacute;nskej cirkvi Nemecka (VELKD) podnikne v d\u0148och 20.-26. janu&aacute;ra t.r. cestu do Mil&aacute;na a R&iacute;ma. Cie\u013eom 12- \u010dlennej deleg&aacute;cie na \u010dele s ved&uacute;cim biskupom VELKD J. Fridriechom bud&uacute; rozhovory s ekumenick&yacute;mi predstavite\u013emi Mil&aacute;na, stretnutia a rozhory s vysok&yacute;mi predstavite\u013emi katol&iacute;ckej cirkvi, po\u010detn&eacute; slu\u017eby Bo\u017eie ekumenick&eacute; i evanjelick&eacute;. 24. jan. deleg&aacute;ciu prijme na udiencii p&aacute;pe\u017e Benedikt XVI. 25. jan. sa z&uacute;\u010dastnia na z&aacute;ver t&yacute;\u017ed\u0148a modlitieb za jednotu kres\u0165anov ekumenickej ve\u010dierne s p&aacute;pe\u017eom.<\/p>\n<p>(<a href=\"http:\/\/www.ekd.de\">www.ekd.de<\/a>)<\/p>\n","protected":false},"excerpt":{"rendered":"<p>Vedenie Spojenej evanjelicko-luter&aacute;nskej cirkvi Nemecka (VELKD) podnikne v d\u0148och 20.-26. janu&aacute;ra t.r. cestu do Mil&aacute;na a R&iacute;ma. Cie\u013eom 12- \u010dlennej deleg&aacute;cie na \u010dele s ved&uacute;cim biskupom VELKD J. Fridriechom bud&uacute; rozhovory s ekumenick&yacute;mi predstavite\u013emi Mil&aacute;na, stretnutia a rozhory s vysok&yacute;mi predstavite\u013emi katol&iacute;ckej cirkvi, po\u010detn&eacute; slu\u017eby Bo\u017eie ekumenick&eacute; i evanjelick&eacute;. 24. jan. deleg&aacute;ciu prijme na udiencii &#8230; <a title=\"Vedenie VELKD do Mil\u00e1na a R\u00edma\" class=\"read-more\" href=\"https:\/\/www.e-anjelik.sk\/index.php\/2011\/01\/18\/vedenie-velkd-do-milana-a-rima\/\" aria-label=\"Pre\u010d\u00edtajte si viac o Vedenie VELKD do Mil\u00e1na a R\u00edma\">\u010c\u00edta\u0165 viac<\/a><\/p>\n","protected":false},"author":22,"featured_media":0,"comment_status":"open","ping_status":"open","sticky":false,"template":"","format":"standard","meta":{"footnotes":""},"categories":[2],"tags":[],"class_list":["post-3321","post","type-post","status-publish","format-standard","hentry","category-ekumena"],"_links":{"self":[{"href":"https:\/\/www.e-anjelik.sk\/index.php\/wp-json\/wp\/v2\/posts\/3321","targetHints":{"allow":["GET"]}}],"collection":[{"href":"https:\/\/www.e-anjelik.sk\/index.php\/wp-json\/wp\/v2\/posts"}],"about":[{"href":"https:\/\/www.e-anjelik.sk\/index.php\/wp-json\/wp\/v2\/types\/post"}],"author":[{"embeddable":true,"href":"https:\/\/www.e-anjelik.sk\/index.php\/wp-json\/wp\/v2\/users\/22"}],"replies":[{"embeddable":true,"href":"https:\/\/www.e-anjelik.sk\/index.php\/wp-json\/wp\/v2\/comments?post=3321"}],"version-history":[{"count":0,"href":"https:\/\/www.e-anjelik.sk\/index.php\/wp-json\/wp\/v2\/posts\/3321\/revisions"}],"wp:attachment":[{"href":"https:\/\/www.e-anjelik.sk\/index.php\/wp-json\/wp\/v2\/media?parent=3321"}],"wp:term":[{"taxonomy":"category","embeddable":true,"href":"https:\/\/www.e-anjelik.sk\/index.php\/wp-json\/wp\/v2\/categories?post=3321"},{"taxonomy":"post_tag","embeddable":true,"href":"https:\/\/www.e-anjelik.sk\/index.php\/wp-json\/wp\/v2\/tags?post=3321"}],"curies":[{"name":"wp","href":"https:\/\/api.w.org\/{rel}","templated":true}]}}