{"id":33227,"date":"2020-01-04T18:08:48","date_gmt":"2020-01-04T17:08:48","guid":{"rendered":"http:\/\/e-anjelik.sk\/?p=33227"},"modified":"2024-04-16T12:00:23","modified_gmt":"2024-04-16T10:00:23","slug":"ked-nas-vedie-nazaretsky","status":"publish","type":"post","link":"https:\/\/www.e-anjelik.sk\/index.php\/2020\/01\/04\/ked-nas-vedie-nazaretsky\/","title":{"rendered":"Ke\u010f n\u00e1s vedie Nazaretsk\u00fd"},"content":{"rendered":"\n<p><em>\u00davodn\u00e1 modlitba:<\/em><\/p>\n\n\n\n<p><em>Synu Bo\u017e\u00ed a \u013eudsk\u00fd, Pane Je\u017ei\u0161i Kriste, daj n\u00e1m pozna\u0165,<\/em><\/p>\n\n\n\n<p><em>\u017ee si s nami a so svojou cirkvou a uisti n\u00e1s, \u017ee sme st\u00e1le Otcom nebesk\u00fdm nilovan\u00ed. Popraj n\u00e1m, aby sme skrze vieru boli blahoslaven\u00ed i v s\u00fa\u017eeniach, sk\u00fa\u0161kach \u010di hanobeniach. Popraj n\u00e1m pravej poslu\u0161nosti a duchovnej vyrovnanosti na v\u0161etk\u00fdch na\u0161ich cest\u00e1ch. Amen (<\/em><em><a href=\"http:\/\/xn--pfa.b.st\">\u013d.B.st<\/a><\/em><em>.)<\/em><\/p>\n\n\n\n<p><strong>Mt 2, 19 &#8211; 23:<\/strong><\/p>\n\n\n\n<p><em>\u201cAle ke\u010f Herodes umrel, ajh\u013ea, anjel P\u00e1nov zjavil sa vo sne Jozefovi v Egypte (20) a povedal: Vsta\u0148, vezi die\u0165atko a jeho matku a cho\u010f do krajiny Izraelskej; lebo pomreli u\u017e, ktor\u00ed \u010d\u00edhali na \u017eivot die\u0165atka. (21) Vstal teda, vzal die\u0165atko a Jeho matku a pri\u0161iel do krajiny Izraelskej. (22) Ale ke\u010f po\u010dul, \u017ee Archelaos kra\u013euje v Judsku miesto svojho otca Herodesa, b\u00e1l sa ta \u00eds\u0165. Dostalo sa mu v\u0161ak napomenutia vo sne a odobral sa do krajiny Galilejskej. (23) A pr\u00edduc ta, osadil sa v meste zvanom Nazaret, aby sa naplnilo slovo prorokov, \u017ee sa bude vola\u0165 Nazaretsk\u00fd.\u201d Amen<\/em><\/p>\n\n\n\n<p><em>&nbsp;&nbsp; &nbsp; &nbsp; &nbsp;<\/em> Bohumil\u00ed kres\u0165ania!<\/p>\n\n\n\n<p>&nbsp; &nbsp; Ka\u017ed\u00e9mu z v\u00e1s by som doprial vidie\u0165 film o <em>\u201cnepokrstenom nasledovn\u00edkovi Je\u017ei\u0161a Krista\u201d, <\/em>indickom myslite\u013eovi a vodcovi \u013eudu Mahatma G\u00e1ndim &#8211; otcovi G\u00e1ndim. Je pln\u00fd p\u00f4sobiv\u00fdch my\u0161lienok, ale dnes by som chcel zd\u00f4razni\u0165 jednu, ktorou sa tento anglick\u00fd film za\u010d\u00edna i kon\u010d\u00ed: \u017diadna zloba, \u017eiaden hriech neostane bez spravodliv\u00e9ho trestu, \u017eiaden dikt\u00e1tor nebude vl\u00e1dnu\u0165 naveky. Aj ke\u010f sa niekedy zd\u00e1, \u017ee zlo triumfuje a ned\u00e1 sa zastavi\u0165 a \u017ee nositelia pravdy, svetla a spravodlivosti s\u00fa iba ak\u00fdsi \u201csn\u00edlkovia\u201d, predsa ka\u017ed\u00fd sp\u00e4tn\u00fd poh\u013ead do dej\u00edn d\u00e1va za pravdu spom\u00ednan\u00e9mu ve\u013ek\u00e9mu myslite\u013eovi. M. G\u00e1ndy nebol kres\u0165an, ale P\u00e1na Je\u017ei\u0161a Krista si vysoko v\u00e1\u017eil a re\u0161pektoval v\u0161etky Jeho slov\u00e1 a pr\u00edklady.<\/p>\n\n\n\n<p>&nbsp; &nbsp; To by si mali uvedomi\u0165 v\u0161etci, ktor\u00ed sa vysmievaj\u00fa spravodlivosti, ale chceme si to uvedomi\u0165 aj my, ktor\u00ed chceme nasledova\u0165 P\u00e1na Je\u017ei\u0161a, ale sme neraz <em>\u201c\u013eu\u010fmi malej viery\u201d.<\/em> \u010casto sme netrpezliv\u00ed a mo\u017eno aj duchovne zlomen\u00ed. Neraz zab\u00fadame na zas\u013e\u00fabenie P\u00e1na Je\u017ei\u0161a, ktor\u00fd povedal:<em> \u201cnad m\u00e1lom si bol vern\u00fd, nad mnoh\u00fdm \u0165a ustanov\u00edm, vojdi v rados\u0165 svojho P\u00e1na\u201d &#8211; <\/em>ako sme si to pripomenuli pri poslednej pohrebnej rozl\u00fa\u010dke s jedn\u00fdm z n\u00e1s. Neraz zab\u00fadame na s\u013eub P\u00e1nov, \u017ee pr\u00ede \u010das, ke\u010f On s\u00e1m vo svojom kr\u00e1\u013eovstve bude posluhova\u0165 v\u0161etk\u00fdm svojim vern\u00fdm nasledovn\u00edkom.<\/p>\n\n\n\n<p>&nbsp; &nbsp; &nbsp; O Bo\u017eej vl\u00e1de nad svetom sved\u010d\u00ed aj dne\u0161n\u00fd pre\u010d\u00edtan\u00fd text, ktor\u00fd n\u00e1m pripom\u00edna:<strong> Deje sa Bo\u017eia v\u00f4\u013ea!&nbsp;<\/strong><\/p>\n\n\n\n<p>&nbsp;&nbsp; &nbsp; &nbsp; &nbsp; &nbsp; &nbsp; &nbsp; &nbsp; &nbsp; &nbsp; &nbsp; &nbsp; <em>Je: 1. v\u00fdstrahou nespravodlivosti<\/em><\/p>\n\n\n\n<p><em>&nbsp;&nbsp; &nbsp; &nbsp; &nbsp; &nbsp; &nbsp; &nbsp; &nbsp; &nbsp; &nbsp; &nbsp; &nbsp; &nbsp; &nbsp; &nbsp; 2. i povzbuden\u00edm k vernosti<\/em><\/p>\n\n\n\n<p><em>&nbsp; &nbsp; &nbsp; <\/em>Bratia a sestry v Kristu P\u00e1nu!<\/p>\n\n\n\n<p>&nbsp;&nbsp; &nbsp; Vo svete je to neraz tak, ako hovor\u00ed P\u00edsmo o sodomsk\u00fdch a gomorsk\u00fdch obyvate\u013eoch:<em> \u201cjedli, pili, kupovali, pred\u00e1vali, sadili, \u017eenili sa a vyd\u00e1vali\u201d<\/em> &#8211; bez toho, \u017ee by si uvedomovali nutnos\u0165 po\u010d\u00fava\u0165 hlas Stvorite\u013ea, Hospodina. Aj oni si zrejme v duchu hovorili: ni\u010d sa nemen\u00ed, ni\u010d sa nedeje, v\u0161etko je \u201cpo starom\u201d. Ale Bo\u017eia v\u00f4\u013ea sa deje. Uskuto\u010d\u0148uj\u00fa sa Bo\u017eie pl\u00e1ny, hoci nikedy nebadane a nepozorovane. D\u00f4kazom je narodenie samotn\u00e9ho Spasite\u013ea v \u201czapadnutom\u201d Betleheme, v chudobe, polo\u017een\u00e9ho do jasie\u013e. Ale my smieme vidie\u0165 aj to \u010fal\u0161ie, \u010do sa dialo s Je\u017ei\u0161om. \u00datek do Egypta v pravom \u010dase a Jeho z\u00e1chrana pred Herodesom. Nezomrel v Betleheme medzi povra\u017eden\u00fdmi de\u0165mi, lebo<em> \u201ce\u0161te nepri\u0161la Jeho hodina\u201d. <\/em>A tak aj ke\u010f<em> \u201cv R\u00e1me bolo po\u010du\u0165 hlas, mnoho pla\u010du a n\u00e1reku: R\u00e1chel oplak\u00e1vala svoje deti a nechcela sa da\u0165 pote\u0161i\u0165, preto\u017ee ich niet\u201d ( L 2,18), <\/em>predsa zloba Herodesa nesl\u00e1vila \u00faspech. Napokon pri\u0161la chv\u00ed\u013ea, \u017ee prestal aj strach z Herodesa a krvila\u010dn\u00fd kr\u00e1\u013e zomrel.&nbsp;<\/p>\n\n\n\n<p>&nbsp;&nbsp; &nbsp; Iste m\u00e1 pravdu n\u00e1\u0161 n\u00e1bo\u017en\u00fd pevec, ktor\u00fd vyznal:\u2026<em>\u201dzloba ve\u010dne broj\u00ed\u201d<\/em>. M\u00e1 v\u0161ak pravdu aj vo svoj\u00edch \u010fal\u0161\u00edch slov\u00e1ch, ktor\u00e9 hovoria o&nbsp; Bo\u017eej moci a Je\u017ei\u0161ovej pr\u00edtomnosti a ochrane:<em> \u201c Pri mne Je\u017ei\u0161 stoj\u00ed, i&nbsp; nech peklo zbroj\u00ed, Viem na \u010dom stoj\u00edm\u2026\u201d. <\/em>Slovami \u013eudovej m\u00fadrosti a poznan\u00edm proroka Daniela m\u00f4\u017eeme poveda\u0165:<em> \u201d\u017diaden strom do neba nerastie\u201d! <\/em>Preto aj my s majstrom J\u00e1nom Husom vyzn\u00e1vajme:<em> \u201cPravda Kristova v\u00ed\u0165az\u00ed\u201d. <\/em>Preto hl\u00e1same oproti ka\u017edej nespravodlivosti a p\u00fdche sveta slov\u00e1 na v\u00fdstrahu s K.Kuzm\u00e1nym:&nbsp;<\/p>\n\n\n\n<p>\u201c\u2026<em>Ve\u010dne On pre podlos\u0165 peklo podp\u00e1lil<\/em>\u201d. Preto\u017ee Bo\u017eia v\u00f4\u013ea sa deje, ak to v\u017edy aj nebad\u00e1me a je v\u00fdstrahou pre ka\u017ed\u00fa nespravodlivos\u0165 a nen\u00e1vis\u0165 sveta.<\/p>\n\n\n\n<p>&nbsp;&nbsp; &nbsp; Bratia a sestry v P\u00e1nu!<\/p>\n\n\n\n<p>&nbsp; &nbsp; Toto poznanie a sk\u00fasenos\u0165 viery, \u017ee Bo\u017eia dobr\u00e1 v\u00f4\u013ea sa v\u017edy deje a smeruje k sp\u00e1se a dobr\u00e9mu cie\u013eu, je odkazom svedectva viery aj Jozefa, zemsk\u00e9ho adopt\u00edvneho otca P\u00e1na Je\u017ei\u0161a. V pre\u010d\u00edtanom texte evanjelistu Luk\u00e1\u0161a Jozef stoj\u00ed pred nami ako veriaci v Je\u017ei\u0161a, P\u00e1na. Aj jeho vierou sme povzbuden\u00ed k vernosti v osobu a dielo syna M\u00e1rie, ale s\u00fa\u010dasne aj Syna Bo\u017eieho. Bo\u017eia v\u00f4\u013ea sa deje, ale tak ako Jozef, aj my m\u00e1me duchovne bdie\u0165 a po\u010d\u00fava\u0165, \u010do P\u00e1n Boh hovor\u00ed. Ka\u017ed\u00fd otec, ka\u017ed\u00e1 matka, ka\u017ed\u00fd skuto\u010dne veriaci m\u00e1 \u201cpo\u010d\u00fava\u0165 a veri\u0165\u201d. Lebo <em>\u201cviera je z po\u010d\u00favania\u201d <\/em>slova Bo\u017eieho (R 10, 17).<\/p>\n\n\n\n<p>&nbsp;&nbsp; &nbsp; \u010co pre n\u00e1s znamen\u00e1 viera v Je\u017ei\u0161a v na\u0161om ka\u017edodennom \u017eivote? Iste sa aj my stret\u00e1me s nepochopen\u00edm, ale aj s <em>\u201coh\u0148om s\u00fa\u017eenia\u201d<\/em> alebo hanen\u00edm pr\u00e1ve <em>\u201cpre meno Kristovo\u201d (1 Pt 4,12nn).<\/em><\/p>\n\n\n\n<p>V\u017edy vtedy potrebujeme povzbudenie, ale aj pr\u00edklad vernosti, st\u00e1losti v d\u00f4vere a s\u00fa\u010dasne pr\u00edklad poslu\u0161nosti, ako o tom po\u010dujeme zo svedectva Jozefovho \u017eivota. On, ke\u010f to bolo potrebn\u00e9, nev\u00e1hal a putoval s rodinou do Egypta. Ke\u010f ho P\u00e1n Boh pozval k n\u00e1vratu, vr\u00e1til sa, i ke\u010f v Judsku kra\u013eoval nie menej krut\u00fd Herodesov syn Archelaos. Jozef h\u013eadal a na\u0161iel rie\u0161enie, aby sa vyhol jeho moci a vl\u00e1de. Konal v\u0161etko, \u010do mu ozn\u00e1mil vo sne Bo\u017e\u00ed posol. <em>\u201dVsta\u0148\u201d<\/em>&#8211; a Jozef i\u0161iel, vezm\u00fac die\u0165a Je\u017ei\u0161a, i Jeho matku a vr\u00e1til sa do krajiny Izraelskej. Nebolo to iste \u013eahk\u00e9, \u00eds\u0165 do zeme \u201ctmy\u201d, ale kr\u00e1\u010dal tak, ako ke\u010f kedysi i\u0161iel z Egypta izraelsk\u00fd \u013eud do zeme zas\u013e\u00fabenej za \u010dasov Moj\u017ei\u0161a: v d\u00f4vere v Bo\u017eie vedenie, veden\u00fd <em>\u201cdymov\u00fdm st\u013apom vo dne a st\u013apom ohniv\u00fdm v noci\u201d<\/em>. Iste\u017ee, ani pre Jozefa to nebola \u013eahk\u00e1 cesta. <em>\u201cB\u00e1l sa ta \u00eds\u0165\u201d,<\/em> sved\u010d\u00ed evanjelista, nazna\u010duj\u00fac mo\u017en\u00e9 rizik\u00e1. Ale aj pre neho platilo, \u017ee <em>\u201cviac slu\u0161\u00ed posl\u00facha\u0165 Boha ako \u013eud\u00ed\u201d.<\/em>&nbsp;<\/p>\n\n\n\n<p>&nbsp; &nbsp; &nbsp; Bratia a sestry v P\u00e1nu!&nbsp; &nbsp; &nbsp; &nbsp;<\/p>\n\n\n\n<p>&nbsp; &nbsp; &nbsp; Aj n\u00e1m d\u00e1va viera odvahu i rozvahu a ak treba aj silu pre sk\u00fa\u0161ky viery a \u017eivota. Aj n\u00e1m zneje slovo a s\u013eub, podobn\u00fd tomu, ktor\u00fd po\u010dul napr\u00edklad apo\u0161tol Pavel, ke\u010f mu zaznelo Kristovo slovo z neba: <em>\u201dDos\u0165 m\u00e1\u0161 na mojej milosti\u201d. <\/em>D\u00f4verujme zjavenej Bo\u017eej milosti, d\u00f4verujme v na\u0161om \u017eivote Tomu, ktor\u00e9ho s\u00fa\u010dasn\u00edci naz\u00fdvali jednoducho <em>\u201cNazaretsk\u00fd\u201d<\/em>, alebo dokonca aj hanlivo: <em>\u201cSyn toho tes\u00e1ra z Nazareta\u201d.&nbsp;<\/em><\/p>\n\n\n\n<p>&nbsp; &nbsp; &nbsp; V tomto pomenovan\u00ed mo\u017eno vidie\u0165 a po\u010du\u0165 naplnen\u00e9 proroctvo proroka Izai\u00e1\u0161a, ktor\u00fd hovoril o <em>\u201cml\u00e1dniku, ktor\u00fd vy\u017eenie z Izajovho p\u0148a a kore\u0148ov\u201d ( Iz 11, 1). <\/em>On je n\u00e1dej a pomoc v ka\u017edej tme hriechu i tme nespravodlivosti. Jeho meno nie je iba to, \u010do nap\u00edsal Pontsk\u00fd Pil\u00e1t na Jeho kr\u00ed\u017e, ako n\u00e1pis viny a hanby: <em>\u201cINRI\u201d &#8211; \u201cJe\u017ei\u0161 Nazaretsk\u00fd, kr\u00e1\u013e \u017eidovsk\u00fd\u201d. <\/em>Jeho meno je aj to izai\u00e1\u0161ovsk\u00e9 a prorock\u00e9 pomenovanie: <em>\u201c Predivn\u00fd radca, Mocn\u00fd Boh, Otec ve\u010dnosti, Knie\u017ea pokoja\u201d ( Iz 9, 5), <\/em>aj meno Je\u017ei\u0161 (Jehu\u0161uah) &#8211; Hospodin je sp\u00e1sa, <em>\u201cmeno nad ka\u017ed\u00e9 meno\u201d<\/em>. Viano\u010dn\u00e1 zves\u0165 pokra\u010duje zves\u0165ou, \u017ee Bo\u017eia spasite\u013en\u00e1 v\u00f4\u013ea sa v narodenom Je\u017ei\u0161ovi uskuto\u010dn\u00ed a napln\u00ed. V \u0147om a skrze Neho sa Bo\u017eia v\u00f4\u013ea deje a to je v\u00fdstraha ka\u017edej nespravodlivosti i povzbuden\u00edm k vernosti. Amen<\/p>\n\n\n\n<p>&nbsp;Nede\u013ea po Novom roku &nbsp; &nbsp; &nbsp; &nbsp; Soboti\u0161te 88\/20 &nbsp; &nbsp; &nbsp; &nbsp; &nbsp; &nbsp; \u013dubom\u00edr Batka, ev.far\u00e1r&nbsp; &nbsp; &nbsp;<\/p>\n","protected":false},"excerpt":{"rendered":"<p>\u00davodn\u00e1 modlitba: Synu Bo\u017e\u00ed a \u013eudsk\u00fd, Pane Je\u017ei\u0161i Kriste, daj n\u00e1m pozna\u0165, \u017ee si s nami a so svojou cirkvou a uisti n\u00e1s, \u017ee sme st\u00e1le Otcom nebesk\u00fdm nilovan\u00ed. Popraj n\u00e1m, aby sme skrze vieru boli blahoslaven\u00ed i v s\u00fa\u017eeniach, sk\u00fa\u0161kach \u010di hanobeniach. Popraj n\u00e1m pravej poslu\u0161nosti a duchovnej vyrovnanosti na v\u0161etk\u00fdch na\u0161ich cest\u00e1ch. Amen &#8230; <a title=\"Ke\u010f n\u00e1s vedie Nazaretsk\u00fd\" class=\"read-more\" href=\"https:\/\/www.e-anjelik.sk\/index.php\/2020\/01\/04\/ked-nas-vedie-nazaretsky\/\" aria-label=\"Pre\u010d\u00edtajte si viac o Ke\u010f n\u00e1s vedie Nazaretsk\u00fd\">\u010c\u00edta\u0165 viac<\/a><\/p>\n","protected":false},"author":4,"featured_media":0,"comment_status":"open","ping_status":"open","sticky":false,"template":"","format":"standard","meta":{"footnotes":""},"categories":[121,543,95],"tags":[],"class_list":["post-33227","post","type-post","status-publish","format-standard","hentry","category-kazne","category-nedela-po-novom-roku","category-sobotiste"],"_links":{"self":[{"href":"https:\/\/www.e-anjelik.sk\/index.php\/wp-json\/wp\/v2\/posts\/33227","targetHints":{"allow":["GET"]}}],"collection":[{"href":"https:\/\/www.e-anjelik.sk\/index.php\/wp-json\/wp\/v2\/posts"}],"about":[{"href":"https:\/\/www.e-anjelik.sk\/index.php\/wp-json\/wp\/v2\/types\/post"}],"author":[{"embeddable":true,"href":"https:\/\/www.e-anjelik.sk\/index.php\/wp-json\/wp\/v2\/users\/4"}],"replies":[{"embeddable":true,"href":"https:\/\/www.e-anjelik.sk\/index.php\/wp-json\/wp\/v2\/comments?post=33227"}],"version-history":[{"count":3,"href":"https:\/\/www.e-anjelik.sk\/index.php\/wp-json\/wp\/v2\/posts\/33227\/revisions"}],"predecessor-version":[{"id":36699,"href":"https:\/\/www.e-anjelik.sk\/index.php\/wp-json\/wp\/v2\/posts\/33227\/revisions\/36699"}],"wp:attachment":[{"href":"https:\/\/www.e-anjelik.sk\/index.php\/wp-json\/wp\/v2\/media?parent=33227"}],"wp:term":[{"taxonomy":"category","embeddable":true,"href":"https:\/\/www.e-anjelik.sk\/index.php\/wp-json\/wp\/v2\/categories?post=33227"},{"taxonomy":"post_tag","embeddable":true,"href":"https:\/\/www.e-anjelik.sk\/index.php\/wp-json\/wp\/v2\/tags?post=33227"}],"curies":[{"name":"wp","href":"https:\/\/api.w.org\/{rel}","templated":true}]}}