{"id":33243,"date":"2020-01-11T11:41:38","date_gmt":"2020-01-11T10:41:38","guid":{"rendered":"http:\/\/e-anjelik.sk\/?p=33243"},"modified":"2020-01-13T09:11:41","modified_gmt":"2020-01-13T08:11:41","slug":"viera-neviera","status":"publish","type":"post","link":"https:\/\/www.e-anjelik.sk\/index.php\/2020\/01\/11\/viera-neviera\/","title":{"rendered":"Viera &#8211; nevera"},"content":{"rendered":"\n<p>Heslo roka 2020<\/p>\n\n\n\n<p>&#8222;<em>Ver\u00edm! Pom\u00f4\u017e mojej nevere!<\/em><strong> <\/strong>&#8220; Marek 9, 24<\/p>\n\n\n\n<p>Vie dne\u0161n\u00fd \u010dlovek \u010do je to viera? Samozrejme mysl\u00ed sa tu viera v&nbsp;Trojjedin\u00e9ho Boha. Nie je na \u0161kodu z&nbsp;\u010dasu na \u010das siahnu\u0165 po na\u0161ich luter\u00e1nskych vierovyzn\u00e1va\u010dsk\u00fdch spisoch, zlat\u00e9mu pokladu reform\u00e1cie, kde n\u00e1\u0161 reform\u00e1tor Martin Luther vo svojom vysvetlen\u00ed 3. \u010dl\u00e1nku Viery v\u0161eobecnej kres\u0165anskej o&nbsp;posv\u00e4ten\u00ed hovor\u00ed: <em>Ver\u00edm, \u017ee ja zo svojho vlastn\u00e9ho rozumu a&nbsp;zo svojej sily nem\u00f4\u017eem v&nbsp;Je\u017ei\u0161a Krista, m\u00f4jho P\u00e1na, veri\u0165 ani k&nbsp;Nemu pr\u00eds\u0165, ale \u017ee ma Duch Sv\u00e4t\u00fd evanjeliom povolal, svojimi darmi osvietil, v&nbsp;pravej viere posv\u00e4til a&nbsp;zachoval; tak ako i&nbsp;cel\u00fa cirkev kres\u0165ansk\u00fa tu na zemi povol\u00e1va, zhroma\u017e\u010fuje, osvecuje, posv\u00e4cuje a&nbsp;pri Je\u017ei\u0161ovi Kristovi v&nbsp;jedinej pravej viere zachov\u00e1va\u2026<\/em>Ver\u00edm, \u017ee nem\u00f4\u017eem veri\u0165. Nem\u00e1m k&nbsp;tomu s\u00edl. Niekedy n\u00e1s pritla\u010d\u00ed situ\u00e1cia, probl\u00e9my, bezmocnos\u0165 a bezradnos\u0165. Tu n\u00e1s stret\u00e1va a&nbsp;oslovuje n\u00e1\u0161 P\u00e1n slovom skrze Ducha Sv\u00e4t\u00e9ho a&nbsp;u\u010d\u00ed n\u00e1s kr\u00e1\u010da\u0165 vo viere Syna Bo\u017eieho ke\u010f aj n\u00e1m hovor\u00ed:<em> \u201e\u010co sa tak strachujete? Ako to, \u017ee nem\u00e1te viery?\u201c <\/em>(Mk 4, 40) Slovo, ktor\u00e9 je v\u00fdzvou k&nbsp;viere. Tak\u00e1to viera predov\u0161etk\u00fdm neh\u013ead\u00ed na seba v&nbsp;tom zmysle, \u010di je prav\u00e1, siln\u00e1 alebo slab\u00e1. Viera z&nbsp;Ducha Sv\u00e4t\u00e9ho never\u00ed v&nbsp;samu seba. Je to viera, ktor\u00e1 ver\u00ed v&nbsp;Boha.<\/p>\n\n\n\n<p>\u010co z\u00a0toho vypl\u00fdva? Jednoducho to, \u017ee viera nie je \u013eudsk\u00e1 schopnos\u0165. Viera je ovoc\u00edm p\u00f4sobenia Ducha Sv\u00e4t\u00e9ho v\u00a0n\u00e1s! Je to dar! A\u00a0\u010do tak\u00e1to viera vzbuden\u00e1 Duchom Sv\u00e4t\u00fdm v\u00a0\u010dloveku p\u00f4sob\u00ed? <em>\u201eRieky \u017eivej vody pote\u010d\u00fa zvn\u00fatra toho, kto ver\u00ed vo m\u0148a\u201c<\/em> (J7, 38) &#8211; teda, \u010dlovek, ktor\u00fd ver\u00ed v\u00a0Je\u017ei\u0161a sa m\u00f4\u017ee sta\u0165 prame\u0148om dobra, pokoja a po\u017eehnan\u00edm pre in\u00fdch, ale nie s\u00e1m zo seba, ale len ke\u010f ver\u00ed v\u00a0P\u00e1na Je\u017ei\u0161a Krista. V\u00a0Boha, ktor\u00fd jedin\u00fd m\u00e1 moc robi\u0165 z\u00e1zraky. Hne\u010f v\u00a0\u010fal\u0161ej 10. kapitole Markovho evanjelia preto nie n\u00e1hodou \u010d\u00edtame: <em>\u201e\u013du\u010fom je to nemo\u017en\u00e9, ale Bohu nie; lebo Bohu je v\u0161etko mo\u017en\u00e9.\u201c <\/em>(Marek 10,27).<em> <\/em>M\u00f4\u017ee Je\u017ei\u0161 pre n\u00e1s nie\u010do urobi\u0165, pre n\u00e1\u0161 svet, vz\u0165ahy a\u00a0probl\u00e9my? Je\u017ei\u0161 obracia ot\u00e1zku naruby a\u00a0d\u00e1va ot\u00e1znik na vieru \u010dloveka &#8211;<em> ak m\u00f4\u017ee\u0161? <\/em>Jemu je v\u0161etko mo\u017en\u00e9. Nepochybujme. Probl\u00e9m nie je u\u00a0Je\u017ei\u0161a. Probl\u00e9m n\u00e1s \u013eud\u00ed je ten, \u017ee Boha zmen\u0161ujeme. Mysl\u00edme si, \u017ee ke\u010f to nedok\u00e1\u017eeme my, tak to On tie\u017e nedok\u00e1\u017ee. Ale On m\u00e1 v\u0161etky mo\u017enosti a\u00a0schopnosti. Je Boh, preto Mu nemo\u017eno prisudzova\u0165 obmedzen\u00e9 mo\u017enosti a\u00a0\u013eudsk\u00e9 meradl\u00e1. Ot\u00e1zka tu nestoj\u00ed, \u010di to Je\u017ei\u0161 dok\u00e1\u017ee, ale ako je to s\u00a0na\u0161ou vierou. Teda nie <em>ak m\u00f4\u017ee\u0161, tak pom\u00f4\u017e<\/em>, ale <em>Pane ver\u00edm, \u017ee v\u0161etko m\u00f4\u017ee\u0161<\/em>. Tak vyzn\u00e1vajme. <\/p>\n\n\n\n<p>Nie v\u017edy v\u0161etk\u00e9mu rozumieme, nie v\u017edy vieme v\u0161etko pochopi\u0165. Niekedy je to tak aj s ot\u00e1zkami viery. \u010casto sa zam\u00fd\u0161\u013eame nad ot\u00e1zkami stvorenia sveta, nad nekone\u010dnos\u0165ou vesm\u00edru, ale aj nad chorobami a ne\u0161\u0165ast\u00edm, ktor\u00e9 je vo svete. Nie v\u017edy v\u0161etk\u00e9mu mus\u00edme rozumie\u0165 \u2013 nemali by sme v\u0161ak prest\u00e1va\u0165 VERI\u0164. Nepochybova\u0165 vo viere v&nbsp;Neho, \u010di sa o&nbsp;n\u00e1s star\u00e1, a \u017ee Mu na n\u00e1s z\u00e1le\u017e\u00ed. Nepochybova\u0165 vo viere Jeho zas\u013e\u00fabeniam, Jeho vernosti,&nbsp;Jeho milosti a&nbsp;Jeho moci.<em> <\/em>Je to Je\u017ei\u0161, ktor\u00fd vid\u00ed a nesie na\u0161u neistotu, ke\u010f na\u0161a viera zlyh\u00e1va tv\u00e1rou v tv\u00e1r n\u00e1ro\u010dn\u00fdm v\u00fdzvam. Viera m\u00f4\u017ee zosta\u0165 \u017eivou, m\u00f4\u017ee r\u00e1s\u0165 len vtedy, ke\u010f je zakorenen\u00e1 v na\u0161om Spasite\u013eovi a&nbsp;P\u00e1novi Je\u017ei\u0161ovi Kristovi.<\/p>\n\n\n\n<p>Viera zachra\u0148uje pred t\u00fdm, \u010do sa \u010dloveku zd\u00e1 nepochopite\u013en\u00e9 a\u00a0nezdolate\u013en\u00e9. Viera men\u00ed \u010dloveka. Objavme v\u00a0sebe vieru, lebo On kon\u00e1. Nikdy si nebu\u010fme ist\u00ed sami sebou, so svojimi pl\u00e1nmi. Prich\u00e1dzaj\u00fa chv\u00edle, v ktor\u00fdch sa n\u00e1m str\u00e1ca Je\u017ei\u0161ova bl\u00edzkos\u0165, sila, Jeho konkr\u00e9tna pomoc. Momenty, ke\u010f sa na\u0161a viera rozochveje, nebezpe\u010dne rozkol\u00ed\u0161e, pad\u00e1me do bezn\u00e1deje a bezmocnosti. \u010co n\u00e1m v\u0161ak br\u00e1ni, aby sme vtedy volali: <em>\u201eVer\u00edm! Pom\u00f4\u017e mojej nevere!\u201c<\/em>?<strong><em> <\/em><\/strong>Neh\u013eadajme silu v\u00a0sebe, vo vlastn\u00fdch zdrojoch. Nehrajme sa na lep\u0161\u00edch. Ni\u010d nepredstierajme a\u00a0bu\u010fme \u00faprimn\u00ed.<em> \u201eVer\u00edm!\u201c<\/em> povedan\u00e9 zo \u017ealmistom (\u017d 130, 1), je to volanie z\u00a0hlbokosti du\u0161e a\u00a0vyznajme poctivo Je\u017ei\u0161ovi so slzami v\u00a0o\u010diach \u201e<em>Pom\u00f4\u017e mojej nevere!\u201c <\/em>Tak sa rod\u00ed skuto\u010dn\u00e1 a prav\u00e1 viera. Majme t\u00fa silu a\u00a0odvahu to vyzna\u0165. Spoznajme a\u00a0vyznajme svoju neveru. Spoznajme, \u017ee Je\u017ei\u0161ova pr\u00edtomnos\u0165 odha\u013euje na\u0161u biedu nevery, ale aj preb\u00fadza na\u0161u vieru! Spoznajme, \u017ee pomoc,\u00a0uzdravenie a\u00a0n\u00e1dej potrebujeme aj my. H\u013eadajme spr\u00e1vne a\u00a0dobr\u00e9 smerovanie.<em> <\/em>Odovzdajme sa Je\u017ei\u0161ovi, ktor\u00e9mu nie je ni\u010d nemo\u017en\u00e9. On chce by\u0165 bl\u00edzko n\u00e1m. By\u0165 n\u00e1m bl\u00edzkym aj v na\u0161ich pochybnostiach, sklamaniach, dokonca i p\u00e1doch. On n\u00e1s chce dovies\u0165 k\u00a0viere. Z\u00e1pas o\u00a0vieru sa nevyhr\u00e1va predstieranou vierou, ale vyznan\u00edm nevery! Vyznan\u00edm: <em>Pane, zmiluj sa nado mnou, pom\u00f4\u017e mi veri\u0165. <\/em>Sami to nedok\u00e1\u017eeme. Spo\u013eahnime sa na P\u00e1novu milos\u0165. <\/p>\n\n\n\n<p>Pokoj V\u00e1m!! <\/p>\n","protected":false},"excerpt":{"rendered":"<p>Heslo roka 2020 &#8222;Ver\u00edm! Pom\u00f4\u017e mojej nevere! &#8220; Marek 9, 24 Vie dne\u0161n\u00fd \u010dlovek \u010do je to viera? Samozrejme mysl\u00ed sa tu viera v&nbsp;Trojjedin\u00e9ho Boha. Nie je na \u0161kodu z&nbsp;\u010dasu na \u010das siahnu\u0165 po na\u0161ich luter\u00e1nskych vierovyzn\u00e1va\u010dsk\u00fdch spisoch, zlat\u00e9mu pokladu reform\u00e1cie, kde n\u00e1\u0161 reform\u00e1tor Martin Luther vo svojom vysvetlen\u00ed 3. \u010dl\u00e1nku Viery v\u0161eobecnej kres\u0165anskej o&nbsp;posv\u00e4ten\u00ed &#8230; <a title=\"Viera &#8211; nevera\" class=\"read-more\" href=\"https:\/\/www.e-anjelik.sk\/index.php\/2020\/01\/11\/viera-neviera\/\" aria-label=\"Pre\u010d\u00edtajte si viac o Viera &#8211; nevera\">\u010c\u00edta\u0165 viac<\/a><\/p>\n","protected":false},"author":3,"featured_media":0,"comment_status":"open","ping_status":"open","sticky":false,"template":"","format":"standard","meta":{"footnotes":""},"categories":[73],"tags":[],"class_list":["post-33243","post","type-post","status-publish","format-standard","hentry","category-ecav"],"_links":{"self":[{"href":"https:\/\/www.e-anjelik.sk\/index.php\/wp-json\/wp\/v2\/posts\/33243","targetHints":{"allow":["GET"]}}],"collection":[{"href":"https:\/\/www.e-anjelik.sk\/index.php\/wp-json\/wp\/v2\/posts"}],"about":[{"href":"https:\/\/www.e-anjelik.sk\/index.php\/wp-json\/wp\/v2\/types\/post"}],"author":[{"embeddable":true,"href":"https:\/\/www.e-anjelik.sk\/index.php\/wp-json\/wp\/v2\/users\/3"}],"replies":[{"embeddable":true,"href":"https:\/\/www.e-anjelik.sk\/index.php\/wp-json\/wp\/v2\/comments?post=33243"}],"version-history":[{"count":6,"href":"https:\/\/www.e-anjelik.sk\/index.php\/wp-json\/wp\/v2\/posts\/33243\/revisions"}],"predecessor-version":[{"id":33250,"href":"https:\/\/www.e-anjelik.sk\/index.php\/wp-json\/wp\/v2\/posts\/33243\/revisions\/33250"}],"wp:attachment":[{"href":"https:\/\/www.e-anjelik.sk\/index.php\/wp-json\/wp\/v2\/media?parent=33243"}],"wp:term":[{"taxonomy":"category","embeddable":true,"href":"https:\/\/www.e-anjelik.sk\/index.php\/wp-json\/wp\/v2\/categories?post=33243"},{"taxonomy":"post_tag","embeddable":true,"href":"https:\/\/www.e-anjelik.sk\/index.php\/wp-json\/wp\/v2\/tags?post=33243"}],"curies":[{"name":"wp","href":"https:\/\/api.w.org\/{rel}","templated":true}]}}