{"id":33252,"date":"2020-01-12T00:18:08","date_gmt":"2020-01-11T23:18:08","guid":{"rendered":"http:\/\/e-anjelik.sk\/?p=33252"},"modified":"2020-01-12T00:18:08","modified_gmt":"2020-01-11T23:18:08","slug":"sem-v-roku-2020","status":"publish","type":"post","link":"https:\/\/www.e-anjelik.sk\/index.php\/2020\/01\/12\/sem-v-roku-2020\/","title":{"rendered":"SEM v roku 2020"},"content":{"rendered":"\n<h1 class=\"wp-block-heading\">SEM v roku 2020<\/h1>\n\n\n\n<figure class=\"wp-block-image\"><a href=\"https:\/\/www.ecav.sk\/rails\/active_storage\/blobs\/eyJfcmFpbHMiOnsibWVzc2FnZSI6IkJBaHBBbkNEIiwiZXhwIjpudWxsLCJwdXIiOiJibG9iX2lkIn19--c70c8f90efd1a29e0427ff33ab741e4dec879296\/Screenshot_8.jpg\"><img decoding=\"async\" src=\"https:\/\/www.ecav.sk\/rails\/active_storage\/representations\/eyJfcmFpbHMiOnsibWVzc2FnZSI6IkJBaHBBbkNEIiwiZXhwIjpudWxsLCJwdXIiOiJibG9iX2lkIn19--c70c8f90efd1a29e0427ff33ab741e4dec879296\/eyJfcmFpbHMiOnsibWVzc2FnZSI6IkJBaDdCam9MY21WemFYcGxTU0lJT1RBd0Jqb0dSVlE9IiwiZXhwIjpudWxsLCJwdXIiOiJ2YXJpYXRpb24ifX0=--f83398908a42570f1be2d2870fc3e62f317d893b\/Screenshot_8.jpg\" alt=\"SEM v roku 2020\"\/><\/a><\/figure>\n\n\n\n<ul class=\"wp-block-list\"><li>&nbsp;09.01.20<\/li><li>&nbsp;&nbsp;Jozef \u0160imek, predseda SEM<\/li><li>&nbsp;<a href=\"https:\/\/www.ecav.sk\/aktuality\/spravodajstvo\">&nbsp;Spravodajstvo<\/a><\/li><\/ul>\n\n\n\n<p>Spolo\u010denstvo evanjelickej ml\u00e1de\u017ee je celoslovensk\u00e9 kres\u0165ansk\u00e9 ml\u00e1de\u017en\u00edcke ob\u010dianske zdru\u017eenie, ktor\u00e9 chce vies\u0165 mlad\u00fdch \u013eud\u00ed k poznaniu Boha a k \u017eivotu s N\u00edm. Ak v\u00e1s zauj\u00edmaj\u00fa ich pl\u00e1novan\u00e9 aktivity v roku 2020, pon\u00fakame v\u00e1m ich kalend\u00e1r.&nbsp;<a href=\"https:\/\/www.ecav.sk\/rails\/active_storage\/blobs\/eyJfcmFpbHMiOnsibWVzc2FnZSI6IkJBaHBBbStEIiwiZXhwIjpudWxsLCJwdXIiOiJibG9iX2lkIn19--9d82cf65243ae29c6cdfdf6be8fe2e78cc1f7cd0\/Pl%C3%A1n%20aktiv%C3%ADt%20SEM%202020.pdf\" target=\"_blank\" rel=\"noreferrer noopener\">Pl\u00e1n aktiv\u00edt SEM 2020.pdf<\/a><\/p>\n","protected":false},"excerpt":{"rendered":"<p>SEM v roku 2020 &nbsp;09.01.20 &nbsp;&nbsp;Jozef \u0160imek, predseda SEM &nbsp;&nbsp;Spravodajstvo Spolo\u010denstvo evanjelickej ml\u00e1de\u017ee je celoslovensk\u00e9 kres\u0165ansk\u00e9 ml\u00e1de\u017en\u00edcke ob\u010dianske zdru\u017eenie, ktor\u00e9 chce vies\u0165 mlad\u00fdch \u013eud\u00ed k poznaniu Boha a k \u017eivotu s N\u00edm. Ak v\u00e1s zauj\u00edmaj\u00fa ich pl\u00e1novan\u00e9 aktivity v roku 2020, pon\u00fakame v\u00e1m ich kalend\u00e1r.&nbsp;Pl\u00e1n aktiv\u00edt SEM 2020.pdf<\/p>\n","protected":false},"author":4,"featured_media":0,"comment_status":"open","ping_status":"open","sticky":false,"template":"","format":"standard","meta":{"footnotes":""},"categories":[4,193],"tags":[],"class_list":["post-33252","post","type-post","status-publish","format-standard","hentry","category-akcie","category-co-pisu-ini"],"_links":{"self":[{"href":"https:\/\/www.e-anjelik.sk\/index.php\/wp-json\/wp\/v2\/posts\/33252","targetHints":{"allow":["GET"]}}],"collection":[{"href":"https:\/\/www.e-anjelik.sk\/index.php\/wp-json\/wp\/v2\/posts"}],"about":[{"href":"https:\/\/www.e-anjelik.sk\/index.php\/wp-json\/wp\/v2\/types\/post"}],"author":[{"embeddable":true,"href":"https:\/\/www.e-anjelik.sk\/index.php\/wp-json\/wp\/v2\/users\/4"}],"replies":[{"embeddable":true,"href":"https:\/\/www.e-anjelik.sk\/index.php\/wp-json\/wp\/v2\/comments?post=33252"}],"version-history":[{"count":1,"href":"https:\/\/www.e-anjelik.sk\/index.php\/wp-json\/wp\/v2\/posts\/33252\/revisions"}],"predecessor-version":[{"id":33253,"href":"https:\/\/www.e-anjelik.sk\/index.php\/wp-json\/wp\/v2\/posts\/33252\/revisions\/33253"}],"wp:attachment":[{"href":"https:\/\/www.e-anjelik.sk\/index.php\/wp-json\/wp\/v2\/media?parent=33252"}],"wp:term":[{"taxonomy":"category","embeddable":true,"href":"https:\/\/www.e-anjelik.sk\/index.php\/wp-json\/wp\/v2\/categories?post=33252"},{"taxonomy":"post_tag","embeddable":true,"href":"https:\/\/www.e-anjelik.sk\/index.php\/wp-json\/wp\/v2\/tags?post=33252"}],"curies":[{"name":"wp","href":"https:\/\/api.w.org\/{rel}","templated":true}]}}