{"id":33256,"date":"2020-01-12T00:31:53","date_gmt":"2020-01-11T23:31:53","guid":{"rendered":"http:\/\/e-anjelik.sk\/?p=33256"},"modified":"2020-01-12T00:31:53","modified_gmt":"2020-01-11T23:31:53","slug":"prava-sluzba-bohu","status":"publish","type":"post","link":"https:\/\/www.e-anjelik.sk\/index.php\/2020\/01\/12\/prava-sluzba-bohu\/","title":{"rendered":"Prav\u00e1 slu\u017eba Bohu"},"content":{"rendered":"\n<p><em>&nbsp; &nbsp; &nbsp; <\/em><strong>Prav\u00e1 slu\u017eba Bohu<\/strong><\/p>\n\n\n\n<p><em>\u010eakujeme Ti, Bo\u017ee, za Tvoju milos\u0165 vyjaven\u00fa<\/em><\/p>\n\n\n\n<p><em>v Tvojom milom Synovi a na\u0161om P\u00e1novi Je\u017ei\u0161ovi Kristovi,<\/em><\/p>\n\n\n\n<p><em>i za v\u0161etko po\u017eehnanie, \u010do sme prijali v uplynul\u00fdch sviatkoch<\/em><\/p>\n\n\n\n<p><em>v na\u0161ich rodin\u00e1ch i v cirkevnom zbore.<\/em><\/p>\n\n\n\n<p><em>Dnes n\u00e1m op\u00e4\u0165 pom\u00e1haj sk\u00fama\u0165 a pozn\u00e1va\u0165 lep\u0161ie<\/em><\/p>\n\n\n\n<p><em>a dokonalej\u0161ie Tvoju sv\u00e4t\u00fa v\u00f4\u013eu a potom pod\u013ea miery<\/em><\/p>\n\n\n\n<p><em>udelenej viery kona\u0165 to, \u010do je Tebe mil\u00e9, bl\u00ed\u017enym dobr\u00e9<\/em><\/p>\n\n\n\n<p><em>a prospe\u0161n\u00e9 a \u010do vedie k dokonalosti a rastu P\u00e1novej cirkvi<\/em><\/p>\n\n\n\n<p><em>v tomto svete. Amen&nbsp;<\/em><\/p>\n\n\n\n<p><strong>R 12, 1 &#8211; 5:<\/strong><\/p>\n\n\n\n<p><em>&nbsp; &nbsp; \u201cPros\u00edm v\u00e1s teda, bratia, pre milosrdenstvo Bo\u017eie, vyd\u00e1vajte svoje tel\u00e1 v \u017eiv\u00fa, sv\u00e4t\u00fa, Bohu pr\u00edjemn\u00fa obe\u0165, va\u0161u rozumn\u00fa to slu\u017ebu Bohu.(2) A nepripodob\u0148ujte sa tomuto svetu, ale preme\u0148te sa obnoven\u00edm mysle, aby ste rozsudzovali , \u010do je v\u00f4\u013ea Bo\u017eia, toti\u017e, \u010do je dob\u00e9, mil\u00e9 a dokonal\u00e9.<\/em><\/p>\n\n\n\n<p><em>&nbsp;&nbsp; (3) Lebo mocou milosti, ktor\u00e1 je mi dan\u00e1, hovor\u00edm ka\u017ed\u00e9mu medzi vami, aby si nemyslel o sebe viac ako treba, ale aby skromne zm\u00fd\u0161\u013eal, ako Boh komu udelil mieru viery. (4) Lebo ako v jednom tele m\u00e1me mnoho \u00fadov, ale v\u0161etky \u00fady nevykon\u00e1vaj\u00fa t\u00fa ist\u00fa \u010dinnos\u0165, (5) tak aj my mnoh\u00ed sme jedno telo v Kristu, jednotlive v\u0161ak sme si navz\u00e1jo \u00fadmi.\u201d Amen<\/em><\/p>\n\n\n\n<p>&nbsp; &nbsp; &nbsp; &nbsp; &nbsp; &nbsp; V slu\u017ebe P\u00e1novi stojaci bratia a sestry!<\/p>\n\n\n\n<p>&nbsp; &nbsp; Na za\u010diatku prv\u00fdch dn\u00ed nov\u00e9ho roku, ke\u010f ako kres\u0165ania pre\u017e\u00edvame pokra\u010duj\u00face obdobie viano\u010dn\u00e9ho kruhu a viano\u010dn\u00e9 strom\u010deky e\u0161te zdobia na\u0161e chr\u00e1my a na\u0161e pr\u00edbytky, chceme po\u010du\u0165 naliehav\u00fa prosbu apo\u0161tola Pavla, ktor\u00e1 n\u00e1s orientuje na ka\u017edoden\u00fd \u017eivot v na\u0161ich rodin\u00e1ch i v spolo\u010denstve cirkvi. Sviatky, ktor\u00e9 sme pre\u017eili, boli v\u00fdzvou k prijatiu Bo\u017ee milosti darovanej svetu v naroden\u00ed Spasite\u013ea. Oslovili v\u0161etk\u00fdch \u013eud\u00ed, aby zanechali star\u00e9 vychoden\u00e9 cesty a cesti\u010dky \u013eud\u00ed tohoto sveta a boli pozvan\u00edm na nov\u00fa, \u00fazku cestu \u017eivota. Cestu nasledovania Krista P\u00e1na vo viere, cestu slu\u017eby diakona \u0160tefana a cestu mudrcov od v\u00fdchodu, ktor\u00ed sa poklonili Je\u017ei\u0161kovi, obetovali Mu prinesen\u00e9 dary a potom sa inou cestou vr\u00e1tili do svojej krajiny. K nov\u00e9mu \u017eivotu s P\u00e1nom n\u00e1s poz\u00fdva aj pre\u010d\u00edtan\u00e9 apo\u0161tolsk\u00e9 slovo.&nbsp;<\/p>\n\n\n\n<p>&nbsp; &nbsp; &nbsp; &nbsp;<strong> Obe\u0165 \u017eivota P\u00e1novi je rozumnou slu\u017ebou P\u00e1nu Bohu.<\/strong>&nbsp;<\/p>\n\n\n\n<p>&nbsp; &nbsp; &nbsp; &nbsp; Prejavuje sa:<\/p>\n\n\n\n<ol class=\"wp-block-list\"><li><em>nepripodob\u0148ovan\u00edm tomuto svetu<\/em><\/li><li><em>vyu\u017eit\u00edm darov na slu\u017ebu<\/em><\/li><li><em>posil\u0148ovan\u00edm jednoty v Kristu &nbsp; &nbsp; &nbsp; &nbsp; &nbsp; &nbsp;<\/em><\/li><\/ol>\n\n\n\n<p><em>&nbsp;&nbsp; &nbsp; <\/em>&nbsp; Bratia a sesty v P\u00e1novi!<\/p>\n\n\n\n<p>&nbsp; &nbsp; Ak sa skuto\u010dne v na\u0161ich srdciach <em>\u201czrodil Kristus P\u00e1n\u201d<\/em>, ak sme Mu prichystali a obetovali svoje srdcia ako jasli\u010dky a pr\u00edbytok a svoj \u017eivot chceme pre\u017ei\u0165 v rozumnej slu\u017ebe P\u00e1nu Bohu, po\u010dujeme prosbu apo\u0161tola Pavla, aby sme sa nepripodob\u0148ovali tomuto svetu. Tento svet s\u00edce zdanlivo sv\u00e4til Vianoce s nami a zdie\u013eal v\u00fdzvy k radosti, spieval koledy a piesne naroden\u00e9mu Die\u0165atku v betehemsk\u00fdch jasliach, ale Je\u017ei\u0161a neprijal. V skuto\u010dnosti Ho ani prija\u0165 nechcel, lebo c\u00edtil, \u017ee by musel zmeni\u0165 svoje myslenie a svoje konanie. Pija\u0165 Toho, ktor\u00fd pri\u0161iel pre n\u00e1s, aby n\u00e1m sl\u00fa\u017eil svoj\u00edm \u017eivotom, smr\u0165ou na kr\u00ed\u017ei a svoj\u00edm vzkriesen\u00edm, znamen\u00e1 rados\u0165 trval\u00fa, ale rados\u0165 vo viere a slu\u017ebe P\u00e1nu Bohu a bl\u00ed\u017enym ako celo\u017eivotn\u00fa \u00falohu. Znamen\u00e1 premenu, ktor\u00e1 za\u010d\u00edna v srdci, v myslen\u00ed a v du\u0161i \u010dloveka, ktor\u00e1 m\u00e1 za\u010diatok i pokra\u010dovanie nie z na\u0161ich \u013eudsk\u00fdch s\u00edl a schoponost\u00ed, ale z moci Ducha Sv\u00e4t\u00e9ho. Iba tam, kde je v Je\u017ei\u0161ovi prijat\u00e1 milos\u0165 a milosrdenstvo Bo\u017eie, je snaha a pripravenos\u0165 \u010dloveka na nov\u00fd \u017eivot, ktor\u00fd nesie znaky posv\u00e4tnosti. <em>\u201cMy milujeme, lebo On prv miloval n\u00e1s\u201d<\/em>, my sl\u00fa\u017eime, lebo On prv sl\u00fa\u017eil n\u00e1m, my vyd\u00e1vame na\u0161e tel\u00e1, na\u0161e \u017eivoty na slu\u017ebu, lebo On, Bo\u017e\u00ed Syn sa rozhodol prv obetova\u0165 za n\u00e1s a pre n\u00e1s svoj sv\u00e4t\u00fd \u017eivot.<\/p>\n\n\n\n<p>&nbsp; &nbsp; &nbsp; Tento svet s\u00edce r\u00e1d prij\u00edma a siaha po Bo\u017e\u00edch daroch a chce ich ma\u0165 a vlastni\u0165 \u010do najviac. Ale ne\u010fakuje za ne. Utrie si \u00fasta a pozer\u00e1, \u010do bude \u010fal\u0161\u00edm chodom na tanieri Bo\u017eej l\u00e1sky, ale o tom, ako s prijat\u00fdmi darmi spr\u00e1vne nalo\u017ei\u0165 nechce ni\u010d po\u010du\u0165. Mysl\u00ed si, \u017ee je dos\u0165 m\u00fadry, \u017ee je dospel\u00fd a m\u00e1 pr\u00e1vo \u017ei\u0165 a kona\u0165 pod\u013ea svojich predst\u00e1v a \u201crozumu\u201d. Nechce sa rozhodova\u0165 a rozsudzova\u0165 pod\u013ea v\u00f4le Stvorite\u013ea, ale pod\u013ea seba. Deti tohoto sveta sa podobaj\u00fa star\u00e9mu hrncu: zbyto\u010dne do neho leje\u0161 vodu, nikdy sa nenapln\u00ed, lebo m\u00e1 v hrdzavom dne plno dier, kadia\u013e v\u0161etka voda vyte\u010die.&nbsp;<\/p>\n\n\n\n<p>&nbsp; &nbsp; &nbsp; \u010clovek poztrebuje zmenu. To nie je iba politick\u00fd slogan pred vo\u013ebami, ale skuto\u010dn\u00e1 po\u017eiadavka na n\u00e1s. Potrebujeme nov\u00e9 myslenie, prestavbu, reformu &#8211; ale nielen v spolo\u010denskom \u017eivote, ale aj v na\u0161om osobnom \u017eivote. Povedan\u00e9 slovami Mal\u00e9ho katechizmu Dr.Martina Luthera, skuto\u010dn\u00fd, znovuzroden\u00fd kres\u0165an je ten, ktor\u00fd <em>\u201cka\u017edodenne m\u0155tvi star\u00e9ho Adama, star\u00e9ho \u010dloveka v sebe a denne povst\u00e1va ako nov\u00fd \u010dlovek, ktor\u00fd \u017eije v \u010distote a spravodlivosti ve\u010dne pred Bohom\u201d<\/em>. Premena <em>\u201cobnoven\u00edm mysle\u201d<\/em> o ktorej hovor\u00ed apo\u0161tol Pavel, m\u00e1 nielen svoj za\u010diatok, ale aj pokra\u010dovanie a\u017e do posledn\u00e9ho dychu. A\u017e po Pavlovsk\u00e9 vyznanie:<em> \u201cDobr\u00fd boj som dobojoval, beh&nbsp; dokonal\u2026\u201d . <\/em>Na\u0161ou snahou m\u00e1 by\u0165<em> \u201cpremena mysle, aby sme rozsudzovali, \u010do je v\u00f4\u013ea Bo\u017eia,&nbsp; toti\u017e, \u010do je dobr\u00e9, mil\u00e9 a dokonal\u00e9\u201d. <\/em>Kto zabudol hne\u010f po Vianociah na Krista, zost\u00e1va ako kame\u0148 v rieke: je obm\u00fdvan\u00fd vodou, ale voda do neho neprenikla.&nbsp;<\/p>\n\n\n\n<p>2. Obe\u0165 \u017eivota P\u00e1novi, ktor\u00e1 je rozumnou slu\u017ebou P\u00e1nu Bohu je napredovan\u00edm vo viere a slu\u017ebou bl\u00ed\u017enym t\u00fdmi darmi, ktor\u00e9 sme priali ako \u201ccharizmy\u201d od P\u00e1na Boha. Ka\u017ed\u00fd bol obdarovan\u00fd nielen dar\u010dekmi pod strom\u010dekom, ale aj osobitn\u00fdmi darmi od P\u00e1na Boha, ktor\u00e9 maj\u00fa sl\u00fa\u017ei\u0165 n\u00e1m, ale aj na\u0161im bl\u00ed\u017enym. Nikto by nemal by\u0165 py\u0161n\u00fd a hrd\u00fd a pova\u017eova\u0165 svoje obdarovanie, svoje hrivny, alebo talenty za svoje vlastn\u00e9 z\u00e1sluhy, na z\u00e1klade ktor\u00fdch by sa \u010dlovek mohol povy\u0161ova\u0165 nad in\u00fdch, \u010di dokonca nad P\u00e1na Boha. Ani ten najobdarovanej\u0161\u00ed a najcharizmatickej\u0161\u00ed \u010dlovek si nem\u00e1 o sebe myslie\u0165 <em>\u201cviac ako treba\u201d.<\/em> Nem\u00e1 ni\u010d, len to, \u010do dostal od P\u00e1na Boha ako dar, alebo schopnos\u0165, aby konal nejak\u00fa \u010dinnos\u0165. Mnoh\u00ed si myslia, \u017ee P\u00e1n Boh ned\u00e1va dary \u010dloveku, \u013eu\u010fom, n\u00e1rodom, alebo rodine a jednotlivcom. V\u0161etko pripisuj\u00fa sebe, alebo pova\u017euj\u00fa za samozrejm\u00e9, ak v nie\u010dom vynikaj\u00fa a s\u00fa viac obdarovan\u00ed ako in\u00ed.&nbsp;<\/p>\n\n\n\n<p>&nbsp; &nbsp; &nbsp; Iste\u017ee deti tohoto sveta neuzn\u00e1vaj\u00fa ani \u201cJe\u017ei\u0161ka\u201d, nechc\u00fa uveri\u0165 a prija\u0165, \u017ee On prin\u00e1\u0161a dar\u010deky nielen na Vianoce, ale ani inokedy. Dary prij\u00edmaj\u00fa, ale D\u00e1rcu nevidia, neuzn\u00e1vaj\u00fa a preto ani nie s\u00fa schopn\u00ed a ochotn\u00ed sa podeli\u0165 s in\u00fdmi. Nechc\u00fa in\u00fdm sl\u00fa\u017ei\u0165, aby ich obdarovali svojou pr\u00e1cou, alebo v\u00fdsledkami svojej \u010dinnosti. Apo\u0161tol Pavel kres\u0165anom pripom\u00edna, \u017ee to tak nem\u00e1 by\u0165 medzi nimi, teda v cirkvi. Cirkev je <em>\u201ctelom Kristov\u00fdm\u201d<\/em> a ka\u017ed\u00fd \u010dlen cirkvi, tak ako ka\u017ed\u00fd \u00fad tela m\u00e1 in\u00fa schopnos\u0165, ktor\u00fa kon\u00e1. Je prirodzen\u00e9, \u017ee v\u0161etky \u00fady tela nevykon\u00e1vaj\u00fa t\u00fa ist\u00fa \u010dinnos\u0165, ale navz\u00e1jom si sl\u00fa\u017eia.<em> \u201cTak aj my mnoh\u00ed sme jedno telo v Kristu, jednotlivo v\u0161ak sme si navz\u00e1jom \u00fadmi\u201d<\/em>. Toto videnie a vn\u00edmanie je tie\u017e darom Ducha Sv\u00e4t\u00e9ho. Takto vid\u00edme spolo\u010denstvo cirkvi aj my a ka\u017ed\u00e9 veriace srdce a veriaca du\u0161a. Prvotn\u00e1 kres\u0165ansk\u00e1 cirkev bola tak\u00fdmto spolo\u010denstvom a aj dnes m\u00e1 ma\u0165 a nies\u0165 tak\u00e9to a podobn\u00e9 znaky sl\u00fa\u017eiacej a pom\u00e1haj\u00facej l\u00e1sky.<\/p>\n\n\n\n<p>3.&nbsp; Bratia a sestry v P\u00e1novi!<\/p>\n\n\n\n<p>&nbsp;&nbsp; &nbsp; Obe\u0165 \u017eivota P\u00e1novi a rozumn\u00e1 slu\u017eba P\u00e1nu Bohu zamen\u00e1 teda budovanie spolo\u010denstva l\u00e1sky, vz\u00e1jomnej pomoci a slu\u017eby. O prv\u00fdch kres\u0165anoch v cirkeevnom zbore jeruzalemskom je svedectvo evanjelistu Luk\u00e1\u0161a v Skutkoch apo\u0161tolov: <em>\u201d A to mno\u017estvo veriacich bolo jedno srdce a jedna du\u0161a: a nikto z toho, \u010do mal, ni\u010d nepokladal za svoje, ale v\u0161etko im bolo spolo\u010dn\u00e9\u201d. (Sk 4, 32) <\/em>Dnes je u\u017e P\u00e1nova cirkev roz\u0161\u00edren\u00e1 po celom svete. Roz\u0161\u00edrenie spolo\u010denstva kres\u0165anov je darom slu\u017eby Ducha Sv\u00e4t\u00e9ho. Nie je u\u017e nutn\u00e9, ale najm\u00e4 mo\u017en\u00e9, naplni\u0165 uveden\u00fd pr\u00edklad doslovne. Na\u0161ou \u00falohou je sk\u00f4r zachovanie jednoty v jednom <em>\u201cspolo\u010dnom dome\u201d<\/em>, ak\u00fdm je napr\u00edklad aj na\u0161a ECAV. Napriek roz\u0161\u00edreniu po\u010dtu zborov, m\u00e1me ma\u0165 spolo\u010dn\u00e9 povedomie o \u201cjednom tele\u201d, toti\u017e o jednote zborov a ich \u010dlenov na celom \u00fazem\u00ed na\u0161ej vlasti. Nie v\u017edy v\u0161ak dokazujeme, \u017ee sme si navz\u00e1jom \u00fadmi, \u017ee si sl\u00fa\u017eimi r\u00f4znymi darmi a \u017ee zachov\u00e1vame jednotu vn\u00fatorn\u00fa, ale aj vonkaj\u0161iu. Posil\u0148ovanie jednoty v Kristu P\u00e1nu je v\u0161ak na\u0161ou prvoradou \u00falohou. P\u00e1n Je\u017ei\u0161 chce na\u0161u jednotu. Za \u0148u pros\u00ed a prihov\u00e1ra sa u Otca za n\u00e1s\u2026<\/p>\n\n\n\n<p>&nbsp; &nbsp; Jednota v cirkvi m\u00e1 za\u010d\u00edna\u0165 v na\u0161ich rodin\u00e1ch a v ich jednote. Nie je to \u017eia\u013e samozrejmos\u0165, ani pravidlo. Rudolf Hru\u0161\u00ednsky, herec a n\u00e1rodn\u00fd umelec v \u010dasopise Na\u0161a rodina raz nap\u00edsal: <em>\u201dV\u017edy si znovu, intenz\u00edvnj\u0161ie a s pote\u0161en\u00edm uvedomujem, \u017ee m\u00e1m dobr\u00fa \u017eenu, dobr\u00e9 deti, dobr\u00e9 vn\u00fa\u010dat\u00e1 a nieko\u013eko dobr\u00fdch priate\u013eov. A to je ve\u013ea\u201d.<\/em> \u00c1no, to je naozaj ve\u013ea. A je to aj v\u00f4\u013ea Bo\u017eia pri n\u00e1s. Boh Otec chce v\u017edy to, \u010do je <em>\u201cdobr\u00e9, mil\u00e9 a dokonal\u00e9\u201d<\/em>.&nbsp;<\/p>\n\n\n\n<p>&nbsp; &nbsp; &nbsp; Vieme, \u017ee nie v\u017edy sa n\u00e1m budovanie jednoty v spolo\u010denstve cirkvi dar\u00ed. (T\u00fdm menej jednota v \u0161ir\u0161om ekumenickom horizonte.) Ak n\u00e1s aj dnes mnoho vec\u00ed deprimuje a ohrozuje na\u0161u jednotu, vieme, \u017ee je to n\u00e1sledok \u013eudskej slabosti a hriechu. Nem\u00f4\u017ee n\u00e1s pote\u0161i\u0165, alebo ospravedlni\u0165, \u017ee v \u0161ir\u0161om kruhu na\u0161ej spolo\u010dnosti je to podobn\u00e9. Aj tu s\u00edce mnoh\u00ed volaj\u00fa po jednote, ale ka\u017ed\u00fd si ju predstavuje inak\u2026&nbsp;<\/p>\n\n\n\n<p>&nbsp;&nbsp; &nbsp; &nbsp; Ale nejednota v takom malom spolo\u010denstve, ako je na\u0161a cirkev, je v\u00e1\u017enym ohrozen\u00edm jej existencie. Niektor\u00ed s\u00fa zlomen\u00ed, deprimovan\u00ed a znechuten\u00ed. V dne\u0161n\u00fa nede\u013eu si v\u0161ak m\u00f4\u017eeme uvedomi\u0165, \u017ee cirkev m\u00e1 by\u0165 ako jedna rodina. Tak\u00e1 rodina, v akej vyrastal aj P\u00e1n Je\u017ei\u0161 po svojom naroden\u00ed. Jeho prijat\u00edm ako Z\u00e1chrancu prij\u00edmame Toho, ktor\u00fd n\u00e1m pon\u00faka milos\u0165 a pomoc pre&nbsp; zachovanie spolo\u010denstva s Otcom, ale aj pomoc pre spolo\u010denstvo rodiny i na\u0161ej cirkvi. Amen<\/p>\n\n\n\n<p>&nbsp; &nbsp; &nbsp; &nbsp; 1.nede\u013ea po Zjaven\u00ed Krista P\u00e1na &#8211; Soboti\u0161te 89\/20 &#8211; \u013dubom\u00edr Batka st.<\/p>\n","protected":false},"excerpt":{"rendered":"<p>&nbsp; &nbsp; &nbsp; Prav\u00e1 slu\u017eba Bohu \u010eakujeme Ti, Bo\u017ee, za Tvoju milos\u0165 vyjaven\u00fa v Tvojom milom Synovi a na\u0161om P\u00e1novi Je\u017ei\u0161ovi Kristovi, i za v\u0161etko po\u017eehnanie, \u010do sme prijali v uplynul\u00fdch sviatkoch v na\u0161ich rodin\u00e1ch i v cirkevnom zbore. Dnes n\u00e1m op\u00e4\u0165 pom\u00e1haj sk\u00fama\u0165 a pozn\u00e1va\u0165 lep\u0161ie a dokonalej\u0161ie Tvoju sv\u00e4t\u00fa v\u00f4\u013eu a potom pod\u013ea &#8230; <a title=\"Prav\u00e1 slu\u017eba Bohu\" class=\"read-more\" href=\"https:\/\/www.e-anjelik.sk\/index.php\/2020\/01\/12\/prava-sluzba-bohu\/\" aria-label=\"Pre\u010d\u00edtajte si viac o Prav\u00e1 slu\u017eba Bohu\">\u010c\u00edta\u0165 viac<\/a><\/p>\n","protected":false},"author":4,"featured_media":0,"comment_status":"open","ping_status":"open","sticky":false,"template":"","format":"standard","meta":{"footnotes":""},"categories":[121,21],"tags":[],"class_list":["post-33256","post","type-post","status-publish","format-standard","hentry","category-kazne","category-nedela-po-zjaveni"],"_links":{"self":[{"href":"https:\/\/www.e-anjelik.sk\/index.php\/wp-json\/wp\/v2\/posts\/33256","targetHints":{"allow":["GET"]}}],"collection":[{"href":"https:\/\/www.e-anjelik.sk\/index.php\/wp-json\/wp\/v2\/posts"}],"about":[{"href":"https:\/\/www.e-anjelik.sk\/index.php\/wp-json\/wp\/v2\/types\/post"}],"author":[{"embeddable":true,"href":"https:\/\/www.e-anjelik.sk\/index.php\/wp-json\/wp\/v2\/users\/4"}],"replies":[{"embeddable":true,"href":"https:\/\/www.e-anjelik.sk\/index.php\/wp-json\/wp\/v2\/comments?post=33256"}],"version-history":[{"count":2,"href":"https:\/\/www.e-anjelik.sk\/index.php\/wp-json\/wp\/v2\/posts\/33256\/revisions"}],"predecessor-version":[{"id":33258,"href":"https:\/\/www.e-anjelik.sk\/index.php\/wp-json\/wp\/v2\/posts\/33256\/revisions\/33258"}],"wp:attachment":[{"href":"https:\/\/www.e-anjelik.sk\/index.php\/wp-json\/wp\/v2\/media?parent=33256"}],"wp:term":[{"taxonomy":"category","embeddable":true,"href":"https:\/\/www.e-anjelik.sk\/index.php\/wp-json\/wp\/v2\/categories?post=33256"},{"taxonomy":"post_tag","embeddable":true,"href":"https:\/\/www.e-anjelik.sk\/index.php\/wp-json\/wp\/v2\/tags?post=33256"}],"curies":[{"name":"wp","href":"https:\/\/api.w.org\/{rel}","templated":true}]}}