{"id":33281,"date":"2020-02-04T14:30:46","date_gmt":"2020-02-04T13:30:46","guid":{"rendered":"http:\/\/e-anjelik.sk\/?p=33281"},"modified":"2020-02-04T14:30:46","modified_gmt":"2020-02-04T13:30:46","slug":"historia-slovenskych-evanjelikov","status":"publish","type":"post","link":"https:\/\/www.e-anjelik.sk\/index.php\/2020\/02\/04\/historia-slovenskych-evanjelikov\/","title":{"rendered":"Hist\u00f3ria slovensk\u00fdch evanjelikov"},"content":{"rendered":"\n<h5 class=\"wp-block-heading\" id=\"u_ps_0_0_3\"><em>pre<\/em>&nbsp;<\/h5>\n\n\n\n<p><a href=\"https:\/\/www.facebook.com\/groups\/522798774875909\/permalink\/809434059545711\/\"><abbr title=\"4. 2. 2020 11:06\"><\/abbr><\/a>Tak toto je naozaj BOMBA! A nap\u013a\u0148a stopercentne n\u00e1zov tejto vz\u00e1cnej skupiny. Najprv tro\u0161ku bl\u00edzkej hist\u00f3rie od v\u00e1\u017een\u00e9ho Pavla Urs\u00ednyho: Pod\u013ea n\u00e1vrhu prof. Ing. arch. Janky Krivo\u0161ovej, PhD. \u010dlenky a \u010dlenovia Ev. cirkvi augsbursk\u00e9ho vyznania na Slovensku vy\u0161ili v priebehu 6 rokov 17 panelov (dop\u013a\u0148am ja: zachytili pritom ve\u013ek\u00fa \u010das\u0165 hist\u00f3rie ECAV). V okt\u00f3bri 2017 sa konala v\u00fdstava v budove SND v Bratislave pri pr\u00edle\u017eitosti 500. v\u00fdro\u010dia vyst\u00fapenia Martina Luthera v chr\u00e1me vo Wittenbergu. V janu\u00e1ri 2018 som nafotil t\u00fato v\u00fdstavu v Modre. Av\u0161ak ani bulletin, ani pripojen\u00fd text nedok\u00e1zal uspokoji\u0165 moju zvedavos\u0165, \u010do je vlastne predmetom vy\u0161\u00edvanej hist\u00f3rie: mno\u017estvo javov, stavieb, tv\u00e1r\u00ed?A tak teraz v spolupr\u00e1ci s <a href=\"https:\/\/www.facebook.com\/profile.php?id=100010594563082&amp;__tn__=%2CdK-R-R&amp;eid=ARCCWWtVJhu_gKkwI4e6MSecFvfJZUTgZHoxlN44YqXV4elMis1dfif1F-i01wG9Tlpo65RtQPyzA1B7\">Janka Krivo\u0161ov\u00e1<\/a> sa n\u00e1m podarilo pomenova\u0165 udalosti, stavby, osoby a n\u00e1js\u0165 k nim aj odvol\u00e1vky na Internete.  Prajem aj V\u00e1m zac\u00edti\u0165 ten obohacuj\u00faci pocit pri prech\u00e1dzke na\u0161imi dejinami (vonkoncom to nie je prech\u00e1dzka ru\u017eovou z\u00e1hradou), ale o to je to dnes potrebnej\u0161ie.Koniec cit\u00e1tu Pavla Urs\u00ednyho.<a href=\"https:\/\/pavel.ursiny.sk\/pano\/Art\/Reformacia_2017\/?fbclid=IwAR0AU3vUILARumJQupn31OXXdNwz0c37zBRPHZ2ZDpzAih45UNCZzF_SVKo\" target=\"_blank\" rel=\"noreferrer noopener\">https:\/\/pavel.ursiny.sk\/pano\/Art\/Reformacia_2017\/<\/a><\/p>\n\n\n\n<p>Zostru\u010dnen\u00e9: Kliknite si na vy\u0161\u0161ie uveden\u00fd link a dostanete  sa do modransk\u00e9ho kostola, \u0161\u00edpkami sa budete prech\u00e1dza\u0165  od panelu k panelu a ke\u010f kliknete na tv\u00e1r (mnoho desiatok tv\u00e1r\u00ed, vr\u00e1tane knie\u017ea\u0165a Rastislava <\/p>\n\n\n\n<figure class=\"wp-block-image\"><img decoding=\"async\" src=\"https:\/\/static.xx.fbcdn.net\/images\/emoji.php\/v9\/t4c\/1\/16\/1f642.png\" alt=\"\"\/><\/figure>\n\n\n\n<p>:)) alebo kostol alebo listinu, uk\u00e1\u017ee sa V\u00e1m meno a \u017eivotn\u00e9 d\u00e1tumy, resp. miesto toho kostola, resp. n\u00e1zov tej listiny (napr\u00edklad Washingtonsk\u00e1 deklar\u00e1cia). A texty s\u00fa aj v nem\u010dine, angli\u010dtine a franc\u00faz\u0161tine!!!  Obrovsk\u00e1 a n\u00e1dhern\u00e1 robota,  mil\u00e1 Janka, mil\u00fd Pavel a v\u0161etci, \u010do sa na tomto diele podie\u013eali. \u010eakujeme. <\/p>\n\n\n\n<p><\/p>\n\n\n\n<p>Prip\u00e1jama aj na\u0161e srde\u010dn\u00e9 po\u010fakovanie a dovo\u013eujeme si obohati\u0165 aj n\u00e1v\u0161tevn\u00edkov tohoto evanj.port\u00e1lu s Va\u0161\u00edm dielom. Redakcia<\/p>\n","protected":false},"excerpt":{"rendered":"<p>pre&nbsp; Tak toto je naozaj BOMBA! A nap\u013a\u0148a stopercentne n\u00e1zov tejto vz\u00e1cnej skupiny. Najprv tro\u0161ku bl\u00edzkej hist\u00f3rie od v\u00e1\u017een\u00e9ho Pavla Urs\u00ednyho: Pod\u013ea n\u00e1vrhu prof. Ing. arch. Janky Krivo\u0161ovej, PhD. \u010dlenky a \u010dlenovia Ev. cirkvi augsbursk\u00e9ho vyznania na Slovensku vy\u0161ili v priebehu 6 rokov 17 panelov (dop\u013a\u0148am ja: zachytili pritom ve\u013ek\u00fa \u010das\u0165 hist\u00f3rie ECAV). V okt\u00f3bri &#8230; <a title=\"Hist\u00f3ria slovensk\u00fdch evanjelikov\" class=\"read-more\" href=\"https:\/\/www.e-anjelik.sk\/index.php\/2020\/02\/04\/historia-slovenskych-evanjelikov\/\" aria-label=\"Pre\u010d\u00edtajte si viac o Hist\u00f3ria slovensk\u00fdch evanjelikov\">\u010c\u00edta\u0165 viac<\/a><\/p>\n","protected":false},"author":4,"featured_media":0,"comment_status":"open","ping_status":"open","sticky":false,"template":"","format":"standard","meta":{"footnotes":""},"categories":[4,193,195,86,26],"tags":[],"class_list":["post-33281","post","type-post","status-publish","format-standard","hentry","category-akcie","category-co-pisu-ini","category-evanjelicke-slovensko","category-historicke-kostoly-a-stavby","category-pamiatka-reformacie"],"_links":{"self":[{"href":"https:\/\/www.e-anjelik.sk\/index.php\/wp-json\/wp\/v2\/posts\/33281","targetHints":{"allow":["GET"]}}],"collection":[{"href":"https:\/\/www.e-anjelik.sk\/index.php\/wp-json\/wp\/v2\/posts"}],"about":[{"href":"https:\/\/www.e-anjelik.sk\/index.php\/wp-json\/wp\/v2\/types\/post"}],"author":[{"embeddable":true,"href":"https:\/\/www.e-anjelik.sk\/index.php\/wp-json\/wp\/v2\/users\/4"}],"replies":[{"embeddable":true,"href":"https:\/\/www.e-anjelik.sk\/index.php\/wp-json\/wp\/v2\/comments?post=33281"}],"version-history":[{"count":1,"href":"https:\/\/www.e-anjelik.sk\/index.php\/wp-json\/wp\/v2\/posts\/33281\/revisions"}],"predecessor-version":[{"id":33282,"href":"https:\/\/www.e-anjelik.sk\/index.php\/wp-json\/wp\/v2\/posts\/33281\/revisions\/33282"}],"wp:attachment":[{"href":"https:\/\/www.e-anjelik.sk\/index.php\/wp-json\/wp\/v2\/media?parent=33281"}],"wp:term":[{"taxonomy":"category","embeddable":true,"href":"https:\/\/www.e-anjelik.sk\/index.php\/wp-json\/wp\/v2\/categories?post=33281"},{"taxonomy":"post_tag","embeddable":true,"href":"https:\/\/www.e-anjelik.sk\/index.php\/wp-json\/wp\/v2\/tags?post=33281"}],"curies":[{"name":"wp","href":"https:\/\/api.w.org\/{rel}","templated":true}]}}