{"id":33286,"date":"2020-02-06T16:28:36","date_gmt":"2020-02-06T15:28:36","guid":{"rendered":"http:\/\/e-anjelik.sk\/?p=33286"},"modified":"2020-02-06T16:28:36","modified_gmt":"2020-02-06T15:28:36","slug":"evanjelickeho-farara-poslali-do-vaznice-v-ilave","status":"publish","type":"post","link":"https:\/\/www.e-anjelik.sk\/index.php\/2020\/02\/06\/evanjelickeho-farara-poslali-do-vaznice-v-ilave\/","title":{"rendered":"Evanjelick\u00e9ho far\u00e1ra poslali do v\u00e4znice v Ilave"},"content":{"rendered":"\n<h1 class=\"wp-block-heading\">Evanjelici vyslali do v\u00e4zenskej slu\u017eby \u010fal\u0161ieho duchovn\u00e9ho<\/h1>\n\n\n\n<figure class=\"wp-block-image\"><a href=\"https:\/\/www.ecav.sk\/rails\/active_storage\/blobs\/eyJfcmFpbHMiOnsibWVzc2FnZSI6IkJBaHBBamlFIiwiZXhwIjpudWxsLCJwdXIiOiJibG9iX2lkIn19--3a7a56d733da776086ab2183659f75bb24b4a58d\/IMG_20200205_154545.jpg\"><img decoding=\"async\" src=\"https:\/\/www.ecav.sk\/rails\/active_storage\/representations\/eyJfcmFpbHMiOnsibWVzc2FnZSI6IkJBaHBBamlFIiwiZXhwIjpudWxsLCJwdXIiOiJibG9iX2lkIn19--3a7a56d733da776086ab2183659f75bb24b4a58d\/eyJfcmFpbHMiOnsibWVzc2FnZSI6IkJBaDdCam9MY21WemFYcGxTU0lJT1RBd0Jqb0dSVlE9IiwiZXhwIjpudWxsLCJwdXIiOiJ2YXJpYXRpb24ifX0=--f83398908a42570f1be2d2870fc3e62f317d893b\/IMG_20200205_154545.jpg\" alt=\"Evanjelici vyslali do v\u00e4zenskej slu\u017eby \u010fal\u0161ieho duchovn\u00e9ho\"\/><\/a><\/figure>\n\n\n\n<ul class=\"wp-block-list\"><li>&nbsp;06.02.20<\/li><li>&nbsp;&nbsp;J\u00e1n Ondrej\u010din , sekret\u00e1t \u00dastredia EPS<\/li><li>&nbsp;<a href=\"https:\/\/www.ecav.sk\/aktuality\/spravodajstvo\">&nbsp;Spravodajstvo<\/a><\/li><\/ul>\n\n\n\n<p>V Ko\u0161eci, v bl\u00edzkosti Ilavy mali nev\u0161edn\u00fa sl\u00e1vnos\u0165. 5. febru\u00e1ra sa konala pobo\u017enos\u0165, na ktorej gener\u00e1lny biskup ECAV na Slovensku Ivan E\u013eko in\u0161taloval evanjelick\u00e9ho far\u00e1ra Du\u0161ana Va\u0148ka do v\u00e4zenskej slu\u017eby v \u00fastavoch Zboru v\u00e4zenskej a justi\u010dnej str\u00e1\u017ee (ZVJS) v Ilave. V porad\u00ed u\u017e druh\u00fd v\u00e4zensk\u00fd far\u00e1r z evanjelickej cirkvi bol sl\u00e1vnostne in\u0161talovan\u00fd v evanjelickom kostole, kde na bohoslu\u017ebu pri\u0161lo mnoho veriacich z Ko\u0161ece, ako aj zo \u0161ir\u0161ieho okolia Tur\u010dianskeho senior\u00e1tu.<\/p>\n\n\n\n<p>Sl\u00e1vnostn\u00e9 Slu\u017eby Bo\u017eie uviedol mestsk\u00fd spevokol z Ilavy \u2013 Ilav\u010dan. Po \u0148om diakon \u013dubom\u00edr Marcina, s\u00e1m s bohat\u00fdmi sk\u00fasenos\u0165ami z v\u00e4zenskej slu\u017eby, priv\u00edtal host\u00ed a veriacich. Z\u00e1stupky\u0148a starostu obce Ko\u0161eca PaedDr. Miroslava \u0160vehlov\u00e1 priv\u00edtala v\u0161etk\u00fdch pr\u00edtomn\u00fdch na p\u00f4de obce.&nbsp;<br>Po \u00favodnej liturgii gener\u00e1lny biskup ECAV Ivan E\u013eko oslovil in\u0161talovan\u00e9ho v\u00e4zensk\u00e9ho pastora v k\u00e1zni na text z Luk\u00e1\u0161ovho evanjelia (Lk 23, 26) o \u0160imonovi Kyrenejskom, ktor\u00fd sa stal zn\u00e1my t\u00fdm, \u017ee na istom \u00faseku Je\u017ei\u0161ovej bolestnej cesty niesol Je\u017ei\u0161ov kr\u00ed\u017e. V k\u00e1zni in\u0161talovan\u00e9ho brata Du\u0161ana pripodobnil k tejto biblickej postave a vyjadril presved\u010denie, \u017ee pri jeho osobe nem\u00e1 pochybnosti, \u017ee ide \u201eskuto\u010dn\u00e9 povolanie k zvl\u00e1\u0161tnej slu\u017ebe\u201c.<br>Po k\u00e1zni, ktor\u00e1 v\u0161etk\u00fdch pr\u00edtomn\u00fdch hlboko duchovne oslovila, nasledoval samotn\u00fd akt in\u0161tal\u00e1cie s pr\u00edsahou in\u0161talovan\u00e9ho, po ktorom spevokol Ilav\u010dan pod\u010diarkol sl\u00e1vnostn\u00fa atmosf\u00e9ru dvoma kr\u00e1snymi pies\u0148ami. Potom sa in\u0161talovan\u00e9mu prihovoril gener\u00e1lny duchovn\u00fd OS a OZ SR plk. Marian Bodoll\u00f3 a ofici\u00e1lnym \u00fakonom vymenoval v\u00e4zensk\u00e9ho pastora Mgr. Du\u0161asna Va\u0148ka za duchovn\u00e9ho \u00dastredia ekumenickej pastora\u010dnej slu\u017eby v Ozbrojen\u00fdch sil\u00e1ch SR a Ozbrojen\u00fdch zboroch SR (EPS). Nasledovali \u010fal\u0161\u00ed: v zast\u00fapen\u00ed gener\u00e1lneho riadite\u013ea ZVJS pozdravil in\u0161talovan\u00e9ho n\u00e1mestn\u00edk gener\u00e1lneho riadite\u013ea pre slu\u017eobn\u00e9 veci plk. Mgr. Michal Sedliak. Na pobo\u017enosti sa z\u00fa\u010dastnili, aby popriali uveden\u00e9mu far\u00e1rovi ve\u013ea s\u00edl a trpezlivosti aj riadite\u013e\u00daVTOS a \u00daVV ILAVA plk. Mgr. R\u00f3bert Mudron\u010dek a star\u0161\u00ed duchovn\u00fd \u00daradu EPS GR ZVJS pplk. J\u00e1n \u0160ef\u010d\u00edk, ako aj v\u00e4\u010d\u0161ina duchovn\u00fdch z EPS. Sl\u00e1vnostn\u00e1 bohoslu\u017eba zanechala na v\u0161etk\u00fdch z\u00fa\u010dastnen\u00fdch hlbok\u00fd duchovn\u00fd aj kult\u00farny z\u00e1\u017eitok, ktor\u00fd iste vst\u00fapi do hist\u00f3rie miestneho zboru i pr\u00e1ce s v\u00e4z\u0148ami v Ilave i v okol\u00ed.<\/p>\n\n\n\n<p>Pri tejto pr\u00edle\u017eitosti gener\u00e1lny biskup spolu s gener\u00e1lnym duchovn\u00fdm aj s dvoma v\u00e4zensk\u00fdmi pracovn\u00edkmi b\u00fdval\u00fdm \u013dubom\u00edrom Marcinom aj s nastupuj\u00facim Du\u0161anom Va\u0148kom, nav\u0161t\u00edvili \u00dastav pre v\u00fdkon trestu od\u0148atia slobody. Polo\u017een\u00edm kvetov pri pam\u00e4tnej tabuli nespravodlivo v\u00e4znen\u00e9mu za \u010dias Slovensk\u00e9ho \u0161t\u00e1tu i socializmu, vtedy u\u010dite\u013eovi evanjelick\u00e9ho n\u00e1bo\u017eenstva Pavlovi Uhorskaiovi, nesk\u00f4r gener\u00e1lnemu biskupovi ECAV na Slovensku, si uctili jeho pamiatku.<\/p>\n\n\n\n<figure class=\"wp-block-image\"><img decoding=\"async\" src=\"https:\/\/www.ecav.sk\/rails\/active_storage\/blobs\/eyJfcmFpbHMiOnsibWVzc2FnZSI6IkJBaHBBamVFIiwiZXhwIjpudWxsLCJwdXIiOiJibG9iX2lkIn19--6e7bbf2389b144e049a2eea73f50fd88a6c359f8\/foto%20tabula.jpg\" alt=\"\"\/><\/figure>\n\n\n\n<p>Po pobo\u017enosti boli hostia pozvan\u00ed do Strediska evanjelickej diakonie v Ko\u0161eci, na s l\u00e1skou pripraven\u00fa recepciu, na ktorej nech\u00fdbala ani \u017eiv\u00e1 hudba.<\/p>\n","protected":false},"excerpt":{"rendered":"<p>Evanjelici vyslali do v\u00e4zenskej slu\u017eby \u010fal\u0161ieho duchovn\u00e9ho &nbsp;06.02.20 &nbsp;&nbsp;J\u00e1n Ondrej\u010din , sekret\u00e1t \u00dastredia EPS &nbsp;&nbsp;Spravodajstvo V Ko\u0161eci, v bl\u00edzkosti Ilavy mali nev\u0161edn\u00fa sl\u00e1vnos\u0165. 5. febru\u00e1ra sa konala pobo\u017enos\u0165, na ktorej gener\u00e1lny biskup ECAV na Slovensku Ivan E\u013eko in\u0161taloval evanjelick\u00e9ho far\u00e1ra Du\u0161ana Va\u0148ka do v\u00e4zenskej slu\u017eby v \u00fastavoch Zboru v\u00e4zenskej a justi\u010dnej str\u00e1\u017ee (ZVJS) v Ilave. &#8230; <a title=\"Evanjelick\u00e9ho far\u00e1ra poslali do v\u00e4znice v Ilave\" class=\"read-more\" href=\"https:\/\/www.e-anjelik.sk\/index.php\/2020\/02\/06\/evanjelickeho-farara-poslali-do-vaznice-v-ilave\/\" aria-label=\"Pre\u010d\u00edtajte si viac o Evanjelick\u00e9ho far\u00e1ra poslali do v\u00e4znice v Ilave\">\u010c\u00edta\u0165 viac<\/a><\/p>\n","protected":false},"author":4,"featured_media":0,"comment_status":"open","ping_status":"open","sticky":false,"template":"","format":"standard","meta":{"footnotes":""},"categories":[4,73],"tags":[],"class_list":["post-33286","post","type-post","status-publish","format-standard","hentry","category-akcie","category-ecav"],"_links":{"self":[{"href":"https:\/\/www.e-anjelik.sk\/index.php\/wp-json\/wp\/v2\/posts\/33286","targetHints":{"allow":["GET"]}}],"collection":[{"href":"https:\/\/www.e-anjelik.sk\/index.php\/wp-json\/wp\/v2\/posts"}],"about":[{"href":"https:\/\/www.e-anjelik.sk\/index.php\/wp-json\/wp\/v2\/types\/post"}],"author":[{"embeddable":true,"href":"https:\/\/www.e-anjelik.sk\/index.php\/wp-json\/wp\/v2\/users\/4"}],"replies":[{"embeddable":true,"href":"https:\/\/www.e-anjelik.sk\/index.php\/wp-json\/wp\/v2\/comments?post=33286"}],"version-history":[{"count":1,"href":"https:\/\/www.e-anjelik.sk\/index.php\/wp-json\/wp\/v2\/posts\/33286\/revisions"}],"predecessor-version":[{"id":33287,"href":"https:\/\/www.e-anjelik.sk\/index.php\/wp-json\/wp\/v2\/posts\/33286\/revisions\/33287"}],"wp:attachment":[{"href":"https:\/\/www.e-anjelik.sk\/index.php\/wp-json\/wp\/v2\/media?parent=33286"}],"wp:term":[{"taxonomy":"category","embeddable":true,"href":"https:\/\/www.e-anjelik.sk\/index.php\/wp-json\/wp\/v2\/categories?post=33286"},{"taxonomy":"post_tag","embeddable":true,"href":"https:\/\/www.e-anjelik.sk\/index.php\/wp-json\/wp\/v2\/tags?post=33286"}],"curies":[{"name":"wp","href":"https:\/\/api.w.org\/{rel}","templated":true}]}}