{"id":33295,"date":"2020-02-20T16:48:18","date_gmt":"2020-02-20T15:48:18","guid":{"rendered":"http:\/\/e-anjelik.sk\/?p=33295"},"modified":"2020-12-27T22:27:39","modified_gmt":"2020-12-27T21:27:39","slug":"chvala-slabostami-je-dovera-v-moc-kristovu","status":"publish","type":"post","link":"https:\/\/www.e-anjelik.sk\/index.php\/2020\/02\/20\/chvala-slabostami-je-dovera-v-moc-kristovu\/","title":{"rendered":"Chv\u00e1la slabos\u0165ami je d\u00f4vera v moc Kristovu"},"content":{"rendered":"\n<p><strong>&nbsp;Chv\u00e1la slabos\u0165ami je d\u00f4vera v moc Kristovu<\/strong><\/p>\n\n\n\n<p><em>Sebavedomie v srdcia vlej,<\/em><\/p>\n\n\n\n<p><em>hoc z rodiny sme primalej,<\/em><\/p>\n\n\n\n<p><em>v\u0161ak z l\u00e1sky, ktor\u00e1 nehynie,<\/em><\/p>\n\n\n\n<p><em>pripoj n\u00e1s k svojej rodine!<\/em><\/p>\n\n\n\n<p><em>\u00d3, Bo\u017ee, z hojnej milosti,<\/em><\/p>\n\n\n\n<p><em>ochr\u00e1\u0148 p\u00fdchy, praj hrdosti,<\/em><\/p>\n\n\n\n<p><em>nech v\u00e1\u017eime si &#8211; v svete chv\u00e1l &#8211;<\/em><\/p>\n\n\n\n<p><em>tak ve\u013ek\u00fd poklad, \u010dos\u2019 n\u00e1m dal! Amen&nbsp; (M.R.)<\/em><\/p>\n\n\n\n<p><strong>2 Kor 11, 19 &#8211; 12, 9:<\/strong><\/p>\n\n\n\n<p><em>&nbsp;&nbsp; \u201cVe\u010f vy rozumn\u00ed radi zn\u00e1\u0161ate nerozumn\u00fdch! (20) Strp\u00edte, ke\u010f v\u00e1s niekto zotro\u010duje, ke\u010f v\u00e1s niekto vy\u017eiera, ke\u010f v\u00e1s niekto zdiera, ke\u010f sa niekto povy\u0161uje a bije v\u00e1s do tv\u00e1re. (21) Na svoju hanbu hovor\u00edm: v tomto ako by sme, ozaj, boli slab\u00ed! Ak si v\u0161ak niekto tr\u00fafa v nie\u010dom &#8211; nerozumne hovor\u00edm &#8211; tr\u00fafam si aj ja. (22) S\u00fa Hebrejci? Som aj ja! S\u00fa Izraelci? Som aj ja! S\u00fa potomci Abrah\u00e1movi? Som aj ja! (23) S\u00fa slu\u017eobn\u00edci Kristovi? Bl\u00e1znive hovor\u00edm: Tob\u00f4\u017e ja!<\/em><\/p>\n\n\n\n<p><em>&nbsp;&nbsp; Viac som sa napracoval, viac na\u00fapel vo v\u00e4zeniach, viac nazv\u00edjal pod \u00fadermi, \u010dasto som bol v nebezpe\u010denstve smrti! (24) P\u00e4\u0165kr\u00e1t po \u0161tyridsa\u0165 pal\u00edc bez jednej dostal som od \u017didov, (25) trikr\u00e1t ma zo\u0161\u013eahali, raz kame\u0148ovali, tri razy som stroskotal, de\u0148 a noc som sa zmietal na morsk\u00fdch hlbin\u00e1ch; (26) \u010dasto na cest\u00e1ch, v nebezpe\u010denstv\u00e1ch na riekach, v nebezpe\u010denstv\u00e1ch od lotrov, v nebezpe\u010denstv\u00e1ch od vlastn\u00e9ho rodu, v nebezpe\u010denstv\u00e1ch od pohanov, v nebezpe\u010denstv\u00e1ch v meste, v nebezpe\u010denstv\u00e1ch na p\u00fa\u0161ti, v nebezpe\u010denstv\u00e1ch na mori, v nebezpe\u010denstv\u00e1ch medzi falo\u0161n\u00fdmi bratmi; (27) v m\u00e1mahe a trude, \u010dasto v bden\u00ed, o hlade a sm\u00e4de, \u010dasto v p\u00f4stoch, na zime a v nahote; (28) a okrem toho, &#8211; \u010do ani nespom\u00ednam, &#8211; de\u0148 po de\u0148 n\u00e1val starost\u00ed o v\u0161etky cirkevn\u00e9 zbory. (29) Kto umdlieva, \u017ee by som ja neumdlieval? Kto je vystaven\u00fd pohor\u0161eniu, \u017eeby to m\u0148a nep\u00e1lilo? (30) Ale, ak sa m\u00e1m chv\u00e1li\u0165, svojou slabos\u0165ou sa budem chv\u00e1li\u0165. (31) Boh a Otec P\u00e1na Je\u017ei\u0161a, po\u017eehnan\u00fd naveky, vie, \u017ee neklamem.&nbsp;<\/em><\/p>\n\n\n\n<p><em>&nbsp;&nbsp; &nbsp; (32) V Damasku miestodr\u017eite\u013e kr\u00e1\u013ea Areta str\u00e1\u017eil mesto Damask, aby ma chytil, (33) ale v ko\u0161i ma pustili oknom cez hradby, a tak som unikol jeho ruk\u00e1m.&nbsp;<\/em><\/p>\n\n\n\n<p><em>&nbsp; &nbsp; (12,1) Ak sa treba chv\u00e1li\u0165, &#8211; hoci to ni\u010d neprospeje,- pr\u00eddem k videniam a zjaveniam P\u00e1nov\u00fdm. (2) Zn\u00e1m \u010dloveka v Kristu, ktor\u00fd pred \u0161trn\u00e1stimi rokmi, &#8211; \u010di to bolo v tele, neviem, \u010di mimo tela, neviem, Boh vie, &#8211; (4) \u017ee uchv\u00e1ten\u00fd bol a\u017e do tretieho neba. (3) A zn\u00e1m toho ist\u00e9ho \u010dloveka, \u010di to bolo v tele, \u010di mimo tela, neviem, Boh vie, &#8211; (4) \u017ee uchv\u00e1ten\u00fd bol do raja a po\u010dul nevyslovite\u013en\u00e9 re\u010di, ktor\u00e9 \u010dlovek nesmie ani vyslovi\u0165. (5) T\u00fdmto sa teda budem chv\u00e1li\u0165, s\u00e1m sebou sa v\u0161ak nebudem chv\u00e1li\u0165, ak len nie slabos\u0165ami. (6) Ve\u010f ak sa budem chcie\u0165 chv\u00e1li\u0165, nebudem nerozumn\u00fd, lebo budem hovori\u0165 pravdu. Uskrov\u0148ujem sa v\u0161ak, aby si niekto nemyslel o mne viac, ako \u010do vid\u00ed alebo po\u010duje odo m\u0148a, (7) a aj pre neoby\u010dajnos\u0165 zjaven\u00ed. Preto, aby som sa nepovy\u0161oval, bol mi dan\u00fd oste\u0148 do tela, anjel &#8211; satan, depta\u0165 ma, aby som sa nepovy\u0161oval. (8) Tri razy som prosil P\u00e1na, aby ho odstr\u00e1nil odo m\u0148a, (9) ale riekol mi: Dos\u0165 m\u00e1\u0161 na mojej milosti; lebo moja moc sa v slabosti dokon\u00e1va. Najrad\u0161ej sa teda budem chv\u00e1li\u0165 slabos\u0165ami, aby preb\u00fdvala vo mne moc Kristova.\u201d Amen<\/em><\/p>\n\n\n\n<p><strong>&nbsp; &nbsp; <\/strong>Mil\u00ed bratia a sestry v P\u00e1nu!<\/p>\n\n\n\n<p>&nbsp;&nbsp; Ka\u017ed\u00e9mu \u010dloveku niekedy dobre padne, ke\u010f ho pochv\u00e1lia, alebo ocenia jeho pr\u00e1cu. Podobne, ka\u017ed\u00e9mu dobre padne, ak sa niekedy m\u00f4\u017ee po\u017ealova\u0165, otvori\u0165 si srdce a vylia\u0165 svoj \u017eia\u013e a tr\u00e1penieniekomu, kto je ochotn\u00fd ho vypo\u010du\u0165. Do tretice, ka\u017ed\u00e9mu dobre padne, ak ho niekto povzbud\u00ed a vleje mu nov\u00fa n\u00e1dej.&nbsp;<\/p>\n\n\n\n<p>&nbsp;&nbsp; Ani slu\u017eobn\u00edci cirkvi nie s\u00fa v\u00fdnimkou. Aj apo\u0161tolovia boli len \u013eudia a \u201cnie stroje\u201d. Neboli ani nejak\u00ed nad\u013eudia, ktor\u00ed nereagovali na \u017eiadne prek\u00e1\u017eky a \u0165a\u017ekosti. Napriek tomu ani jedna z t\u00fdch troch spom\u00ednan\u00fdch veci nebola d\u00f4vodom pre apo\u0161tola Pavla, aby nap\u00edsal pre\u010d\u00edtan\u00e9 slov\u00e1, ktor\u00e9 sme dnes vypo\u010duli. Aj tieto jeho slov\u00e1 boli in\u0161pirovan\u00e9 Duchom Sv\u00e4t\u00fdm a plat\u00ed o nich v\u00fdrok: \u010doko\u013evek bolo nap\u00edsan\u00e9, n\u00e1m na pou\u010denie bolo nap\u00edsan\u00e9.<\/p>\n\n\n\n<p>&nbsp; &nbsp; Preto sa p\u00fdtame, v \u010dom s\u00fa pou\u010dn\u00e9 pre n\u00e1s tieto slov\u00e1 a osobn\u00e9 sk\u00fasenosti apo\u0161tola Pavla?<\/p>\n\n\n\n<p>&nbsp; &nbsp; Predov\u0161etk\u00fdch v tom, \u017ee s\u00fa dokladom \u0165a\u017ekost\u00ed, ktor\u00e9 s\u00fa spojen\u00e9 so slu\u017ebou Slova v cirkvi a s jeho sejbou v tomto svete. T\u00e1to slu\u017eba si \u017eiada skuto\u010dne \u201ccel\u00e9ho \u010dloveka\u201d. Aj ke\u010f v zn\u00e1mej n\u00e1bo\u017enej piesni spievame: <em>\u201dNajkraj\u0161ia je slu\u017eba P\u00e1na, najslad\u0161ie slovo Jeho\u2026\u201d ( ESP 207,5),<\/em> vernos\u0165 pravde a po\u017eiadavka vernej zvesti Bo\u017eieho slova <em>\u201cvhod- nevhod\u201d<\/em> ho viedla k tomu, \u017ee otvorene pouk\u00e1zal aj ve\u013emi v\u00e1\u017ene a r\u00f4znorod\u00e9 \u0165a\u017ekosti v duchovnej slu\u017ebe. Je pr\u00edzna\u010dn\u00e9, \u017ee mnoho nepochopenia a \u00fatokov zak\u00fasil nielen zo strany tohoto sveta, ale rovnako aj od svojich duchovne pr\u00edbuzn\u00fdch a od svojho vlastn\u00e9ho rodu, ale aj od t\u00fdch, ktor\u00ed navonok boli v cirkvi. \u00datoky od niektor\u00fdch kres\u0165anov z cirkevn\u00e9ho zboru v Korinte s\u00faviseli s t\u00fdm, \u017ee vo ve\u013ekom korintskom zbore, ktor\u00fd vlastne duchovne vybudoval, sa vyskytli roztr\u017eky, ale aj mravn\u00e9 delikty. Pri obhajobe vlastn\u00fdch pokleskov sa mnoh\u00ed postavili do role \u017ealobcov a Pavlovi upierali pr\u00e1vo menova\u0165 sa apo\u0161tolom a t\u00fdm pr\u00e1vo vyu\u010dova\u0165, ale aj uplat\u0148ova\u0165 cirkevn\u00fa discipl\u00ednu a poriadok.<\/p>\n\n\n\n<p>&nbsp;&nbsp; Odpove\u010f apo\u0161tola Pavla a jeho osobn\u00e9 svedectvo nie je na tomto mieste bez jemnej ir\u00f3nie. Je to pomerne zriedkav\u00fd sp\u00f4sob napom\u00ednania, ktor\u00fd sved\u010d\u00ed o v\u00e1\u017enosti situ\u00e1cie. Korin\u0165ania viacer\u00fdch in\u00fdch, \u010di u\u017e miestnych, alebo pr\u00edchodz\u00edch kazate\u013eov uzn\u00e1vali len preto, aby nemuseli uzna\u0165 opodstatnenos\u0165 Pavlovej zvesti. Preto hovor\u00ed: <em>\u201d Vy rozumn\u00ed, radi zn\u00e1\u0161ate nerozumn\u00fdch\u201d. <\/em>Preto v takom pr\u00edpade aj on bude kona\u0165 nerozumne, toti\u017e bude sa s\u00e1m chv\u00e1li\u0165, aby boli zrejm\u00e9 jeho postoje a pr\u00e1ca, z ktorej vypl\u00fdva, \u017ee nie je ani on bez z\u00e1sluh, bez v\u00fdznamn\u00fdch skutkov a d\u00f4kazov vernosti v porovnan\u00ed s in\u00fdmi apo\u0161tolmi. Ak je to teda pod\u013ea nich d\u00f4le\u017eit\u00e9, m\u00f4\u017ee pouk\u00e1za\u0165 na to, \u017ee sa nemus\u00ed hanbi\u0165 ani za svoju minulos\u0165, ani za pr\u00edtomnos\u0165. V kr\u00e1tkom preh\u013eade potom vypo\u010d\u00edta hlavn\u00e9 body jeho apo\u0161tolskej cesty a slu\u017eby, preh\u013ead prest\u00e1tych utrpen\u00ed pri ohrozen\u00ed a nasaden\u00ed vlastn\u00e9ho \u017eivota. Je to p\u00f4sobiv\u00fd preh\u013ead z\u00e1\u017eitkov, za ktor\u00e9 by sa nemusel hanbi\u0165 \u017eiaden dobrodru\u017en\u00fd cestovate\u013e. Ak by sa na\u0161iel dobr\u00fd scen\u00e1rista, ktor\u00fd by Pavlove cesty a sk\u00fasenosti spracoval, mohol by vznikn\u00fa\u0165 p\u00fatav\u00fd a nap\u00ednav\u00fd film, ktor\u00fd by udr\u017eal v nap\u00e4t\u00ed ka\u017ed\u00e9ho div\u00e1ka.<\/p>\n\n\n\n<p>&nbsp; &nbsp; Napriek tomu v\u0161etk\u00e9mu, predsa len zd\u00f4raz\u0148uje a opakuje: <em>\u201cAk sa m\u00e1m chv\u00e1li\u0165, len svojou slabos\u0165ou sa budem chv\u00e1li\u0165\u201d.<\/em> K tak\u00e9muto vyznaniu sa m\u00e1 dopracova\u0165 ka\u017ed\u00fd slu\u017eobn\u00edk P\u00e1na Je\u017ei\u0161a Krista.<\/p>\n\n\n\n<p>Tak aj my v\u0161etci, ktor\u00ed ak\u00fdmko\u013evek sp\u00f4sobom participujeme na duchovnej sejbe slova Bo\u017eieho m\u00e1me v\u017edy vyzna\u0165 slovami P\u00e1na Je\u017ei\u0161a Krista: <em>\u201dTak aj vy, ke\u010f vykon\u00e1te v\u0161etko, \u010do ste boli povinn\u00ed vykona\u0165, povedzte: neu\u017eito\u010dn\u00ed slu\u017eobn\u00edc\u00ed sme, \u010do sme boli povinn\u00ed vykona\u0165, vykonali sme\u201d<\/em>. Tak zm\u00fd\u0161\u013eajme a hovorme aj vtedy, ke\u010f budeme sumarizova\u0165 a hodnoti\u0165 na\u0161e pr\u00e1ce na celozborovom konvente, ktor\u00fd ka\u017edoro\u010dne kon\u00e1me.&nbsp;<\/p>\n\n\n\n<p>&nbsp;&nbsp; Bratia a sestry!<\/p>\n\n\n\n<p>&nbsp;&nbsp; To, \u010do apo\u0161tol Pavel povedal o svojich vidite\u013en\u00fdch pr\u00e1cach a slu\u017ebe, to mohol poveda\u0165 aj o svojom najvn\u00fatrnej\u0161om duchovnom \u017eivote. O tom, \u010do je \u013eu\u010fom skryt\u00e9. Aj tento jeho osobn\u00fd duchovn\u00fd \u017eivot bol mimoriadne bohat\u00fd.<em> \u201cAk sa treba chv\u00e1li\u0165, hoci to ni\u010d neprospeje, pr\u00eddem k videniam a zjaveniam P\u00e1nov\u00fdm\u201d.<\/em> V \u010fal\u0161\u00edch slov\u00e1ch hovor\u00ed o svojich a\u017e mystick\u00fdch z\u00e1\u017eitkoch, ke\u010f bol <em>\u201cuchv\u00e1ten\u00fd a\u017e do tretieho neba\u2026do raja a po\u010dul nevyslovite\u013en\u00e9 re\u010di, ktor\u00e9 \u010dlovek nesmie ani vyslovi\u0165\u201d. <\/em>Ale ani z tohoto osobn\u00e9ho obdarovania nerob\u00ed svoje z\u00e1sluhy, nechv\u00e1li sa t\u00fdm, \u010do mu bolo dan\u00e9 a nevyvy\u0161uje sa t\u00fdmito osobn\u00fdmi duchovn\u00fdmi sk\u00fasenos\u0165ami. Vie, \u017ee v\u0161etko, a tak aj tak\u00e9ho dary a videnia s\u00fa dary Bo\u017eej milosti a nie z\u00e1sluha \u010dloveka, ktorou by sa mal chv\u00e1li\u0165 a povy\u0161ova\u0165 nad in\u00fdch.&nbsp;<\/p>\n\n\n\n<p>&nbsp; &nbsp; Preto cirkevn\u00e9 zbory volal v\u017edy k pokoju, k poriadku a k cest\u00e1m, ktor\u00e9 s\u00fa overite\u013en\u00e9 Kristov\u00fdm slovom. Nezaml\u010duje ani to, \u017ee pre neoby\u010dajnos\u0165 zjaven\u00ed ktor\u00e9 dostal: <em>\u201cbol mi dan\u00fd oste\u0148 do tela, anjel-satan, depta\u0165 ma, aby som sa nepovy\u0161oval\u201d. J<\/em>e pravdepodobn\u00e9, \u017ee t\u00fdm mal na mysli svoju o\u010dn\u00fa chorobu, alebo in\u00fd telesn\u00fd neduh, aby to, \u010do dostal bohato v daroch duchovn\u00fdch, neviedlo ho k m\u00e1rnej p\u00fdche.&nbsp;<\/p>\n\n\n\n<p>&nbsp; &nbsp; Tak n\u00e1m apo\u0161tol zachoval n\u00e1dhern\u00fd pr\u00edklad pokory, hodn\u00fd nasledovania:<em> \u201dNajrad\u0161ej sa teda budem chv\u00e1li\u0165 slabos\u0165ami, aby preb\u00fdvala vo me moc Kristova\u201d. <\/em>Aj my dnes zm\u00fd\u0161\u013eajme podobne:<em> \u201cDos\u0165 m\u00e1\u0161 na mojej milosti\u201d &#8211; <\/em>hovor\u00ed P\u00e1n aj n\u00e1m, mo\u017eno menej obdarovan\u00fdm, ale dos\u0165 na to, aby sme mohli prekon\u00e1va\u0165 v\u0161etky probl\u00e9my a \u0165a\u017ekosti, ktor\u00e9 n\u00e1m stoja v ceste. Vtedy, ke\u010f sa stret\u00e1me s duchovnou p\u00fdchou, nezdravou s\u00fa\u0165a\u017eivos\u0165ou a samochv\u00e1lou, myslime viac na P\u00e1na a Jeho dary ako na seba, alebo na \u013eud\u00ed, ktor\u00ed sa neprestajne chv\u00e1lia v\u0161etk\u00fdm mo\u017en\u00fdm.&nbsp;<\/p>\n\n\n\n<p>&nbsp; &nbsp; Aj vtedy, ke\u010f si uvedomujeme, \u017ee na\u0161a cirkev m\u00e1 mal\u00fa moc, hodnotiac ju mer\u00edtkami tohoto sveta, nezabudnime, \u017ee Kristova moc <em>\u201csa v slabosti dokon\u00e1va\u201d. <\/em>T\u00e1to moc n\u00e1\u0161ho P\u00e1na sa napokon prejav\u00ed aj pri n\u00e1s a medzi nami, ak Ho &#8211; Skalu vekov &#8211; neopust\u00edme, ale sa na Neho vo v\u0161etkom spo\u013eahneme. Amen<\/p>\n\n\n\n<p>&nbsp; &nbsp; Nede\u013ea po Deviatniku &nbsp; &nbsp; &#8211; &nbsp; 89\/ 20 &nbsp; &#8211; &nbsp; &nbsp; \u013dubom\u00edr Batka st. &nbsp; &nbsp; &nbsp; &nbsp; &nbsp;<\/p>\n","protected":false},"excerpt":{"rendered":"<p>&nbsp;Chv\u00e1la slabos\u0165ami je d\u00f4vera v moc Kristovu Sebavedomie v srdcia vlej, hoc z rodiny sme primalej, v\u0161ak z l\u00e1sky, ktor\u00e1 nehynie, pripoj n\u00e1s k svojej rodine! \u00d3, Bo\u017ee, z hojnej milosti, ochr\u00e1\u0148 p\u00fdchy, praj hrdosti, nech v\u00e1\u017eime si &#8211; v svete chv\u00e1l &#8211; tak ve\u013ek\u00fd poklad, \u010dos\u2019 n\u00e1m dal! Amen&nbsp; (M.R.) 2 Kor 11, 19 &#8230; <a title=\"Chv\u00e1la slabos\u0165ami je d\u00f4vera v moc Kristovu\" class=\"read-more\" href=\"https:\/\/www.e-anjelik.sk\/index.php\/2020\/02\/20\/chvala-slabostami-je-dovera-v-moc-kristovu\/\" aria-label=\"Pre\u010d\u00edtajte si viac o Chv\u00e1la slabos\u0165ami je d\u00f4vera v moc Kristovu\">\u010c\u00edta\u0165 viac<\/a><\/p>\n","protected":false},"author":4,"featured_media":0,"comment_status":"open","ping_status":"open","sticky":false,"template":"","format":"standard","meta":{"footnotes":""},"categories":[380,121],"tags":[],"class_list":["post-33295","post","type-post","status-publish","format-standard","hentry","category-po-deviatniku","category-kazne"],"_links":{"self":[{"href":"https:\/\/www.e-anjelik.sk\/index.php\/wp-json\/wp\/v2\/posts\/33295","targetHints":{"allow":["GET"]}}],"collection":[{"href":"https:\/\/www.e-anjelik.sk\/index.php\/wp-json\/wp\/v2\/posts"}],"about":[{"href":"https:\/\/www.e-anjelik.sk\/index.php\/wp-json\/wp\/v2\/types\/post"}],"author":[{"embeddable":true,"href":"https:\/\/www.e-anjelik.sk\/index.php\/wp-json\/wp\/v2\/users\/4"}],"replies":[{"embeddable":true,"href":"https:\/\/www.e-anjelik.sk\/index.php\/wp-json\/wp\/v2\/comments?post=33295"}],"version-history":[{"count":1,"href":"https:\/\/www.e-anjelik.sk\/index.php\/wp-json\/wp\/v2\/posts\/33295\/revisions"}],"predecessor-version":[{"id":33296,"href":"https:\/\/www.e-anjelik.sk\/index.php\/wp-json\/wp\/v2\/posts\/33295\/revisions\/33296"}],"wp:attachment":[{"href":"https:\/\/www.e-anjelik.sk\/index.php\/wp-json\/wp\/v2\/media?parent=33295"}],"wp:term":[{"taxonomy":"category","embeddable":true,"href":"https:\/\/www.e-anjelik.sk\/index.php\/wp-json\/wp\/v2\/categories?post=33295"},{"taxonomy":"post_tag","embeddable":true,"href":"https:\/\/www.e-anjelik.sk\/index.php\/wp-json\/wp\/v2\/tags?post=33295"}],"curies":[{"name":"wp","href":"https:\/\/api.w.org\/{rel}","templated":true}]}}