{"id":3330,"date":"2011-01-23T22:34:52","date_gmt":"2011-01-23T22:34:52","guid":{"rendered":"http:\/\/e-anjelik.sk\/?p=3330"},"modified":"2011-01-23T22:34:52","modified_gmt":"2011-01-23T22:34:52","slug":"oznam-o-prijimacom-konani-na-ebf-uk","status":"publish","type":"post","link":"https:\/\/www.e-anjelik.sk\/index.php\/2011\/01\/23\/oznam-o-prijimacom-konani-na-ebf-uk\/","title":{"rendered":"Oznam o prij\u00edmacom konan\u00ed na EBF UK"},"content":{"rendered":"<p><b>Dekan&aacute;t Evanjelickej bohosloveckej fakulty Univerzity Komensk&eacute;ho v&nbsp;Bratislave<\/b> oznamuje, \u017ee pre akademick&yacute; rok 2011\/12 sa prij&iacute;macie konanie uskuto\u010dn&iacute; do t&yacute;chto ni\u017e&scaron;ie uveden&yacute;ch&nbsp;<span style=\"color: #9fda2a\"> <\/span>programov.&nbsp;<\/p>\n<p style=\"margin: 0.0px 0.0px 0.0px 0.0px; text-align: justify; font: 12.0px 'Times New Roman'; min-height: 15.0px\">&nbsp;<\/p>\n<p style=\"margin: 0.0px 0.0px 0.0px 0.0px; font: 12.0px 'Times New Roman'\"><b><i>evanjelick&aacute; teol&oacute;gia&nbsp; <\/i><\/b><i>&#8211;&nbsp; (p&auml;\u0165ro\u010dn&eacute; denn&eacute; magistersk&eacute; &scaron;t&uacute;dium):<\/i><\/p>\n<p style=\"margin: 0.0px 0.0px 0.0px 0.0px; text-indent: 35.4px; font: 12.0px 'Times New Roman'\"><i><span class=\"Apple-tab-span\" style=\"white-space:pre\">\t<\/span>&#8211; s&nbsp;mo\u017enos\u0165ou pr&iacute;pravy na k\u0148azsk&uacute; ordin&aacute;ciu v&nbsp;ECAV <\/i>alebo<\/p>\n<p style=\"margin: 0.0px 0.0px 0.0px 35.4px; text-indent: 35.4px; font: 12.0px 'Times New Roman'\">&#8211; s&nbsp;mo\u017enos\u0165ou v&scaron;eobecn&eacute;ho &scaron;t&uacute;dia evanjelickej teol&oacute;gie<\/p>\n<p style=\"margin: 0.0px 0.0px 0.0px 0.0px; font: 12.0px 'Times New Roman'\"><span style=\"font: 12.0px 'Lucida Grande'\"><b>a<br \/>\n<\/b><\/span><b><i>u\u010dite\u013estvo predmetu n&aacute;bo\u017eensk&aacute; v&yacute;chova v&nbsp;kombin&aacute;cii <\/i><\/b><span style=\"font: 12.0px 'Lucida Grande'\"><b><br \/>\n<\/b><\/span><i>(trojro\u010dn&eacute; denn&eacute; bakal&aacute;rske &scaron;t&uacute;dium a&nbsp;nadv&auml;zuj&uacute;ce dvojro\u010dn&eacute; magistersk&eacute; &scaron;t&uacute;dium)<\/i><\/p>\n<p style=\"margin: 0.0px 0.0px 0.0px 35.4px; font: 12.0px 'Times New Roman'\"><i>v&nbsp;akademickom roku 2011\/12&nbsp; otv&aacute;ra fakulta v&nbsp;spolupr&aacute;ci s&nbsp;Pedagogickou fakultou UK nasledovn&eacute; mo\u017enosti kombin&aacute;ci&iacute;:<\/i><\/p>\n<ul style=\"list-style-type: disc\">\n<li style=\"margin: 0.0px 0.0px 0.0px 0.0px; font: 12.0px 'Times New Roman'\"><b>&#8211;<span class=\"Apple-tab-span\" style=\"white-space:pre\">\t<\/span><i>s u\u010dite\u013estvom predmetu anglick&yacute; jazyk a&nbsp;literat&uacute;ra <\/i><\/b><i>alebo<\/i><\/li>\n<li style=\"margin: 0.0px 0.0px 0.0px 0.0px; font: 12.0px 'Times New Roman'\"><b>&#8211;<span class=\"Apple-tab-span\" style=\"white-space:pre\">\t<\/span><i>s u\u010dite\u013estvom predmetu franc&uacute;zsky jazyk a&nbsp;literat&uacute;ra <\/i><\/b><i>alebo<\/i><\/li>\n<\/ul>\n<ul style=\"list-style-type: disc\">\n<li style=\"margin: 0.0px 0.0px 0.0px 0.0px; font: 12.0px 'Times New Roman'\"><b>&#8211;<span class=\"Apple-tab-span\" style=\"white-space:pre\">\t<\/span><i>s u\u010dite\u013estvom predmetu nemeck&yacute; jazyk a&nbsp;literat&uacute;ra <\/i><\/b><i>alebo<\/i><\/li>\n<li style=\"margin: 0.0px 0.0px 0.0px 0.0px; font: 12.0px 'Times New Roman'\"><b>&#8211;<span class=\"Apple-tab-span\" style=\"white-space:pre\">\t<\/span><i>s u\u010dite\u013estvom predmetu slovensk&yacute; jazyk a&nbsp;literat&uacute;ra<\/i><\/b><\/li>\n<\/ul>\n<p style=\"margin: 0.0px 0.0px 0.0px 0.0px; font: 12.0px 'Times New Roman'; min-height: 15.0px\">&nbsp;<\/p>\n<p style=\"margin: 0.0px 0.0px 0.0px 0.0px; font: 12.0px 'Times New Roman'\"><i>(Absolventi bakal&aacute;rskeho stup\u0148a na in&yacute;ch vysok&yacute;ch &scaron;kol&aacute;ch v&nbsp;&scaron;tudijnom odbore 1.1.3. v&nbsp;kombin&aacute;cii so&nbsp;&scaron;tudijn&yacute;m odborom 1.1.1. (v horeuveden&yacute;ch kombin&aacute;ci&aacute;ch predmetov) sa m&ocirc;\u017eu prihl&aacute;si\u0165 na magistersk&eacute; denn&eacute; &scaron;t&uacute;dium na EBF UK. V&nbsp;pr&iacute;pade, \u017ee ich v&aacute;\u017een&yacute; &scaron;tudijn&yacute; priemer nie je hor&scaron;&iacute; ako 2,2, bud&uacute; prijat&iacute; bez prij&iacute;mac&iacute;ch sk&uacute;&scaron;ok.)<\/i><\/p>\n<p style=\"margin: 0.0px 0.0px 0.0px 0.0px; font: 12.0px 'Times New Roman'\"><span style=\"font: 12.0px 'Lucida Grande'\"><br \/>\n<\/span><b><i>evanjelick&aacute; teol&oacute;gia so zameran&iacute;m na soci&aacute;lnu pomoc &#8211;&nbsp; <\/i><\/b><i>(trojro\u010dn&eacute; denn&eacute; alebo&nbsp;extern&eacute;&nbsp; bakal&aacute;rske &scaron;t&uacute;dium)<\/i><\/p>\n<p style=\"margin: 0.0px 0.0px 0.0px 0.0px; font: 12.0px 'Times New Roman'\"><b><i>evanjelick&aacute; teol&oacute;gia so zameran&iacute;m na riadenie soci&aacute;lnej pomoci<\/i> <\/b>&#8211;&nbsp; <i>(dvojro\u010dn&eacute; denn&eacute; alebo&nbsp;extern&eacute; magistersk&eacute; &scaron;t&uacute;dium)<\/i><span style=\"font: 12.0px 'Lucida Grande'\"><\/p>\n<p><\/span>Programy v&nbsp;oblasti soci&aacute;lnej pomoci organizujeme s&nbsp;vyu\u017eit&iacute;m odborn&iacute;kov z&nbsp;Pedagogickej fakulty a&nbsp;Fakulty mana\u017ementu UK. Pon&uacute;kaj&uacute; odborn&eacute; teologick&eacute;,&nbsp;pedagogick&eacute;, soci&aacute;lne a&nbsp;organiza\u010dno-pr&aacute;vne&nbsp; vedomosti pre soci&aacute;lnu slu\u017ebu. Absolventi s&uacute; pripravovan&iacute; tak, aby sa mohli zamestna\u0165 v&nbsp;oblasti soci&aacute;lnej pomoci, ktor&uacute; organizuj&uacute; cirkvi, &scaron;t&aacute;t, samospr&aacute;vy&nbsp; alebo s&uacute;kromn&iacute; zria\u010fovatelia, ob\u010dianske zdru\u017eenia a&nbsp;neziskov&eacute; organiz&aacute;cie.&nbsp;<\/p>\n<p style=\"margin: 0.0px 0.0px 0.0px 0.0px; font: 12.0px 'Times New Roman'; min-height: 15.0px\">&nbsp;<\/p>\n<p style=\"margin: 0.0px 0.0px 0.0px 0.0px; font: 12.0px 'Times New Roman'\">Podrobn&eacute; inform&aacute;cie o&nbsp;jednotliv&yacute;ch programoch a&nbsp;podmienkach prijatia s&uacute; na <a href=\"http:\/\/www.fevth.uniba.sk\"><span style=\"text-decoration: underline ; color: #2e00fc\">www.fevth.uniba.sk<\/span><\/a> v&nbsp;\u010dasti &bdquo;info o&nbsp;mo\u017enostiach &scaron;t&uacute;dia&ldquo;.&nbsp;<\/p>\n<p style=\"margin: 0.0px 0.0px 0.0px 0.0px; font: 12.0px 'Times New Roman'\"><b>Prij&iacute;macie sk&uacute;&scaron;ky bud&uacute; 8. j&uacute;na 2011<\/b>.&nbsp;<\/p>\n<p style=\"margin: 0.0px 0.0px 0.0px 0.0px; font: 12.0px 'Times New Roman'; min-height: 15.0px\">&nbsp;<\/p>\n<p style=\"margin: 0.0px 0.0px 0.0px 0.0px; font: 12.0px 'Times New Roman'\"><b>UPOZORNENIE!<\/b><\/p>\n<p style=\"margin: 0.0px 0.0px 0.0px 0.0px; font: 12.0px 'Times New Roman'\">Prihl&aacute;&scaron;ky na &scaron;t&uacute;dium v&nbsp;ktoromko\u013evek z&nbsp;uveden&yacute;ch programov je nutn&eacute; poda\u0165 elektronickou formou cez <a href=\"\"http:\/\/\"><span style=\"text-decoration: underline ; color: #2e00fc\">www.fevth.uniba.sk<\/span><\/a> , vytla\u010di\u0165 podp&iacute;sa\u0165 a&nbsp;s&nbsp;po\u017eadovan&yacute;mi potvrdeniami doru\u010di\u0165 <b>do 31. marca 2011<\/b> na adresu:<\/p>\n<p style=\"margin: 0.0px 0.0px 0.0px 0.0px; font: 12.0px 'Times New Roman'\">Evanjelick&aacute; bohosloveck&aacute; fakulta UK<\/p>\n<p style=\"margin: 0.0px 0.0px 0.0px 0.0px; font: 12.0px 'Times New Roman'\">Bart&oacute;kova 8<\/p>\n<p style=\"margin: 0.0px 0.0px 0.0px 0.0px; font: 12.0px 'Times New Roman'\">811 02 Bratislava<\/p>\n<p style=\"margin: 0.0px 0.0px 0.0px 0.0px; font: 12.0px 'Times New Roman'; min-height: 15.0px\">&nbsp;<\/p>\n<p style=\"margin: 0.0px 0.0px 0.0px 0.0px; font: 12.0px 'Times New Roman'\">Uch&aacute;dza\u010di o&nbsp;&scaron;t&uacute;dium v&nbsp;programe <i>Evanjelick&aacute; teol&oacute;gia so zameran&iacute;m na k\u0148azsk&uacute; slu\u017ebu<\/i> k&nbsp;prihl&aacute;&scaron;ke pripoja stanovisko cirkevn&eacute;ho zboru, ktor&eacute;ho s&uacute; \u010dlenmi.&nbsp;<\/p>\n<p style=\"margin: 0.0px 0.0px 0.0px 0.0px; font: 12.0px 'Times New Roman'\">Prijat&yacute;m uch&aacute;dza\u010dom pon&uacute;kame mo\u017enos\u0165 ubytovania v&nbsp;Teologickom domove ECAV.&nbsp;<\/p>\n","protected":false},"excerpt":{"rendered":"<p>Dekan&aacute;t Evanjelickej bohosloveckej fakulty Univerzity Komensk&eacute;ho v&nbsp;Bratislave oznamuje, \u017ee pre akademick&yacute; rok 2011\/12 sa prij&iacute;macie konanie uskuto\u010dn&iacute; do t&yacute;chto ni\u017e&scaron;ie uveden&yacute;ch&nbsp; programov.&nbsp; &nbsp; evanjelick&aacute; teol&oacute;gia&nbsp; &#8211;&nbsp; (p&auml;\u0165ro\u010dn&eacute; denn&eacute; magistersk&eacute; &scaron;t&uacute;dium): &#8211; s&nbsp;mo\u017enos\u0165ou pr&iacute;pravy na k\u0148azsk&uacute; ordin&aacute;ciu v&nbsp;ECAV alebo &#8211; s&nbsp;mo\u017enos\u0165ou v&scaron;eobecn&eacute;ho &scaron;t&uacute;dia evanjelickej teol&oacute;gie a u\u010dite\u013estvo predmetu n&aacute;bo\u017eensk&aacute; v&yacute;chova v&nbsp;kombin&aacute;cii (trojro\u010dn&eacute; denn&eacute; bakal&aacute;rske &scaron;t&uacute;dium a&nbsp;nadv&auml;zuj&uacute;ce &#8230; <a title=\"Oznam o prij\u00edmacom konan\u00ed na EBF UK\" class=\"read-more\" href=\"https:\/\/www.e-anjelik.sk\/index.php\/2011\/01\/23\/oznam-o-prijimacom-konani-na-ebf-uk\/\" aria-label=\"Pre\u010d\u00edtajte si viac o Oznam o prij\u00edmacom konan\u00ed na EBF UK\">\u010c\u00edta\u0165 viac<\/a><\/p>\n","protected":false},"author":1,"featured_media":0,"comment_status":"open","ping_status":"open","sticky":false,"template":"","format":"standard","meta":{"footnotes":""},"categories":[1],"tags":[],"class_list":["post-3330","post","type-post","status-publish","format-standard","hentry","category-adventna-modlitba"],"_links":{"self":[{"href":"https:\/\/www.e-anjelik.sk\/index.php\/wp-json\/wp\/v2\/posts\/3330","targetHints":{"allow":["GET"]}}],"collection":[{"href":"https:\/\/www.e-anjelik.sk\/index.php\/wp-json\/wp\/v2\/posts"}],"about":[{"href":"https:\/\/www.e-anjelik.sk\/index.php\/wp-json\/wp\/v2\/types\/post"}],"author":[{"embeddable":true,"href":"https:\/\/www.e-anjelik.sk\/index.php\/wp-json\/wp\/v2\/users\/1"}],"replies":[{"embeddable":true,"href":"https:\/\/www.e-anjelik.sk\/index.php\/wp-json\/wp\/v2\/comments?post=3330"}],"version-history":[{"count":0,"href":"https:\/\/www.e-anjelik.sk\/index.php\/wp-json\/wp\/v2\/posts\/3330\/revisions"}],"wp:attachment":[{"href":"https:\/\/www.e-anjelik.sk\/index.php\/wp-json\/wp\/v2\/media?parent=3330"}],"wp:term":[{"taxonomy":"category","embeddable":true,"href":"https:\/\/www.e-anjelik.sk\/index.php\/wp-json\/wp\/v2\/categories?post=3330"},{"taxonomy":"post_tag","embeddable":true,"href":"https:\/\/www.e-anjelik.sk\/index.php\/wp-json\/wp\/v2\/tags?post=3330"}],"curies":[{"name":"wp","href":"https:\/\/api.w.org\/{rel}","templated":true}]}}