{"id":3331,"date":"2011-01-25T08:09:43","date_gmt":"2011-01-25T08:09:43","guid":{"rendered":"http:\/\/e-anjelik.sk\/?p=3331"},"modified":"2011-01-25T08:09:43","modified_gmt":"2011-01-25T08:09:43","slug":"audiencia-velkd-u-papeza","status":"publish","type":"post","link":"https:\/\/www.e-anjelik.sk\/index.php\/2011\/01\/25\/audiencia-velkd-u-papeza\/","title":{"rendered":"Audiencia VELKD u p\u00e1pe\u017ea"},"content":{"rendered":"<p>V pondelok 24. janu&aacute;ra 2011 prijal p&aacute;pe\u017e Benedikt XVI. na osobitnej polhodinovej audiencii deleg&aacute;ciu Spojenej evanjelicko-luter&aacute;nskej cirkvi Nemecka (VELKD) na \u010dele s jej ved&uacute;cim biskupom J. Friedrichom. Po\u010das audiencie sa hovorilo o pr&iacute;prave 500.v&yacute;ro\u010dia reform&aacute;cie, ktor&eacute; by malo by\u0165 otvoren&eacute; aj pre katol&iacute;cku cirkev. \u010ealej sa hovorilo&nbsp;o prij&iacute;man&iacute; eucharistie v&nbsp;zmie&scaron;an&yacute;ch man\u017eelstv&aacute;ch. Hoci audiencia prebehla v&nbsp;priate\u013eskom a otvorenom duchu, &nbsp;ku konkr&eacute;tnym vyjadreniam p&aacute;pe\u017ea na n&aacute;vrhy a podnety nemeck&yacute;ch luter&aacute;nov nedo&scaron;lo. Deleg&aacute;cia sa dnes ve\u010der (25.jan.2011) z&uacute;\u010dastn&iacute; ekumenickej ve\u010dierne spolu s predstavite\u013emi in&yacute;ch cirkv&iacute; na \u010dele s p&aacute;pe\u017eom.<\/p>\n<p>(<a href=\"http:\/\/www.landeskirche-braunschweig.de\">www.landeskirche-braunschweig.de<\/a>)<\/p>\n","protected":false},"excerpt":{"rendered":"<p>V pondelok 24. janu&aacute;ra 2011 prijal p&aacute;pe\u017e Benedikt XVI. na osobitnej polhodinovej audiencii deleg&aacute;ciu Spojenej evanjelicko-luter&aacute;nskej cirkvi Nemecka (VELKD) na \u010dele s jej ved&uacute;cim biskupom J. Friedrichom. Po\u010das audiencie sa hovorilo o pr&iacute;prave 500.v&yacute;ro\u010dia reform&aacute;cie, ktor&eacute; by malo by\u0165 otvoren&eacute; aj pre katol&iacute;cku cirkev. \u010ealej sa hovorilo&nbsp;o prij&iacute;man&iacute; eucharistie v&nbsp;zmie&scaron;an&yacute;ch man\u017eelstv&aacute;ch. Hoci audiencia prebehla v&nbsp;priate\u013eskom &#8230; <a title=\"Audiencia VELKD u p\u00e1pe\u017ea\" class=\"read-more\" href=\"https:\/\/www.e-anjelik.sk\/index.php\/2011\/01\/25\/audiencia-velkd-u-papeza\/\" aria-label=\"Pre\u010d\u00edtajte si viac o Audiencia VELKD u p\u00e1pe\u017ea\">\u010c\u00edta\u0165 viac<\/a><\/p>\n","protected":false},"author":22,"featured_media":0,"comment_status":"open","ping_status":"open","sticky":false,"template":"","format":"standard","meta":{"footnotes":""},"categories":[2],"tags":[],"class_list":["post-3331","post","type-post","status-publish","format-standard","hentry","category-ekumena"],"_links":{"self":[{"href":"https:\/\/www.e-anjelik.sk\/index.php\/wp-json\/wp\/v2\/posts\/3331","targetHints":{"allow":["GET"]}}],"collection":[{"href":"https:\/\/www.e-anjelik.sk\/index.php\/wp-json\/wp\/v2\/posts"}],"about":[{"href":"https:\/\/www.e-anjelik.sk\/index.php\/wp-json\/wp\/v2\/types\/post"}],"author":[{"embeddable":true,"href":"https:\/\/www.e-anjelik.sk\/index.php\/wp-json\/wp\/v2\/users\/22"}],"replies":[{"embeddable":true,"href":"https:\/\/www.e-anjelik.sk\/index.php\/wp-json\/wp\/v2\/comments?post=3331"}],"version-history":[{"count":0,"href":"https:\/\/www.e-anjelik.sk\/index.php\/wp-json\/wp\/v2\/posts\/3331\/revisions"}],"wp:attachment":[{"href":"https:\/\/www.e-anjelik.sk\/index.php\/wp-json\/wp\/v2\/media?parent=3331"}],"wp:term":[{"taxonomy":"category","embeddable":true,"href":"https:\/\/www.e-anjelik.sk\/index.php\/wp-json\/wp\/v2\/categories?post=3331"},{"taxonomy":"post_tag","embeddable":true,"href":"https:\/\/www.e-anjelik.sk\/index.php\/wp-json\/wp\/v2\/tags?post=3331"}],"curies":[{"name":"wp","href":"https:\/\/api.w.org\/{rel}","templated":true}]}}