{"id":33313,"date":"2020-02-26T04:57:00","date_gmt":"2020-02-26T03:57:00","guid":{"rendered":"http:\/\/e-anjelik.sk\/?p=33313"},"modified":"2020-02-26T04:57:00","modified_gmt":"2020-02-26T03:57:00","slug":"vincent-blazko-vystup-na-golgotu","status":"publish","type":"post","link":"https:\/\/www.e-anjelik.sk\/index.php\/2020\/02\/26\/vincent-blazko-vystup-na-golgotu\/","title":{"rendered":"Vincent Bla\u017eko &#8211; Vyst\u00fap na Golgotu"},"content":{"rendered":"\n<p>Tane\u010dn\u00fdm krokom ku n\u00e1m prich\u00e1dza <br>\nz karnevalu Popolcov\u00e1 streda. <br>\nU\u017e za bubnami stavia sa hr\u00e1dza, <br>\nza \u0148ou \u010das v\u00e1\u017eny \u010das tanca strieda. <\/p>\n\n\n\n<p>Dozneli \u00fadery cimbalov\u00fdch t\u00f3nov, <br>\nbujar\u00e1 veselica ut\u00edcha. <br>\nZm\u00e1men\u00ed \u013eudia s du\u0161ou trudnou <br>\nsn\u00e1\u010f t\u00fa\u017eia vykro\u010di\u0165 aj do ticha. <\/p>\n\n\n\n<p>No i tam po\u010du\u0165 \u00fadery klad\u00edv, <br>\nsatanov sluha u\u017e zb\u00edja kr\u00ed\u017e. <br>\nA n\u00e1m ot\u00e1zka be\u017e\u00ed svedom\u00edm: <br>\nku akej moci, \u010dlovek, vykro\u010d\u00ed\u0161? <\/p>\n\n\n\n<p>\u010ci k moci hriechu, ktor\u00fd plod\u00ed tmu, <br>\n\u010di k moci Bo\u017eej, ktor\u00e1 svetlom je? <br>\nObidve moci tvoria Golgotu, <br>\nno iba jedna \u017eivot formuje. <\/p>\n\n\n\n<p>Vykro\u010dme spolu na vrch Golgoty <br>\na odtia\u013e h\u013ea\u010fme na n\u00e1\u0161 padl\u00fd svet. <br>\nBudeme vidie\u0165 ak\u00e9 \u00fatrapy <br>\nmusela prem\u00f4c\u0165 Kristova obe\u0165! <\/p>\n\n\n\n<p>Z Golgoty vidno v brie\u017edivom r\u00e1ne <br>\notvoren\u00fd hrob nov\u00fdch n\u00e1dej\u00ed! <br>\nPo chm\u00farnej noci pr\u00edde svitanie, <br>\nkr\u00ed\u017eom sa \u010dist\u00ed obzor zahmlen\u00fd.<\/p>\n","protected":false},"excerpt":{"rendered":"<p>Tane\u010dn\u00fdm krokom ku n\u00e1m prich\u00e1dza z karnevalu Popolcov\u00e1 streda. U\u017e za bubnami stavia sa hr\u00e1dza, za \u0148ou \u010das v\u00e1\u017eny \u010das tanca strieda. Dozneli \u00fadery cimbalov\u00fdch t\u00f3nov, bujar\u00e1 veselica ut\u00edcha. Zm\u00e1men\u00ed \u013eudia s du\u0161ou trudnou sn\u00e1\u010f t\u00fa\u017eia vykro\u010di\u0165 aj do ticha. No i tam po\u010du\u0165 \u00fadery klad\u00edv, satanov sluha u\u017e zb\u00edja kr\u00ed\u017e. A n\u00e1m ot\u00e1zka be\u017e\u00ed &#8230; <a title=\"Vincent Bla\u017eko &#8211; Vyst\u00fap na Golgotu\" class=\"read-more\" href=\"https:\/\/www.e-anjelik.sk\/index.php\/2020\/02\/26\/vincent-blazko-vystup-na-golgotu\/\" aria-label=\"Pre\u010d\u00edtajte si viac o Vincent Bla\u017eko &#8211; Vyst\u00fap na Golgotu\">\u010c\u00edta\u0165 viac<\/a><\/p>\n","protected":false},"author":3,"featured_media":0,"comment_status":"open","ping_status":"open","sticky":false,"template":"","format":"standard","meta":{"footnotes":""},"categories":[165,53],"tags":[],"class_list":["post-33313","post","type-post","status-publish","format-standard","hentry","category-poezia-2","category-post"],"_links":{"self":[{"href":"https:\/\/www.e-anjelik.sk\/index.php\/wp-json\/wp\/v2\/posts\/33313","targetHints":{"allow":["GET"]}}],"collection":[{"href":"https:\/\/www.e-anjelik.sk\/index.php\/wp-json\/wp\/v2\/posts"}],"about":[{"href":"https:\/\/www.e-anjelik.sk\/index.php\/wp-json\/wp\/v2\/types\/post"}],"author":[{"embeddable":true,"href":"https:\/\/www.e-anjelik.sk\/index.php\/wp-json\/wp\/v2\/users\/3"}],"replies":[{"embeddable":true,"href":"https:\/\/www.e-anjelik.sk\/index.php\/wp-json\/wp\/v2\/comments?post=33313"}],"version-history":[{"count":1,"href":"https:\/\/www.e-anjelik.sk\/index.php\/wp-json\/wp\/v2\/posts\/33313\/revisions"}],"predecessor-version":[{"id":33314,"href":"https:\/\/www.e-anjelik.sk\/index.php\/wp-json\/wp\/v2\/posts\/33313\/revisions\/33314"}],"wp:attachment":[{"href":"https:\/\/www.e-anjelik.sk\/index.php\/wp-json\/wp\/v2\/media?parent=33313"}],"wp:term":[{"taxonomy":"category","embeddable":true,"href":"https:\/\/www.e-anjelik.sk\/index.php\/wp-json\/wp\/v2\/categories?post=33313"},{"taxonomy":"post_tag","embeddable":true,"href":"https:\/\/www.e-anjelik.sk\/index.php\/wp-json\/wp\/v2\/tags?post=33313"}],"curies":[{"name":"wp","href":"https:\/\/api.w.org\/{rel}","templated":true}]}}