{"id":3333,"date":"2011-01-25T09:15:00","date_gmt":"2011-01-25T09:15:00","guid":{"rendered":"http:\/\/e-anjelik.sk\/?p=3333"},"modified":"2011-01-25T09:15:00","modified_gmt":"2011-01-25T09:15:00","slug":"konferencia-lut-duchovnych-v-estonsku","status":"publish","type":"post","link":"https:\/\/www.e-anjelik.sk\/index.php\/2011\/01\/25\/konferencia-lut-duchovnych-v-estonsku\/","title":{"rendered":"Konferencia lut. duchovn\u00fdch v Est\u00f3nsku"},"content":{"rendered":"<p>25. a 26. janu&aacute;ra 2011 sa bude kona\u0165 konferencia duchovn&yacute;ch Evanjelicko-luter&aacute;nskej cirkvi Est&oacute;nska na t&eacute;mu :&quot; Modlitba a duchovn&yacute; rast.&quot; T&aacute;to t&eacute;ma vyplynula z po\u017eiadaviek sam&yacute;ch duchovn&yacute;ch. Vlani na jar&nbsp; vedenie cirkvi urobilo priesku medzi duchovn&yacute;mi a navrhlo na v&yacute;ber konferenciu k t&eacute;mam: k&aacute;zanie a k&aacute;ze\u0148, poslanie man\u017eelstva rodiny, modlitba a duchovn&yacute; rast. Drviv&aacute; v&auml;\u010d&scaron;ina duchovn&yacute;ch sa vyslovila za posledn&uacute; t&eacute;mu.&nbsp;&nbsp;T&aacute;to cirkev m&aacute; 167 tis&iacute;c \u010dlenov v 165 cirkevn&yacute;ch zboroch. Pracuje v nich 214 far&aacute;rov. Na \u010dele je arcibiskup Andres Poeder, naroden&yacute; roku 1949.<\/p>\n<p>(<a href=\"http:\/\/www.de.wikipedia.org\">www.de.wikipedia.org<\/a>; <a href=\"http:\/\/www.eelk.ee\">www.eelk.ee<\/a>)<\/p>\n<p>&nbsp;<\/p>\n","protected":false},"excerpt":{"rendered":"<p>25. a 26. janu&aacute;ra 2011 sa bude kona\u0165 konferencia duchovn&yacute;ch Evanjelicko-luter&aacute;nskej cirkvi Est&oacute;nska na t&eacute;mu :&quot; Modlitba a duchovn&yacute; rast.&quot; T&aacute;to t&eacute;ma vyplynula z po\u017eiadaviek sam&yacute;ch duchovn&yacute;ch. Vlani na jar&nbsp; vedenie cirkvi urobilo priesku medzi duchovn&yacute;mi a navrhlo na v&yacute;ber konferenciu k t&eacute;mam: k&aacute;zanie a k&aacute;ze\u0148, poslanie man\u017eelstva rodiny, modlitba a duchovn&yacute; rast. Drviv&aacute; v&auml;\u010d&scaron;ina &#8230; <a title=\"Konferencia lut. duchovn\u00fdch v Est\u00f3nsku\" class=\"read-more\" href=\"https:\/\/www.e-anjelik.sk\/index.php\/2011\/01\/25\/konferencia-lut-duchovnych-v-estonsku\/\" aria-label=\"Pre\u010d\u00edtajte si viac o Konferencia lut. duchovn\u00fdch v Est\u00f3nsku\">\u010c\u00edta\u0165 viac<\/a><\/p>\n","protected":false},"author":22,"featured_media":0,"comment_status":"open","ping_status":"open","sticky":false,"template":"","format":"standard","meta":{"footnotes":""},"categories":[20,10],"tags":[],"class_list":["post-3333","post","type-post","status-publish","format-standard","hentry","category-baltikum","category-zo-sveta"],"_links":{"self":[{"href":"https:\/\/www.e-anjelik.sk\/index.php\/wp-json\/wp\/v2\/posts\/3333","targetHints":{"allow":["GET"]}}],"collection":[{"href":"https:\/\/www.e-anjelik.sk\/index.php\/wp-json\/wp\/v2\/posts"}],"about":[{"href":"https:\/\/www.e-anjelik.sk\/index.php\/wp-json\/wp\/v2\/types\/post"}],"author":[{"embeddable":true,"href":"https:\/\/www.e-anjelik.sk\/index.php\/wp-json\/wp\/v2\/users\/22"}],"replies":[{"embeddable":true,"href":"https:\/\/www.e-anjelik.sk\/index.php\/wp-json\/wp\/v2\/comments?post=3333"}],"version-history":[{"count":0,"href":"https:\/\/www.e-anjelik.sk\/index.php\/wp-json\/wp\/v2\/posts\/3333\/revisions"}],"wp:attachment":[{"href":"https:\/\/www.e-anjelik.sk\/index.php\/wp-json\/wp\/v2\/media?parent=3333"}],"wp:term":[{"taxonomy":"category","embeddable":true,"href":"https:\/\/www.e-anjelik.sk\/index.php\/wp-json\/wp\/v2\/categories?post=3333"},{"taxonomy":"post_tag","embeddable":true,"href":"https:\/\/www.e-anjelik.sk\/index.php\/wp-json\/wp\/v2\/tags?post=3333"}],"curies":[{"name":"wp","href":"https:\/\/api.w.org\/{rel}","templated":true}]}}