{"id":3334,"date":"2011-01-25T09:46:43","date_gmt":"2011-01-25T09:46:43","guid":{"rendered":"http:\/\/e-anjelik.sk\/?p=3334"},"modified":"2011-01-25T09:46:43","modified_gmt":"2011-01-25T09:46:43","slug":"v-mr-evanjelici-a-reformovani-pripravuju-spolocne-oslavu-velkeho-jubilea-reformacie","status":"publish","type":"post","link":"https:\/\/www.e-anjelik.sk\/index.php\/2011\/01\/25\/v-mr-evanjelici-a-reformovani-pripravuju-spolocne-oslavu-velkeho-jubilea-reformacie\/","title":{"rendered":"V MR evanjelici a reformovan\u00ed pripravuj\u00fa spolo\u010dne oslavu Ve\u013ek\u00e9ho jubilea Reform\u00e1cie"},"content":{"rendered":"<p>V pondelok 24. janu&aacute;ra t.r. sa v Budape&scaron;ti zi&scaron;li \u010dlenovia pr&iacute;pravn&eacute;ho v&yacute;boru osl&aacute;v Reform&aacute;cie roku 2017 z Evanjelickej a.v. cirkvi a v&yacute;boru na pr&iacute;pravu osl&aacute;v jubilea J&aacute;na Kalv&iacute;na&nbsp;z reformovanej cirkvi . \u010clenovia evanjelick&eacute;ho v&yacute;boru informovali, \u010do sa u\u017e&nbsp;doteraz urobilo a rob&iacute;: film o Lutherovi, vydanie jeho spisov aj s koment&aacute;rmi, digitaliz&aacute;cia kni\u017enice,&nbsp;&nbsp;pr&iacute;prava tematick&yacute;ch rokov, zriadenie vlastnej webovej str&aacute;nky <a href=\"http:\/\/www.reformacio.500.hu.Reformovan&iacute;\">www.reformacio.500.hu.Reformovan&iacute;<\/a> bud&uacute; si pripom&iacute;na\u0165 Kalv&iacute;na a\u017e do roku 2014.Vyd&aacute;vaj&uacute; jeho spisy, roku 2013&nbsp; osl&aacute;via 450.v&yacute;ro\u010die vydania Heidelbergsk&eacute;ho katechizmu, pripravuj&uacute; nov&yacute; preklad. Potom obe komisie spolo\u010dne rie&scaron;ili tieto n&aacute;vrhy: vyhl&aacute;si\u0165 rok 2017 &scaron;t&aacute;tnymi org&aacute;nmi za pam&auml;tn&yacute; rok; r. 2017&nbsp;chc&uacute; spolo\u010dn&eacute; sl&aacute;vnostn&eacute; zasadnutie synody, v tomto roku chc&uacute; preh\u013abi\u0165 spolo\u010dn&eacute; zborov&eacute; podujatia ,bohoslu\u017eby,v&yacute;menu kanc\u013ea,&nbsp;a&nbsp;pod.&nbsp;&nbsp;; spolo\u010dn&aacute; v&yacute;stava o reform&aacute;cii; vedeck&eacute; konferencie; liter&aacute;rne a hudobn&eacute; podujatia, in&eacute; kult&uacute;rne podujatia. 31. okt&oacute;bra 2017 bud&uacute; spolo\u010dn&eacute; slu\u017eby Bo\u017eie. Oba v&yacute;bory sa najbli\u017e&scaron;ie op&auml;\u0165 stretn&uacute; na spolo\u010dnom rokovan&iacute; na jese\u0148 t.r.<\/p>\n<p>(<a href=\"http:\/\/www.evangelikus.hu\">www.evangelikus.hu<\/a>)<\/p>\n","protected":false},"excerpt":{"rendered":"<p>V pondelok 24. janu&aacute;ra t.r. sa v Budape&scaron;ti zi&scaron;li \u010dlenovia pr&iacute;pravn&eacute;ho v&yacute;boru osl&aacute;v Reform&aacute;cie roku 2017 z Evanjelickej a.v. cirkvi a v&yacute;boru na pr&iacute;pravu osl&aacute;v jubilea J&aacute;na Kalv&iacute;na&nbsp;z reformovanej cirkvi . \u010clenovia evanjelick&eacute;ho v&yacute;boru informovali, \u010do sa u\u017e&nbsp;doteraz urobilo a rob&iacute;: film o Lutherovi, vydanie jeho spisov aj s koment&aacute;rmi, digitaliz&aacute;cia kni\u017enice,&nbsp;&nbsp;pr&iacute;prava tematick&yacute;ch rokov, zriadenie &#8230; <a title=\"V MR evanjelici a reformovan\u00ed pripravuj\u00fa spolo\u010dne oslavu Ve\u013ek\u00e9ho jubilea Reform\u00e1cie\" class=\"read-more\" href=\"https:\/\/www.e-anjelik.sk\/index.php\/2011\/01\/25\/v-mr-evanjelici-a-reformovani-pripravuju-spolocne-oslavu-velkeho-jubilea-reformacie\/\" aria-label=\"Pre\u010d\u00edtajte si viac o V MR evanjelici a reformovan\u00ed pripravuj\u00fa spolo\u010dne oslavu Ve\u013ek\u00e9ho jubilea Reform\u00e1cie\">\u010c\u00edta\u0165 viac<\/a><\/p>\n","protected":false},"author":22,"featured_media":0,"comment_status":"open","ping_status":"open","sticky":false,"template":"","format":"standard","meta":{"footnotes":""},"categories":[2],"tags":[],"class_list":["post-3334","post","type-post","status-publish","format-standard","hentry","category-ekumena"],"_links":{"self":[{"href":"https:\/\/www.e-anjelik.sk\/index.php\/wp-json\/wp\/v2\/posts\/3334","targetHints":{"allow":["GET"]}}],"collection":[{"href":"https:\/\/www.e-anjelik.sk\/index.php\/wp-json\/wp\/v2\/posts"}],"about":[{"href":"https:\/\/www.e-anjelik.sk\/index.php\/wp-json\/wp\/v2\/types\/post"}],"author":[{"embeddable":true,"href":"https:\/\/www.e-anjelik.sk\/index.php\/wp-json\/wp\/v2\/users\/22"}],"replies":[{"embeddable":true,"href":"https:\/\/www.e-anjelik.sk\/index.php\/wp-json\/wp\/v2\/comments?post=3334"}],"version-history":[{"count":0,"href":"https:\/\/www.e-anjelik.sk\/index.php\/wp-json\/wp\/v2\/posts\/3334\/revisions"}],"wp:attachment":[{"href":"https:\/\/www.e-anjelik.sk\/index.php\/wp-json\/wp\/v2\/media?parent=3334"}],"wp:term":[{"taxonomy":"category","embeddable":true,"href":"https:\/\/www.e-anjelik.sk\/index.php\/wp-json\/wp\/v2\/categories?post=3334"},{"taxonomy":"post_tag","embeddable":true,"href":"https:\/\/www.e-anjelik.sk\/index.php\/wp-json\/wp\/v2\/tags?post=3334"}],"curies":[{"name":"wp","href":"https:\/\/api.w.org\/{rel}","templated":true}]}}