{"id":33340,"date":"2020-03-10T14:30:38","date_gmt":"2020-03-10T13:30:38","guid":{"rendered":"http:\/\/e-anjelik.sk\/?p=33340"},"modified":"2020-03-10T14:30:38","modified_gmt":"2020-03-10T13:30:38","slug":"usmernenie-pre-coj-ecav-na-slovensku","status":"publish","type":"post","link":"https:\/\/www.e-anjelik.sk\/index.php\/2020\/03\/10\/usmernenie-pre-coj-ecav-na-slovensku\/","title":{"rendered":"Usmernenie pre COJ ECAV na Slovensku"},"content":{"rendered":"\n<h1 class=\"wp-block-heading\">Koronav\u00edrus- usmernenie pre COJ ECAV na Slovensku a ich predstavite\u013eov<\/h1>\n\n\n\n<figure class=\"wp-block-image\"><a href=\"https:\/\/www.ecav.sk\/rails\/active_storage\/blobs\/eyJfcmFpbHMiOnsibWVzc2FnZSI6IkJBaHBBdnFFIiwiZXhwIjpudWxsLCJwdXIiOiJibG9iX2lkIn19--81c9ddd44b7d4dccfdc6672a25dd98f80dfa1fe6\/lutherova_ruza.jpg\"><img decoding=\"async\" src=\"https:\/\/www.ecav.sk\/rails\/active_storage\/representations\/eyJfcmFpbHMiOnsibWVzc2FnZSI6IkJBaHBBdnFFIiwiZXhwIjpudWxsLCJwdXIiOiJibG9iX2lkIn19--81c9ddd44b7d4dccfdc6672a25dd98f80dfa1fe6\/eyJfcmFpbHMiOnsibWVzc2FnZSI6IkJBaDdCam9MY21WemFYcGxTU0lJT1RBd0Jqb0dSVlE9IiwiZXhwIjpudWxsLCJwdXIiOiJ2YXJpYXRpb24ifX0=--f83398908a42570f1be2d2870fc3e62f317d893b\/lutherova_ruza.jpg\" alt=\"Koronav\u00edrus- usmernenie pre COJ ECAV na Slovensku a ich predstavite\u013eov\"\/><\/a><\/figure>\n\n\n\n<ul class=\"wp-block-list\"><li>&nbsp;10.03.20<\/li><li>&nbsp;&nbsp;Predsedn\u00edctvo ECAV na Slovensku<\/li><li>&nbsp;<a href=\"https:\/\/www.ecav.sk\/aktuality\/stanoviska-a-vyjadrenia\">&nbsp;Stanovisk\u00e1 a vyjadrenia<\/a><\/li><\/ul>\n\n\n\n<p>Predsedn\u00edctvo Evanjelickej cirkvi augsbursk\u00e9ho vyznania na Slovensku (ECAV) v situ\u00e1cii \u0161\u00edrenia sa koronav\u00edrusu na Slovensku pod\u00e1va toto usmernenie pre Cirkevn\u00e9 organiza\u010dn\u00e9 jednotky Evanjelickej cirkvi a. v. na Slovensku a ich predstavite\u013eov.&nbsp;<\/p>\n\n\n\n<p>Bratia a sestry, pozdravujeme V\u00e1s pozdravom n\u00e1\u0161ho Spasite\u013ea P\u00e1na Je\u017ei\u0161a Krista: Pokoj V\u00e1m!<\/p>\n\n\n\n<p>1. Predov\u0161etk\u00fdm, nedajme \u0161ancu panike. Koronav\u00edrus je nebezpe\u010dn\u00fd, mus\u00edme by\u0165 mimoriadne opatrn\u00ed a dodr\u017eiava\u0165 v\u0161etky pravidl\u00e1 hygieny a spr\u00e1vania sa tak, ako to zodpovedn\u00e9 \u00farady prezentuj\u00fa v m\u00e9di\u00e1ch. Bu\u010fme oh\u013eadupln\u00ed najm\u00e4 vo\u010di najstar\u0161\u00edm \u010dlenom cirkvi, ktor\u00ed m\u00f4\u017eu by\u0165 v\u00edrusom najviac ohrozen\u00ed, nevystavujme ich zbyto\u010dn\u00e9mu riziku. Na druhej strane si zachovajme zodpovednos\u0165 duchovn\u00fdch za povzbudzovanie k viere, k skutkom milosrdenstva, k bratsko-sestersk\u00fdm vz\u0165ahom a v neposlednom rade aj k pok\u00e1niu. Ve\u010f je v\u00fdznamnou biblickou trad\u00edciou, \u017ee vonkaj\u0161ie dopustenia v\u017edy znamenali aj v\u00fdzvu k pok\u00e1niu.<\/p>\n\n\n\n<p>2. Na z\u00e1klade rozhodnutia hlavn\u00e9ho hygienika SR a odpor\u00fa\u010dania Ministerstva vn\u00fatra SR, Ministerstvo kult\u00fary rozhodlo o z\u00e1kaze hromadn\u00fdch podujat\u00ed z d\u00f4vodu v\u0161eobecn\u00e9ho z\u00e1ujmu ochrany zdravia \u013eud\u00ed. Na z\u00e1klade uveden\u00e9ho: Slu\u017eby Bo\u017eie a v\u0161etky hromadn\u00e9 podujatia v ECAV sa kona\u0165 nebud\u00fa do odvolania.<\/p>\n\n\n\n<p>3. Pri prisluhovan\u00ed Ve\u010dere P\u00e1novej pri pod\u00e1van\u00ed v\u00edna je mo\u017en\u00e9 do\u010dasne pou\u017ei\u0165 jednorazov\u00e9 poh\u00e1riky. Z\u00e1rove\u0148 je potrebn\u00e9 dba\u0165 na to, aby si ka\u017ed\u00e1 osoba pred pod\u00e1van\u00edm chleba dostato\u010dne dezinfikovala ruky. Ve\u010deru P\u00e1novu mo\u017eno pod\u00e1va\u0165 aj tak, \u017ee pod\u00e1van\u00fd chlieb (obl\u00e1tku) pred vlo\u017een\u00edm do \u00fast \u010diasto\u010dne namo\u010d\u00edme vo v\u00edne. Ak sa prisluhuj\u00faci dotkne pier komunikanta, je potrebn\u00e9 bezprostredne si utrie\u0165 ruky dezinfek\u010dnou utierkou. Tak\u00fdto sp\u00f4sob prisluhovania si vy\u017eaduje spolupr\u00e1cu informovan\u00fdch asistentov a tie\u017e vysvetlenie mimoriadnej okolnosti.<\/p>\n\n\n\n<p>3. Senior\u00e1lne konventy je potrebn\u00e9 odlo\u017ei\u0165 na obdobie po Ve\u013ekej noci. Materi\u00e1ly predkladan\u00e9 senior\u00e1lnemu konventu je mo\u017en\u00e9 zasla\u0165 na di\u0161triktu\u00e1lne biskupsk\u00e9 \u00farady aj vopred, samozrejme okrem z\u00e1pisnice. Na pove\u013ekono\u010dn\u00e9 obdobie sa odkladaj\u00fa aj \u010fal\u0161ie senior\u00e1lne, di\u0161triktu\u00e1lne a celocirkevn\u00e9 podujatia, vr\u00e1tane zasadnut\u00ed org\u00e1nov, komisi\u00ed a v\u00fdborov.<\/p>\n\n\n\n<p>4. Pohreby sa kona\u0165 musia. Op\u00e4\u0165 je treba dodr\u017eiava\u0165 v\u0161etky odpor\u00fa\u010dan\u00e9 pravidl\u00e1 hygieny a spr\u00e1vania sa. V liturgickej \u010dasti poriadku pohrebu je mo\u017en\u00e9 pod\u013ea vlastn\u00e9ho uv\u00e1\u017eenia skr\u00e1ti\u0165 poriadok na nutn\u00e9 minimum. Zachovajte v\u0161ak v\u00e1\u017enos\u0165 obradu a zves\u0165 Bo\u017eieho slova. Na zmeny v poriadku upozornite vopred sm\u00fatiacu rodinu.<\/p>\n\n\n\n<p>5. Ak s\u00fa pripraven\u00e9 sob\u00e1\u0161e a krsty, ktor\u00e9 sa u\u017e nedaj\u00fa prelo\u017ei\u0165, vykonajte ich podobne s dodr\u017ean\u00edm v\u0161etk\u00fdch pravidiel hygieny a zodpovedn\u00e9ho spr\u00e1vania sa, s pou\u017eit\u00edm nutn\u00e9ho minim\u00e1lneho liturgick\u00e9ho poriadku.<br><br>6. Biblick\u00e9 hodiny, spevokoly, ml\u00e1de\u017ee a in\u00e9 podobn\u00e9 podujatia \u017eiadame rovnako nekona\u0165 do odvolania pod\u013ea pokynov verejn\u00fdch autor\u00edt.<\/p>\n\n\n\n<p>7. Pri ka\u017edej pr\u00edle\u017eitosti pon\u00faknite \u013eu\u010fom ktor\u00ed s\u00fa v\u00e1m zveren\u00ed, mo\u017enos\u0165 osobne po\u010d\u00fava\u0165 Bo\u017eie slovo z rozhlasu, z telev\u00edzie, z ich arch\u00edvov a z facebooku. Pr\u00e1ve v tomto \u010dase bu\u010fme akt\u00edvnej\u0161\u00ed v \u010d\u00edtan\u00ed si Biblie, kvalitnej evanjelickej literat\u00fary, Evanjelick\u00e9ho posla spod Tatier a pod. Ve\u013ea si spievajme na\u0161e duchovn\u00e9 piesne, povzbudzujme sa k modlitb\u00e1m. M\u00e1me za \u010do prosi\u0165 a \u010do vyzn\u00e1va\u0165 P\u00e1nu Bohu. T\u00e1to situ\u00e1cia je pr\u00edle\u017eitos\u0165ou k obnove rodinn\u00fdch pobo\u017enost\u00ed, k \u00faprimn\u00fdm duchovn\u00fdm rozhovorom a k osobn\u00e9mu zdie\u013eaniu sa v na\u0161ich rodin\u00e1ch, alebo mal\u00fdch susedstv\u00e1ch.<\/p>\n\n\n\n<p>Bratia a sestry, ka\u017ed\u00e1 mimoriadna situ\u00e1cia, ktor\u00e1 sa deje spolo\u010dnosti ako aj jednotlivcom, je Bo\u017e\u00edm volan\u00edm k pok\u00e1niu a k sebareflexii. Je pozvan\u00edm k nov\u00e9mu, lep\u0161iemu \u017eivotu. A je tie\u017e upozornen\u00edm, \u017ee sme slab\u00ed, hrie\u0161ni a pominute\u013en\u00ed. Vyu\u017eime tento \u010das k zmiereniu, k vernej\u0161iemu nasledovaniu Spasite\u013ea P\u00e1na Je\u017ei\u0161a. Nanovo sa u\u010dme by\u0165 k sebe slu\u0161n\u00ed a zhovievav\u00ed, l\u00e1skav\u00ed a odp\u00fa\u0161\u0165aj\u00faci. Situ\u00e1cia, v ktorej sa nach\u00e1dzame nie je len hrozbou, je aj \u0161ancou, \u017ee sa otvor\u00edme P\u00e1nu Bohu a bl\u00ed\u017enym a cel\u00fdm srdcom sa obr\u00e1time k Nemu.<\/p>\n\n\n\n<p>&nbsp; &nbsp; &nbsp; &nbsp; &nbsp; &nbsp; Aj v tejto na\u0161ej situ\u00e1cii sa povzbudzujeme Bo\u017e\u00edm slovom:<\/p>\n\n\n\n<p>&nbsp; &nbsp; &nbsp; &nbsp; &nbsp; &nbsp;&nbsp;<strong><em>Poku\u0161enie, ktor\u00e9 v\u00e1s zachv\u00e1tilo, je len \u013eudsk\u00e9, ale Boh je vern\u00fd. On nedopust\u00ed pok\u00fa\u0161a\u0165 v\u00e1s nad mo\u017enos\u0165, ale s poku\u0161en\u00edm sp\u00f4sob\u00ed aj vyslobodenie, aby ste ho mohli znies\u0165.&nbsp;<\/em><\/strong>1. Kor 10, 13<\/p>\n\n\n\n<p>Predsedn\u00edctvo ECAV<br>Ivan E\u013eko, gener\u00e1lny biskup<br>J\u00e1n Brozman, gener\u00e1lny dozorca<\/p>\n\n\n\n<p>Bratislava 10.03.2020<\/p>\n\n\n\n<p><\/p>\n","protected":false},"excerpt":{"rendered":"<p>Koronav\u00edrus- usmernenie pre COJ ECAV na Slovensku a ich predstavite\u013eov &nbsp;10.03.20 &nbsp;&nbsp;Predsedn\u00edctvo ECAV na Slovensku &nbsp;&nbsp;Stanovisk\u00e1 a vyjadrenia Predsedn\u00edctvo Evanjelickej cirkvi augsbursk\u00e9ho vyznania na Slovensku (ECAV) v situ\u00e1cii \u0161\u00edrenia sa koronav\u00edrusu na Slovensku pod\u00e1va toto usmernenie pre Cirkevn\u00e9 organiza\u010dn\u00e9 jednotky Evanjelickej cirkvi a. v. na Slovensku a ich predstavite\u013eov.&nbsp; Bratia a sestry, pozdravujeme V\u00e1s pozdravom &#8230; <a title=\"Usmernenie pre COJ ECAV na Slovensku\" class=\"read-more\" href=\"https:\/\/www.e-anjelik.sk\/index.php\/2020\/03\/10\/usmernenie-pre-coj-ecav-na-slovensku\/\" aria-label=\"Pre\u010d\u00edtajte si viac o Usmernenie pre COJ ECAV na Slovensku\">\u010c\u00edta\u0165 viac<\/a><\/p>\n","protected":false},"author":4,"featured_media":0,"comment_status":"open","ping_status":"open","sticky":false,"template":"","format":"standard","meta":{"footnotes":""},"categories":[4,193,73,177,53],"tags":[],"class_list":["post-33340","post","type-post","status-publish","format-standard","hentry","category-akcie","category-co-pisu-ini","category-ecav","category-gbu","category-post"],"_links":{"self":[{"href":"https:\/\/www.e-anjelik.sk\/index.php\/wp-json\/wp\/v2\/posts\/33340","targetHints":{"allow":["GET"]}}],"collection":[{"href":"https:\/\/www.e-anjelik.sk\/index.php\/wp-json\/wp\/v2\/posts"}],"about":[{"href":"https:\/\/www.e-anjelik.sk\/index.php\/wp-json\/wp\/v2\/types\/post"}],"author":[{"embeddable":true,"href":"https:\/\/www.e-anjelik.sk\/index.php\/wp-json\/wp\/v2\/users\/4"}],"replies":[{"embeddable":true,"href":"https:\/\/www.e-anjelik.sk\/index.php\/wp-json\/wp\/v2\/comments?post=33340"}],"version-history":[{"count":1,"href":"https:\/\/www.e-anjelik.sk\/index.php\/wp-json\/wp\/v2\/posts\/33340\/revisions"}],"predecessor-version":[{"id":33341,"href":"https:\/\/www.e-anjelik.sk\/index.php\/wp-json\/wp\/v2\/posts\/33340\/revisions\/33341"}],"wp:attachment":[{"href":"https:\/\/www.e-anjelik.sk\/index.php\/wp-json\/wp\/v2\/media?parent=33340"}],"wp:term":[{"taxonomy":"category","embeddable":true,"href":"https:\/\/www.e-anjelik.sk\/index.php\/wp-json\/wp\/v2\/categories?post=33340"},{"taxonomy":"post_tag","embeddable":true,"href":"https:\/\/www.e-anjelik.sk\/index.php\/wp-json\/wp\/v2\/tags?post=33340"}],"curies":[{"name":"wp","href":"https:\/\/api.w.org\/{rel}","templated":true}]}}