{"id":33342,"date":"2020-03-11T22:25:00","date_gmt":"2020-03-11T21:25:00","guid":{"rendered":"http:\/\/e-anjelik.sk\/?p=33342"},"modified":"2021-04-02T17:32:26","modified_gmt":"2021-04-02T15:32:26","slug":"kedy-neumrieme","status":"publish","type":"post","link":"https:\/\/www.e-anjelik.sk\/index.php\/2020\/03\/11\/kedy-neumrieme\/","title":{"rendered":"Kedy neumrieme?"},"content":{"rendered":"\n<p><strong>&nbsp; &nbsp; &nbsp; Kedy neumrieme ?<\/strong><\/p>\n\n\n\n<p><strong>J 8, 21 &#8211; 30:<\/strong><\/p>\n\n\n\n<p><em>\u201cPotom im zase hovoril: Ja odch\u00e1dzam a budete ma h\u013eada\u0165 a umriete vo svojom hriechu; kam ja odch\u00e1dzam, ta vy nem\u00f4\u017eete pr\u00eds\u0165. (22) I povedali na to \u017didia: Vari sa len nezabije s\u00e1m, ke\u010f\u017ee hovor\u00ed: Kam ja odch\u00e1dzam, ta vy nem\u00f4\u017eete pr\u00eds\u0165? (23) A on im odpovedal: Vy ste zdola, ja som zhora; vy ste z tohto sveta, ja nie som z tohto sveta. (24) Preto som v\u00e1m povedal, \u017ee umriete v hriechoch; lebo ak neuver\u00edte, \u017ee ja som, umriete v hriechoch. (25) Povedali Mu teda: Kto\u017ee si ty? Je\u017ei\u0161 im odpovedal: Som to, \u010do v\u00e1m od po\u010diatku aj hovor\u00edm! (26) Mnoho m\u00e1m o v\u00e1s hovori\u0165 a s\u00fadi\u0165 v\u00e1s, ale Ten, ktor\u00fd ma poslal, je pravdiv\u00fd, a ja, \u010do som po\u010dul od Neho, to hovor\u00edm svetu. (27) Ale nerozumeli, \u017ee im hovoril o Otcovi. (28) Je\u017ei\u0161 teda povedal: Ke\u010f pov\u00fd\u0161ite Syna \u010dloveka, a\u017e potom pozn\u00e1te, \u017ee ja som a ni\u010d ne\u010din\u00edm s\u00e1m od seba, ale hovor\u00edm, ako ma Otec nau\u010dil. (29) A Ten, ktor\u00fd ma poslal, je so mnou; nenechal ma sam\u00e9ho, preto\u017ee ja v\u017edy to \u010din\u00edm, \u010do je mil\u00e9 Jemu. (30) Ke\u010f takto hovoril, mnoh\u00ed uverli v Neho.\u201d Amen<\/em><\/p>\n\n\n\n<p>&nbsp; &nbsp; Bratia a sestry v Kristu, P\u00e1novi!<\/p>\n\n\n\n<p>&nbsp; &nbsp; Predspev druhej p\u00f4stnej nedele zo \u017d 25,6: <em>\u201c\u00d3 Hospodine, pam\u00e4taj na svoje z\u013eutovanie, na svoju milos\u0165; lebo tie s\u00fa od vekov\u201d&nbsp;<\/em><\/p>\n\n\n\n<p><em>( lat.Reminiscere miserationum tuarum) <\/em>prevzat\u00fd zo starej kres\u0165anskej cirkvi je jedna z najvzl\u00e1\u0161tnej\u0161\u00edch modlitieb.&nbsp;<\/p>\n\n\n\n<p>&nbsp;&nbsp; &nbsp; V tejto modlitbe \u010dlovek, hie\u0161nik, ktor\u00fd m\u00e1 v\u017edy kr\u00e1tku pam\u00e4\u0165, pripom\u00edna ve\u010dn\u00e9mu a m\u00fadremu Hospodinu, aby na nie\u010do pam\u00e4tal, aby na nie\u010do nezabudol, akoby P\u00e1n Boh mohol na nie\u010do zabudn\u00fa\u0165. T\u00e1to prosba sa n\u00e1m jav\u00ed zvl\u00e1\u0161tnou a divnou iba dovtedy, k\u00fdm si uvedom\u00edme v akom s\u00favise bola vysloven\u00e1. \u017dalmista najsk\u00f4r prosil aby ho Hospodin viedol a vyu\u010doval ceste pravdy (v. 5) a potom jedn\u00fdm dychom vyslovil \u017eiados\u0165: <em>\u201d Na hriechy mojej mladosti a na poklesky moje nespom\u00ednaj, pam\u00e4taj na m\u0148a pod\u013ea svojej milosti pre svoju dobrotu, \u00f3 Hospodine.\u201d (v.7)<\/em>&nbsp;<\/p>\n\n\n\n<p>&nbsp;&nbsp; &nbsp; Ak by mal Hospodin na pam\u00e4ti hriechy a poklesky, ktor\u00fdch sa \u010dlovek dop\u00fa\u0161\u0165a od svojej mladosti, nikdy by \u010dlovek neobst\u00e1l pred Bo\u017e\u00edm s\u00fadom. Mnoh\u00e9 hriechy kon\u00e1 \u010dlovek ako nedospel\u00fd, mlad\u00fd, alebo neruzumn\u00fd, za ktor\u00e9 sa mus\u00ed nesk\u00f4r hanbi\u0165. \u010clovek vie, \u017ee ur\u010dit\u00e9 \u201dv\u00fdstrelky mlad\u00edckej nerozv\u00e1\u017enosti\u201d mu nesk\u00f4r v \u017eivote m\u00f4\u017eu na\u0161trbi\u0165 \u010des\u0165 a dobr\u00e9 meno, ohrozi\u0165 jeho kari\u00e9ru a d\u00f4stojnos\u0165. Hiechy mladosti maj\u00fa svoj dosah na bud\u00faci \u017eivot. A v\u0161etky hriechy spolu n\u00e1s m\u00f4\u017eu pripravi\u0165 o ve\u010dn\u00fd \u017eivot v spolo\u010denstve nebesk\u00e9ho Otca. Vedomie a sk\u00fasenos\u0165, \u017ee aj hriechy mladosti hriechy m\u00f4\u017eu \u010dloveka \u201cdobehn\u00fa\u0165\u201d, viedlo \u017ealmistu k prosby, aby mu bol Hospodin milostiv\u00fd, aby ho nes\u00fadil pr\u00edsne, ale aby sa dok\u00e1zal ako \u013e\u00fatostiv\u00fd a dobr\u00fd Otec. Iba tak m\u00f4\u017ee ma\u0165 n\u00e1dej na dosiahnutie z\u00e1chrany na Bo\u017eom s\u00fade a n\u00e1dej na \u017eivot. Tu len Bo\u017eia milos\u0165 a vernos\u0165 s\u00fa jedinou n\u00e1dejou a z\u00e1rukou z\u00e1chrany du\u0161e a \u017eivota \u010dloveka. Na Bo\u017eie zas\u013e\u00fabenia o z\u013eutovan\u00ed a milosti sa spoliehali nielen otcovia Izraela, ale aj veriaci Bo\u017e\u00ed \u013eud Novej zmluvy, preto\u017ee len tak m\u00f4\u017eeme pred P\u00e1nom Bohom obst\u00e1\u0165. To je aj n\u00e1dej v\u0161etk\u00fdch n\u00e1s, umocnen\u00e1 utrpen\u00edm P\u00e1na Je\u017ei\u0161a Krista za n\u00e1s a za na\u0161e hriechy. Bez viery v Krista ako P\u00e1na by sme aj my umreli vo svojich hriechoch. O hodnote a d\u00f4sledkoch viery v Je\u017ei\u0161a sved\u010d\u00ed aj evanjelista J\u00e1n. Preto sa p\u00fdtame:<\/p>\n\n\n\n<p>&nbsp;&nbsp; &nbsp; <em>&nbsp; &nbsp; &nbsp; &nbsp; \u010co z\u00edskavame vierou v Je\u017ei\u0161a Krista?<\/em><\/p>\n\n\n\n<ol class=\"wp-block-list\"><li><em>odpustenie hriechov<\/em><\/li><li><em>spolo\u010denstvo s Otcom &nbsp; &nbsp; &nbsp; &nbsp;<\/em><\/li><\/ol>\n\n\n\n<p>&nbsp; &nbsp; &nbsp; V dare svojho Syna tomuto svetu dal n\u00e1m Otec <em>\u201cmilos\u0165 nad milos\u0165\u201d.<\/em> Tak to vyznal aj apo\u0161tol Pavel. Je pravdou, \u017ee mno\u017estvo dobr\u00fdch vec\u00ed a duchovn\u00fdch darov n\u00e1m d\u00e1va nebesk\u00fd Otec aj bez n\u00e1\u0161ho modlenia, ako n\u00e1m pripom\u00edna M.Luther v Malom katechizme.&nbsp; To ist\u00e9 mo\u017eno poveda\u0165 aj o tom najv\u00e4\u0161om dare, ktor\u00fd sme dostali:&nbsp; o dare Syna \u010dloveka, Je\u017ei\u0161ovi Kristovi. On je nielen prav\u00fd \u010dlovek, ale aj prav\u00fd Boh. Otec n\u00e1m Ho poslal ako Z\u00e1chrancu bez n\u00e1\u0161ho modlenia a bez na\u0161ich z\u00e1sluh. Nezabudol toti\u017e na to, \u010do s\u013e\u00fabil u\u017e prv\u00fdm \u013eu\u010fom v raji po ich p\u00e1de do hriechu. Aj ke\u010f sa \u010dlovek pre svoje hriechy mus\u00ed telesne <em>\u201cvr\u00e1ti\u0165 do prachu\u201d<\/em>, dost\u00e1vame \u010das na pok\u00e1nie. Po sp\u00e1chan\u00ed hriechu nezomreli ani Adam a Eva okam\u017eite, ale dostali z milosti bo\u017eej \u010das na zmenu myslenia a konania.&nbsp;<\/p>\n\n\n\n<p>&nbsp; &nbsp; Takto kon\u00e1 Hospodin v\u017edy nanovo: vystiera svoje ruky smerom k svoj\u00edm tvrdo\u0161ijn\u00fdm a hrie\u0161nym de\u0165om, aby n\u00e1s zachr\u00e1nil.<em> \u201cLebo neposlal Boh Syna na svet, aby ho ods\u00fadil, ale aby ho spasil\u201d<\/em>. &nbsp; &nbsp; \u010clovek vie a c\u00edti, \u017ee ak by pri\u0161iel do Bo\u017eej bl\u00edzkosti ako hrie\u0161nik, neobst\u00e1l by. <em>\u201cJe hrozn\u00e9 upadn\u00fa\u0165 do r\u00fak \u017eiv\u00e9ho Boha\u201d. <\/em>Je\u017ei\u0161 n\u00e1s v\u0161ak vol\u00e1 k sebe a povzbudzuje k d\u00f4vere, \u017ee On pri\u0161iel preto, aby sme skrze Neho <em>\u201c\u017eivot mali a hojne mali\u201d. <\/em>Pri\u0161iel ako zas\u013e\u00faben\u00fd Spasite\u013e, aby veriacih v Neho vyslobodil z moci hriechu. Znova a znova zvestuje to, \u010do povedal u\u017e Nikod\u00e9movi:<em>\u201d A ako Moj\u017ei\u0161 pov\u00fd\u0161il hada na p\u00fa\u0161ti, tak mus\u00ed by\u0165 pov\u00fd\u0161en\u00fd aj Syn \u010dloveka, aby ka\u017ed\u00fd veriaci mal v \u0147om ve\u010dn\u00fd \u017eivot\u201d.(J 3, 14-15).&nbsp;<\/em><\/p>\n\n\n\n<p><em>&nbsp;&nbsp; &nbsp; <\/em>P\u00e1n Je\u017ei\u0161 v\u017edy h\u013eadal t\u00fato d\u00f4veru u \u013eud\u00ed, \u017ee On je Ten, ktor\u00fd povedal:<em>\u201dSom, ktor\u00fd som\u201d<\/em>. Aj v tomto rozhovore spom\u00edna svoje pov\u00fd\u0161enie, ktor\u00fdm rozumie kr\u00ed\u017e, na ktor\u00fd vyniesol na\u0161e hriechy. Ak by sme neverili v Jeho dokonal\u00fa, z\u00e1stupn\u00fa obe\u0165 a spoliehali sa na seba, na svoje skutky, na svoje plnenie z\u00e1kona, zotrv\u00e1me v moci hriechu a smrti.&nbsp;<\/p>\n\n\n\n<p>&nbsp;&nbsp; &nbsp; &nbsp; To je prv\u00e9 d\u00f4le\u017eit\u00e9 posolstvo P\u00e1na Je\u017ei\u0161a, ktor\u00e9 povedal \u017didom, ale plat\u00ed naplno aj pre n\u00e1s:<em>\u201dJa nie som z tohto sveta. Preto som v\u00e1m povedal, \u017ee umriete v hriechoch, lebo ak neuer\u00edte, \u017ee ja som umriete v hriechoch\u201d.<\/em> Av\u0161ak vierou v Neho ako Spasite\u013ea sme a budeme \u017eiv\u00ed. Vierou v Neho sme a budeme o\u010disten\u00ed od ka\u017ed\u00e9ho hriechu. Preto nezostaneme v moci smrti, ale&nbsp; budeme vysloboden\u00ed do sl\u00e1vnej slobody dietok Bo\u017e\u00edch.<\/p>\n\n\n\n<p>&nbsp; &nbsp; To je z\u00e1rove\u0148 druh\u00fd d\u00f4sledok viery v Je\u017ei\u0161a ako Bo\u017eieho Syna a P\u00e1na. Odpustenie hriechov n\u00e1m otv\u00e1ra cestu sp\u00e4\u0165 k Jeho a n\u00e1\u0161mu nebesk\u00e9mu Otcovi. Cestu do \u010dasn\u00e9ho i ve\u010dn\u00e9ho spolo\u010denstva s N\u00edm. Je\u017ei\u0161ovo pov\u00fd\u0161enie na kr\u00ed\u017e je v o\u010diach sveta nielen Jeho pon\u00ed\u017een\u00edm, ale aj definit\u00edvnou por\u00e1\u017ekou. Inak vid\u00ed Je\u017ei\u0161ove utrpenie a smr\u0165 viera. D\u00f4vera, \u017ee On je Bo\u017e\u00edm Synom, ktor\u00fd sa po vykonanom diele zmierenia vr\u00e1til k Otcovi do sl\u00e1vy neba. Tam, kde nielen \u017didia, ale \u017eiaden \u010dlovek nem\u00f4\u017ee s\u00e1m pr\u00eds\u0165, jedine s N\u00edm a skrze Neho. Preto Ho Otec neponechal v hrobe a svojmu Synovi nedal vidie\u0165 poru\u0161enie. Je\u017ei\u0161 je ten \u201csyn \u017eeny\u201d, zas\u013e\u00faben\u00fd u\u017e v raji, ktor\u00fd rozdrtil hlavu hadovi, porazil poku\u0161ite\u013ea a zlomil moc smrti.&nbsp;<\/p>\n\n\n\n<p>&nbsp;&nbsp; &nbsp; Preto je aj na\u0161ou trvalou prosbou prosba n\u00e1bo\u017en\u00e9ho \u017ealmistu: <em>\u201c\u00d3 Hospodine, pam\u00e4taj na svoje z\u013eutovanie, na svoju milos\u0165; lebo t\u00e1 je od vekov<\/em>.\u201d Vi\u010fme t\u00fato milos\u0165 a zas\u013e\u00faben\u00fd n\u00e1vrat k stromu \u017eivota raji ako dielo P\u00e1na Je\u017ei\u0161a. Nie na\u0161e dielo a na\u0161u mo\u017enos\u0165, ale dielo a slu\u017ebu Toho, ktor\u00fd pri\u0161iel \u201czhora\u201d, aby n\u00e1s priviedol do sl\u00e1vnej slobody Bo\u017e\u00edch det\u00ed v nebeskom kr\u00e1\u013eovstve. Amen&nbsp;<\/p>\n\n\n\n<p><em>2.p\u00f4stna nede\u013ea (Reminescere) &nbsp; &nbsp; &nbsp; &nbsp; 05\/20&nbsp; &nbsp; &nbsp; Mgr.\u013dubom\u00edr Batka st.&nbsp; &nbsp;<\/em><\/p>\n","protected":false},"excerpt":{"rendered":"<p>&nbsp; &nbsp; &nbsp; Kedy neumrieme ? J 8, 21 &#8211; 30: \u201cPotom im zase hovoril: Ja odch\u00e1dzam a budete ma h\u013eada\u0165 a umriete vo svojom hriechu; kam ja odch\u00e1dzam, ta vy nem\u00f4\u017eete pr\u00eds\u0165. (22) I povedali na to \u017didia: Vari sa len nezabije s\u00e1m, ke\u010f\u017ee hovor\u00ed: Kam ja odch\u00e1dzam, ta vy nem\u00f4\u017eete pr\u00eds\u0165? (23) A &#8230; <a title=\"Kedy neumrieme?\" class=\"read-more\" href=\"https:\/\/www.e-anjelik.sk\/index.php\/2020\/03\/11\/kedy-neumrieme\/\" aria-label=\"Pre\u010d\u00edtajte si viac o Kedy neumrieme?\">\u010c\u00edta\u0165 viac<\/a><\/p>\n","protected":false},"author":4,"featured_media":0,"comment_status":"open","ping_status":"open","sticky":false,"template":"","format":"standard","meta":{"footnotes":""},"categories":[548,121,53],"tags":[],"class_list":["post-33342","post","type-post","status-publish","format-standard","hentry","category-2-postna-nedela","category-kazne","category-post"],"_links":{"self":[{"href":"https:\/\/www.e-anjelik.sk\/index.php\/wp-json\/wp\/v2\/posts\/33342","targetHints":{"allow":["GET"]}}],"collection":[{"href":"https:\/\/www.e-anjelik.sk\/index.php\/wp-json\/wp\/v2\/posts"}],"about":[{"href":"https:\/\/www.e-anjelik.sk\/index.php\/wp-json\/wp\/v2\/types\/post"}],"author":[{"embeddable":true,"href":"https:\/\/www.e-anjelik.sk\/index.php\/wp-json\/wp\/v2\/users\/4"}],"replies":[{"embeddable":true,"href":"https:\/\/www.e-anjelik.sk\/index.php\/wp-json\/wp\/v2\/comments?post=33342"}],"version-history":[{"count":1,"href":"https:\/\/www.e-anjelik.sk\/index.php\/wp-json\/wp\/v2\/posts\/33342\/revisions"}],"predecessor-version":[{"id":33343,"href":"https:\/\/www.e-anjelik.sk\/index.php\/wp-json\/wp\/v2\/posts\/33342\/revisions\/33343"}],"wp:attachment":[{"href":"https:\/\/www.e-anjelik.sk\/index.php\/wp-json\/wp\/v2\/media?parent=33342"}],"wp:term":[{"taxonomy":"category","embeddable":true,"href":"https:\/\/www.e-anjelik.sk\/index.php\/wp-json\/wp\/v2\/categories?post=33342"},{"taxonomy":"post_tag","embeddable":true,"href":"https:\/\/www.e-anjelik.sk\/index.php\/wp-json\/wp\/v2\/tags?post=33342"}],"curies":[{"name":"wp","href":"https:\/\/api.w.org\/{rel}","templated":true}]}}