{"id":33346,"date":"2020-03-13T23:15:49","date_gmt":"2020-03-13T22:15:49","guid":{"rendered":"http:\/\/e-anjelik.sk\/?p=33346"},"modified":"2020-03-13T23:16:38","modified_gmt":"2020-03-13T22:16:38","slug":"zomrel-david-p-daniel","status":"publish","type":"post","link":"https:\/\/www.e-anjelik.sk\/index.php\/2020\/03\/13\/zomrel-david-p-daniel\/","title":{"rendered":"Zomrel David P. Daniel"},"content":{"rendered":"\n<h1 class=\"wp-block-heading\">Zomrel David P. Daniel<\/h1>\n\n\n\n<figure class=\"wp-block-image\"><a href=\"https:\/\/www.ecav.sk\/rails\/active_storage\/blobs\/eyJfcmFpbHMiOnsibWVzc2FnZSI6IkJBaHBBaFdGIiwiZXhwIjpudWxsLCJwdXIiOiJibG9iX2lkIn19--a35a2a9fe682da711712f4af564cfb723405ec31\/89177658_3286837138010580_8224126124251152384_o.jpg\"><img decoding=\"async\" src=\"https:\/\/www.ecav.sk\/rails\/active_storage\/representations\/eyJfcmFpbHMiOnsibWVzc2FnZSI6IkJBaHBBaFdGIiwiZXhwIjpudWxsLCJwdXIiOiJibG9iX2lkIn19--a35a2a9fe682da711712f4af564cfb723405ec31\/eyJfcmFpbHMiOnsibWVzc2FnZSI6IkJBaDdCam9MY21WemFYcGxTU0lJT1RBd0Jqb0dSVlE9IiwiZXhwIjpudWxsLCJwdXIiOiJ2YXJpYXRpb24ifX0=--f83398908a42570f1be2d2870fc3e62f317d893b\/89177658_3286837138010580_8224126124251152384_o.jpg\" alt=\"Zomrel David P. Daniel\"\/><\/a><\/figure>\n\n\n\n<p>PAVOL DEMES<\/p>\n\n\n\n<ul class=\"wp-block-list\"><li>&nbsp;13.03.20<\/li><li>&nbsp;&nbsp;Predsedn\u00edctvo ECAV na Slovensku<\/li><li>&nbsp;<a href=\"https:\/\/www.ecav.sk\/aktuality\/oznamy\">&nbsp;Oznamy<\/a><\/li><\/ul>\n\n\n\n<p>V\u010dera ve\u010der vo veku 79 rokov v Martine n\u00e1hle zomrel mimoriadny \u010dlovek David P. Daniel.&nbsp;<\/p>\n\n\n\n<p>Bol americk\u00fdm Slov\u00e1kom, historikom, evanjelick\u00fdm teol\u00f3gom a tie\u017e l\u00e1skav\u00fdm, m\u00fadrym a prajn\u00fdm mu\u017eom. Po Ne\u017enej revol\u00facii zakotvil na Slovensku, v krajine svojich predkov. Pre na\u0161u cirkev bol vz\u00e1cnym svojou rozh\u013eadenos\u0165ou, pedagogickou \u010dinnos\u0165ou na Evanjelickej bohosloveckej fakulte a pomocou s internacionaliz\u00e1ciou evanjelick\u00e9ho \u0161kolstva. Preto sme si ho vysoko v\u00e1\u017eili a mali sme ho radi.<br>S\u00facit a s\u00fastras\u0165 vyslovujeme jeho man\u017eelke Sl\u00e1vke, trom ich de\u0165om a ostatn\u00fdm najbli\u017e\u0161\u00edm. Nech ich P\u00e1n \u017eivota a smrti te\u0161\u00ed a d\u00e1va im svoj pokoj.<\/p>\n","protected":false},"excerpt":{"rendered":"<p>Zomrel David P. Daniel PAVOL DEMES &nbsp;13.03.20 &nbsp;&nbsp;Predsedn\u00edctvo ECAV na Slovensku &nbsp;&nbsp;Oznamy V\u010dera ve\u010der vo veku 79 rokov v Martine n\u00e1hle zomrel mimoriadny \u010dlovek David P. Daniel.&nbsp; Bol americk\u00fdm Slov\u00e1kom, historikom, evanjelick\u00fdm teol\u00f3gom a tie\u017e l\u00e1skav\u00fdm, m\u00fadrym a prajn\u00fdm mu\u017eom. Po Ne\u017enej revol\u00facii zakotvil na Slovensku, v krajine svojich predkov. Pre na\u0161u cirkev bol vz\u00e1cnym &#8230; <a title=\"Zomrel David P. Daniel\" class=\"read-more\" href=\"https:\/\/www.e-anjelik.sk\/index.php\/2020\/03\/13\/zomrel-david-p-daniel\/\" aria-label=\"Pre\u010d\u00edtajte si viac o Zomrel David P. Daniel\">\u010c\u00edta\u0165 viac<\/a><\/p>\n","protected":false},"author":4,"featured_media":0,"comment_status":"open","ping_status":"open","sticky":false,"template":"","format":"standard","meta":{"footnotes":""},"categories":[193,36,73,322,14,535],"tags":[],"class_list":["post-33346","post","type-post","status-publish","format-standard","hentry","category-co-pisu-ini","category-ebf-uk","category-ecav","category-nekrolog","category-osobnosti","category-umrtia"],"_links":{"self":[{"href":"https:\/\/www.e-anjelik.sk\/index.php\/wp-json\/wp\/v2\/posts\/33346","targetHints":{"allow":["GET"]}}],"collection":[{"href":"https:\/\/www.e-anjelik.sk\/index.php\/wp-json\/wp\/v2\/posts"}],"about":[{"href":"https:\/\/www.e-anjelik.sk\/index.php\/wp-json\/wp\/v2\/types\/post"}],"author":[{"embeddable":true,"href":"https:\/\/www.e-anjelik.sk\/index.php\/wp-json\/wp\/v2\/users\/4"}],"replies":[{"embeddable":true,"href":"https:\/\/www.e-anjelik.sk\/index.php\/wp-json\/wp\/v2\/comments?post=33346"}],"version-history":[{"count":2,"href":"https:\/\/www.e-anjelik.sk\/index.php\/wp-json\/wp\/v2\/posts\/33346\/revisions"}],"predecessor-version":[{"id":33348,"href":"https:\/\/www.e-anjelik.sk\/index.php\/wp-json\/wp\/v2\/posts\/33346\/revisions\/33348"}],"wp:attachment":[{"href":"https:\/\/www.e-anjelik.sk\/index.php\/wp-json\/wp\/v2\/media?parent=33346"}],"wp:term":[{"taxonomy":"category","embeddable":true,"href":"https:\/\/www.e-anjelik.sk\/index.php\/wp-json\/wp\/v2\/categories?post=33346"},{"taxonomy":"post_tag","embeddable":true,"href":"https:\/\/www.e-anjelik.sk\/index.php\/wp-json\/wp\/v2\/tags?post=33346"}],"curies":[{"name":"wp","href":"https:\/\/api.w.org\/{rel}","templated":true}]}}