{"id":3336,"date":"2011-01-26T08:25:06","date_gmt":"2011-01-26T08:25:06","guid":{"rendered":"http:\/\/e-anjelik.sk\/?p=3336"},"modified":"2011-01-26T08:25:06","modified_gmt":"2011-01-26T08:25:06","slug":"papez-kandidatov-pre-cirkevny-sobas-treba-skumat-prisnejsie","status":"publish","type":"post","link":"https:\/\/www.e-anjelik.sk\/index.php\/2011\/01\/26\/papez-kandidatov-pre-cirkevny-sobas-treba-skumat-prisnejsie\/","title":{"rendered":"P\u00e1pe\u017e: kandid\u00e1tov pre cirkevn\u00fd sob\u00e1\u0161 treba sk\u00fama\u0165 pr\u00edsnej\u0161ie"},"content":{"rendered":"<p>P&aacute;ry,ktor&eacute; vyjadruj&uacute; chcenie zosob&aacute;&scaron;i\u0165 sa cirkevne, treba pr&iacute;snej&scaron;ie preveri\u0165 pred sob&aacute;&scaron;om ich motiv&aacute;ciu. Vyhl&aacute;sil to p&aacute;pe\u017e Benedikt XVI. v sobotu 22. janu&aacute;ra 2011 na audiencii \u010dlenov apo&scaron;tolsk&eacute;ho s&uacute;du&nbsp;Rota Romana. Pritom hlava katol&iacute;ckej cirkvi sa s\u0165a\u017eovala na roz&scaron;&iacute;ren&yacute; n&aacute;zor, pod\u013ea ktor&eacute;ho pri cirkevnom sob&aacute;&scaron;i ide len o \u010dist&uacute; form&aacute;lnos\u0165,ktor&aacute; je s&uacute;\u010das\u0165ou sl&aacute;vnostnej cerem&oacute;nie v niektorom kostole. P&aacute;pe\u017e varoval sudcov,ktor&iacute; rozhoduj&uacute; o procese anulovania man\u017eelstiev&nbsp;&nbsp;, vyhlasova\u0165 platn&eacute; man\u017eelstv&aacute; za nulitn&eacute;,len preto,lebo si to \u017eelaj&uacute; navrhovatelia. Mus&iacute; sa rozli&scaron;ova\u0165 medzi cirkevnopr&aacute;vnymi uznan&yacute;mi &nbsp;mot&iacute;vmi a \u0165a\u017ekos\u0165ami v praxi man\u017eelsk&eacute;ho \u017eivota. Len ak predlo\u017eia od&ocirc;vodnenie na vyhl&aacute;senie anulovania u\u017e pri sob&aacute;&scaron;i, smie ho katol&iacute;cky cirkevn&yacute; s&uacute;d&nbsp; uzna\u0165.&nbsp;&nbsp;<\/p>\n<p>(<a href=\"http:\/\/www.epd.de\">www.epd.de<\/a>)<\/p>\n<p>&nbsp;<\/p>\n","protected":false},"excerpt":{"rendered":"<p>P&aacute;ry,ktor&eacute; vyjadruj&uacute; chcenie zosob&aacute;&scaron;i\u0165 sa cirkevne, treba pr&iacute;snej&scaron;ie preveri\u0165 pred sob&aacute;&scaron;om ich motiv&aacute;ciu. Vyhl&aacute;sil to p&aacute;pe\u017e Benedikt XVI. v sobotu 22. janu&aacute;ra 2011 na audiencii \u010dlenov apo&scaron;tolsk&eacute;ho s&uacute;du&nbsp;Rota Romana. Pritom hlava katol&iacute;ckej cirkvi sa s\u0165a\u017eovala na roz&scaron;&iacute;ren&yacute; n&aacute;zor, pod\u013ea ktor&eacute;ho pri cirkevnom sob&aacute;&scaron;i ide len o \u010dist&uacute; form&aacute;lnos\u0165,ktor&aacute; je s&uacute;\u010das\u0165ou sl&aacute;vnostnej cerem&oacute;nie v niektorom kostole. &#8230; <a title=\"P\u00e1pe\u017e: kandid\u00e1tov pre cirkevn\u00fd sob\u00e1\u0161 treba sk\u00fama\u0165 pr\u00edsnej\u0161ie\" class=\"read-more\" href=\"https:\/\/www.e-anjelik.sk\/index.php\/2011\/01\/26\/papez-kandidatov-pre-cirkevny-sobas-treba-skumat-prisnejsie\/\" aria-label=\"Pre\u010d\u00edtajte si viac o P\u00e1pe\u017e: kandid\u00e1tov pre cirkevn\u00fd sob\u00e1\u0161 treba sk\u00fama\u0165 pr\u00edsnej\u0161ie\">\u010c\u00edta\u0165 viac<\/a><\/p>\n","protected":false},"author":22,"featured_media":0,"comment_status":"open","ping_status":"open","sticky":false,"template":"","format":"standard","meta":{"footnotes":""},"categories":[2],"tags":[],"class_list":["post-3336","post","type-post","status-publish","format-standard","hentry","category-ekumena"],"_links":{"self":[{"href":"https:\/\/www.e-anjelik.sk\/index.php\/wp-json\/wp\/v2\/posts\/3336","targetHints":{"allow":["GET"]}}],"collection":[{"href":"https:\/\/www.e-anjelik.sk\/index.php\/wp-json\/wp\/v2\/posts"}],"about":[{"href":"https:\/\/www.e-anjelik.sk\/index.php\/wp-json\/wp\/v2\/types\/post"}],"author":[{"embeddable":true,"href":"https:\/\/www.e-anjelik.sk\/index.php\/wp-json\/wp\/v2\/users\/22"}],"replies":[{"embeddable":true,"href":"https:\/\/www.e-anjelik.sk\/index.php\/wp-json\/wp\/v2\/comments?post=3336"}],"version-history":[{"count":0,"href":"https:\/\/www.e-anjelik.sk\/index.php\/wp-json\/wp\/v2\/posts\/3336\/revisions"}],"wp:attachment":[{"href":"https:\/\/www.e-anjelik.sk\/index.php\/wp-json\/wp\/v2\/media?parent=3336"}],"wp:term":[{"taxonomy":"category","embeddable":true,"href":"https:\/\/www.e-anjelik.sk\/index.php\/wp-json\/wp\/v2\/categories?post=3336"},{"taxonomy":"post_tag","embeddable":true,"href":"https:\/\/www.e-anjelik.sk\/index.php\/wp-json\/wp\/v2\/tags?post=3336"}],"curies":[{"name":"wp","href":"https:\/\/api.w.org\/{rel}","templated":true}]}}