{"id":33367,"date":"2020-03-19T19:01:08","date_gmt":"2020-03-19T18:01:08","guid":{"rendered":"http:\/\/e-anjelik.sk\/?p=33367"},"modified":"2020-03-22T11:14:05","modified_gmt":"2020-03-22T10:14:05","slug":"cas-prihodny","status":"publish","type":"post","link":"https:\/\/www.e-anjelik.sk\/index.php\/2020\/03\/19\/cas-prihodny\/","title":{"rendered":"\u010cas pr\u00edhodn\u00fd"},"content":{"rendered":"\n<p><em>\u201eAjh\u013ea, teraz je \u010das ve\u013emi pr\u00edhodn\u00fd; ajh\u013ea, teraz je\nde\u0148 spasenia!<\/em>\u201c 2.Kor 6,2<\/p>\n\n\n\n<p>Iste vz\u00e1cnym \u010dasom je obdobie\np\u00f4stu. Vz\u00e1cnym ho rob\u00ed pamiatka utrpenia a smrti P\u00e1na Je\u017ei\u0161a Krista, ktor\u00e1\nv\u0161etku na\u0161u pozornos\u0165, myse\u013e, pam\u00e4\u0165 obracia na Bar\u00e1nka Bo\u017eieho, kr\u00e1\u010daj\u00faceho\ndobrovo\u013ene na smr\u0165, aby n\u00e1s, hrie\u0161nych, obetovan\u00edm seba sam\u00e9ho vyk\u00fapil od\nhriechov a od ve\u010dnej smrti.<\/p>\n\n\n\n<p>Pr\u00e1ve t\u00fdmto svoj\u00edm v\u00fdznamom je aj&nbsp;pr\u00edhodn\u00fdm\n\u010dasom utiahnu\u0165 sa, pohr\u00fa\u017ei\u0165 sa do my\u0161lienok, vst\u00fapi\u0165 do seba.<\/p>\n\n\n\n<p>V n\u00e1vale ka\u017edodenn\u00fdch starosti,\nalebo tie\u017e vo v\u00edre vesel\u00e9ho \u017eivota je na\u0161a myse\u013e rozpt\u00fdlen\u00e1, rozh\u00e1ran\u00e1 na\nv\u0161etko in\u00e9 mysl\u00edme viac, ako na seba a o v\u0161etko ostatn\u00e9 sa sk\u00f4r star\u00e1me, ako o\nto, \u010do by prospelo du\u0161i, i&nbsp;vzne\u0161enej\u0161\u00ed cit slabne, i hlas svedomia sa\nneraz zahlu\u0161\u00ed. Tich\u00fd, posv\u00e4tn\u00fd p\u00f4stny \u010das pon\u00faka odlo\u017ei\u0165 bokom \u013eahkomyse\u013en\u00e9,\nm\u00e1rniv\u00e9, bl\u00e1zniv\u00e9 my\u0161lienky; zlo\u017ei\u0165 \u0165archu v\u0161edn\u00fdch starost\u00ed a vst\u00fapi\u0165 do seba,\nzamyslie\u0165 sa, zaduma\u0165 nad sebou, venova\u0165 pozornos\u0165, z\u00e1ujem du\u0161i: \u010do je na\u0161im ur\u010den\u00edm,\nna\u010do sme na svete a \u010di sa sna\u017e\u00edme v\u0161emo\u017ene dosved\u010dova\u0165 sa mil\u00fdmi dietkami\nBo\u017e\u00edmi, ktor\u00e9 neber\u00fa nadarmo Bo\u017eiu milos\u0165.<\/p>\n\n\n\n<p>A ke\u010f to urob\u00edme, pr\u00eddeme\nistotne na to Pavlovsk\u00e9: \u201e<em>Viem toti\u017e,\n\u017ee vo mne, to jest v mojom tele, nepreb\u00fdva dobr\u00e9, lebo v\u00f4\u013eu k dobr\u00e9mu m\u00e1m, ale\nnem\u00e1m sily, aby som to vykonal.<\/em><em>..\u201c<\/em>(Rim<em>.<\/em>7,18). \u00d3, ja biedny \u010dlovek, kto ma vyslobod\u00ed\nz toho tela smrti? A tu nemo\u017eno, aby n\u00e1m nepreniklo srdce, du\u0161u aj to apo\u0161tolovo\nnapomenutie, aby sme milos\u0165 Bo\u017eiu nebrali nadarmo, ale vo v\u0161etkom aby sme sa\nchovali ako Bo\u017e\u00ed slu\u017eobnici.<\/p>\n\n\n\n<p>To znamen\u00e1: dokia\u013e je \u010das, dokia\u013e\ntrv\u00e1 \u010das milosti, v\u0161etko u\u017e\u00edva\u0165, obraca\u0165 k spaseniu; spasenie v&nbsp;Kristu si\npolo\u017ei\u0165 za jedin\u00fd ciel \u017eivota a v\u0161etku myse\u013e, t\u00fa\u017ebu, \u017eiados\u0165, v\u00f4\u013eu i snahu du\u0161e\nv \u0148om zjednoti\u0165, za n\u00edm sa obraca\u0165 ako za rann\u00fdm svitan\u00edm, k nemu kr\u00e1\u010da\u0165 ako ku\nkone\u010dnej m\u00e9te \u017eivota a vo v\u0161etk\u00fdch pomeroch a premen\u00e1ch \u017eivota kona\u0165 a \u017ei\u0165 tak,\naby sme sa nikomu a ni\u010domu nedali odkloni\u0165 od cesty viery a spasenia. Vtedy\nnebudeme bra\u0165 nadarmo milos\u0165 Bo\u017eiu; zostane na\u0161im, na\u0161e spasenie bude ve\u010dn\u00e9:\nzv\u00ed\u0165azili sme v&nbsp;kr\u00ed\u017ei P\u00e1na Je\u017ei\u0161a!<\/p>\n\n\n\n<p>Vst\u00fapme teda do seba.\nNezab\u00fadajme, \u017ee sme kres\u0165ania, ktor\u00ed sa nemaj\u00fa odd\u00e1va\u0165 veselosti, ke\u010f n\u00e1\u0161 Spasite\u013e\nnastupuje kr\u00ed\u017eov\u00fa cestu, ale m\u00e1me s\u00facitne zn\u00e1\u0161a\u0165 rany, Jeho bolesti, za Jeho l\u00e1sku\n\u010fakova\u0165, Jeho milos\u0165 vierou prij\u00edma\u0165.<\/p>\n\n\n\n<p>Vst\u00fapme do seba. Neur\u00e1\u017eajme\nP\u00e1na, nepohor\u0161ujme Jeho veriacich, ale spr\u00e1vajme sa vo v\u0161etkom ako Kristovi vyk\u00fapenci.<\/p>\n\n\n\n<p>Vst\u00fapme do seba. Nepoh\u0155dajme Bo\u017eou milos\u0165ou, neodstrkujme Jeho l\u00e1sku neverou a\u00a0nenapravite\u013enou zlos\u0165ou. Ony s\u00fa ve\u010dn\u00e9, ale my sme \u010dasn\u00ed. Ony v\u017edy trvaj\u00fa, ale my sme dnes a zajtra n\u00e1s mo\u017eno u\u017e nebude. S\u00fa pre v\u0161etk\u00fdch, ale dostan\u00fa sa len t\u00fdm, ktor\u00ed ich nebrali nadarmo.<\/p>\n\n\n\n<p>Pokoj V\u00e1m!!<\/p>\n","protected":false},"excerpt":{"rendered":"<p>\u201eAjh\u013ea, teraz je \u010das ve\u013emi pr\u00edhodn\u00fd; ajh\u013ea, teraz je de\u0148 spasenia!\u201c 2.Kor 6,2 Iste vz\u00e1cnym \u010dasom je obdobie p\u00f4stu. Vz\u00e1cnym ho rob\u00ed pamiatka utrpenia a smrti P\u00e1na Je\u017ei\u0161a Krista, ktor\u00e1 v\u0161etku na\u0161u pozornos\u0165, myse\u013e, pam\u00e4\u0165 obracia na Bar\u00e1nka Bo\u017eieho, kr\u00e1\u010daj\u00faceho dobrovo\u013ene na smr\u0165, aby n\u00e1s, hrie\u0161nych, obetovan\u00edm seba sam\u00e9ho vyk\u00fapil od hriechov a od ve\u010dnej &#8230; <a title=\"\u010cas pr\u00edhodn\u00fd\" class=\"read-more\" href=\"https:\/\/www.e-anjelik.sk\/index.php\/2020\/03\/19\/cas-prihodny\/\" aria-label=\"Pre\u010d\u00edtajte si viac o \u010cas pr\u00edhodn\u00fd\">\u010c\u00edta\u0165 viac<\/a><\/p>\n","protected":false},"author":3,"featured_media":0,"comment_status":"open","ping_status":"open","sticky":false,"template":"","format":"standard","meta":{"footnotes":""},"categories":[53],"tags":[],"class_list":["post-33367","post","type-post","status-publish","format-standard","hentry","category-post"],"_links":{"self":[{"href":"https:\/\/www.e-anjelik.sk\/index.php\/wp-json\/wp\/v2\/posts\/33367","targetHints":{"allow":["GET"]}}],"collection":[{"href":"https:\/\/www.e-anjelik.sk\/index.php\/wp-json\/wp\/v2\/posts"}],"about":[{"href":"https:\/\/www.e-anjelik.sk\/index.php\/wp-json\/wp\/v2\/types\/post"}],"author":[{"embeddable":true,"href":"https:\/\/www.e-anjelik.sk\/index.php\/wp-json\/wp\/v2\/users\/3"}],"replies":[{"embeddable":true,"href":"https:\/\/www.e-anjelik.sk\/index.php\/wp-json\/wp\/v2\/comments?post=33367"}],"version-history":[{"count":1,"href":"https:\/\/www.e-anjelik.sk\/index.php\/wp-json\/wp\/v2\/posts\/33367\/revisions"}],"predecessor-version":[{"id":33368,"href":"https:\/\/www.e-anjelik.sk\/index.php\/wp-json\/wp\/v2\/posts\/33367\/revisions\/33368"}],"wp:attachment":[{"href":"https:\/\/www.e-anjelik.sk\/index.php\/wp-json\/wp\/v2\/media?parent=33367"}],"wp:term":[{"taxonomy":"category","embeddable":true,"href":"https:\/\/www.e-anjelik.sk\/index.php\/wp-json\/wp\/v2\/categories?post=33367"},{"taxonomy":"post_tag","embeddable":true,"href":"https:\/\/www.e-anjelik.sk\/index.php\/wp-json\/wp\/v2\/tags?post=33367"}],"curies":[{"name":"wp","href":"https:\/\/api.w.org\/{rel}","templated":true}]}}