{"id":3337,"date":"2011-01-26T08:42:14","date_gmt":"2011-01-26T08:42:14","guid":{"rendered":"http:\/\/e-anjelik.sk\/?p=3337"},"modified":"2011-01-26T08:42:14","modified_gmt":"2011-01-26T08:42:14","slug":"175-rokov-kaiserswerthrskej-diakonie","status":"publish","type":"post","link":"https:\/\/www.e-anjelik.sk\/index.php\/2011\/01\/26\/175-rokov-kaiserswerthrskej-diakonie\/","title":{"rendered":"175 rokov Kaiserswerthrskej diakonie"},"content":{"rendered":"<p>V tomto roku bude t&aacute;to diakonia sl&aacute;vi\u0165 viacer&eacute; jubile&aacute;. Jedn&yacute;m z nich je aj 175. v&yacute;ro\u010die zalo\u017eenia tejto svetozn&aacute;mej a prvej vo svete diakonie. Dnes m&aacute; viacej ako 2500 pracovn&iacute;kov. Kaiserswerthrsk&uacute; diakoniu zalo\u017eil v Duesseldorfe evanjelick&yacute; zborov&yacute; far&aacute;r Theodor Fliedner (1800-1864) ako reakciu na siln&eacute; soci&aacute;lne probl&eacute;my priemyselnej doby. Dal podnet ku&nbsp;zalo\u017eeniu a medzin&aacute;rodn&eacute;mu &scaron;&iacute;reniu \u017eenskej diakonie a ro&scaron;&iacute;reniu novodobej opatery chor&yacute;ch a star&yacute;ch. Fliedner podnietil aj starostlivos\u0165 o v&auml;z\u0148ov a v&yacute;chovu a vzdel&aacute;vanie det&iacute;. Podrobnosti o tejto diakonii n&aacute;jdete v nem\u010dine na <a href=\"http:\/\/www.kaiserswerther-diakonie.de\">www.kaiserswerther-diakonie.de<\/a>.<\/p>\n<p>(<a href=\"http:\/\/www.epd.de\">www.epd.de<\/a>)<\/p>\n","protected":false},"excerpt":{"rendered":"<p>V tomto roku bude t&aacute;to diakonia sl&aacute;vi\u0165 viacer&eacute; jubile&aacute;. Jedn&yacute;m z nich je aj 175. v&yacute;ro\u010die zalo\u017eenia tejto svetozn&aacute;mej a prvej vo svete diakonie. Dnes m&aacute; viacej ako 2500 pracovn&iacute;kov. Kaiserswerthrsk&uacute; diakoniu zalo\u017eil v Duesseldorfe evanjelick&yacute; zborov&yacute; far&aacute;r Theodor Fliedner (1800-1864) ako reakciu na siln&eacute; soci&aacute;lne probl&eacute;my priemyselnej doby. Dal podnet ku&nbsp;zalo\u017eeniu a medzin&aacute;rodn&eacute;mu &scaron;&iacute;reniu &#8230; <a title=\"175 rokov Kaiserswerthrskej diakonie\" class=\"read-more\" href=\"https:\/\/www.e-anjelik.sk\/index.php\/2011\/01\/26\/175-rokov-kaiserswerthrskej-diakonie\/\" aria-label=\"Pre\u010d\u00edtajte si viac o 175 rokov Kaiserswerthrskej diakonie\">\u010c\u00edta\u0165 viac<\/a><\/p>\n","protected":false},"author":22,"featured_media":0,"comment_status":"open","ping_status":"open","sticky":false,"template":"","format":"standard","meta":{"footnotes":""},"categories":[1],"tags":[221],"class_list":["post-3337","post","type-post","status-publish","format-standard","hentry","category-adventna-modlitba","tag-diakonia"],"_links":{"self":[{"href":"https:\/\/www.e-anjelik.sk\/index.php\/wp-json\/wp\/v2\/posts\/3337","targetHints":{"allow":["GET"]}}],"collection":[{"href":"https:\/\/www.e-anjelik.sk\/index.php\/wp-json\/wp\/v2\/posts"}],"about":[{"href":"https:\/\/www.e-anjelik.sk\/index.php\/wp-json\/wp\/v2\/types\/post"}],"author":[{"embeddable":true,"href":"https:\/\/www.e-anjelik.sk\/index.php\/wp-json\/wp\/v2\/users\/22"}],"replies":[{"embeddable":true,"href":"https:\/\/www.e-anjelik.sk\/index.php\/wp-json\/wp\/v2\/comments?post=3337"}],"version-history":[{"count":0,"href":"https:\/\/www.e-anjelik.sk\/index.php\/wp-json\/wp\/v2\/posts\/3337\/revisions"}],"wp:attachment":[{"href":"https:\/\/www.e-anjelik.sk\/index.php\/wp-json\/wp\/v2\/media?parent=3337"}],"wp:term":[{"taxonomy":"category","embeddable":true,"href":"https:\/\/www.e-anjelik.sk\/index.php\/wp-json\/wp\/v2\/categories?post=3337"},{"taxonomy":"post_tag","embeddable":true,"href":"https:\/\/www.e-anjelik.sk\/index.php\/wp-json\/wp\/v2\/tags?post=3337"}],"curies":[{"name":"wp","href":"https:\/\/api.w.org\/{rel}","templated":true}]}}