{"id":33370,"date":"2020-03-20T23:02:58","date_gmt":"2020-03-20T22:02:58","guid":{"rendered":"http:\/\/e-anjelik.sk\/?p=33370"},"modified":"2020-03-20T23:02:58","modified_gmt":"2020-03-20T22:02:58","slug":"zrusenie-sutazi","status":"publish","type":"post","link":"https:\/\/www.e-anjelik.sk\/index.php\/2020\/03\/20\/zrusenie-sutazi\/","title":{"rendered":"Zru\u0161enie s\u00fa\u0165a\u017e\u00ed"},"content":{"rendered":"\n<h1 class=\"wp-block-heading\">ZRU\u0160ENIE S\u00da\u0164A\u017d\u00cd<\/h1>\n\n\n\n<figure class=\"wp-block-image\"><a href=\"https:\/\/www.ecav.sk\/rails\/active_storage\/blobs\/eyJfcmFpbHMiOnsibWVzc2FnZSI6IkJBaHBBb1NGIiwiZXhwIjpudWxsLCJwdXIiOiJibG9iX2lkIn19--0ef3eb290c011676a222a6d0a86cbe205ded02b1\/sutaze.jpg\"><img decoding=\"async\" src=\"https:\/\/www.ecav.sk\/rails\/active_storage\/representations\/eyJfcmFpbHMiOnsibWVzc2FnZSI6IkJBaHBBb1NGIiwiZXhwIjpudWxsLCJwdXIiOiJibG9iX2lkIn19--0ef3eb290c011676a222a6d0a86cbe205ded02b1\/eyJfcmFpbHMiOnsibWVzc2FnZSI6IkJBaDdCam9MY21WemFYcGxTU0lJT1RBd0Jqb0dSVlE9IiwiZXhwIjpudWxsLCJwdXIiOiJ2YXJpYXRpb24ifX0=--f83398908a42570f1be2d2870fc3e62f317d893b\/sutaze.jpg\" alt=\"ZRU\u0160ENIE  S\u00da\u0164A\u017d\u00cd\"\/><\/a><\/figure>\n\n\n\n<ul class=\"wp-block-list\"><li>&nbsp;20.03.20<\/li><li>&nbsp;&nbsp;Daniela Vesel\u00e1, tajomn\u00ed\u010dka pre \u0161kolstvo a vzdel\u00e1vanie<\/li><li>&nbsp;<a href=\"https:\/\/www.ecav.sk\/aktuality\/spravodajstvo\/skolstvo\">&nbsp;\u0160kolstvo<\/a><\/li><\/ul>\n\n\n\n<p><strong>Vzh\u013eadom na v\u00e1\u017enos\u0165 situ\u00e1cie v s\u00favislosti so \u0161\u00edren\u00edm respira\u010dn\u00e9ho ochorenia vyvolan\u00e9ho nov\u00fdm koronav\u00edrusom COVID-19 a na z\u00e1klade Usmernenia \u010d. 3<\/strong>&nbsp;k \u0161\u00edreniu koronav\u00edrusu pre \u0161koly a \u0161kolsk\u00e9 zariadenia, vydan\u00e9 Ministerstvom \u0161kolstva, vedy, v\u00fdskumu a \u0161portu SR (M\u0160VVa\u0160 SR) &nbsp;v zmysle uveden\u00fdch prijat\u00fdch opatren\u00ed a z\u00e1kazov vyd\u00e1va zru\u0161enie a z\u00e1kaz s okam\u017eitou platnos\u0165ou pre napl\u00e1novan\u00e9:<\/p>\n\n\n\n<p><em>4. okresn\u00e9, krajsk\u00e9 a celo\u0161t\u00e1tne kol\u00e1 s\u00fa\u0165a\u017e\u00ed det\u00ed a \u017eiakov \u0161k\u00f4l a \u0161kolsk\u00fdch zariaden\u00ed organizovan\u00fdch v \u0161kolskom roku 2019\/2020 v s\u00falade so smernicou \u010d. 23\/2017 o&nbsp;s\u00fa\u0165a\u017eiach.<\/em><\/p>\n\n\n\n<p>T\u00fdmto oznamujeme, \u017ee Evanjelick\u00e1 cirkev a. v. na Slovensku, ako vyhlasovate\u013e s\u00fa\u0165a\u017e\u00ed, na z\u00e1klade tohto usmernenia ru\u0161\u00ed predmetov\u00fa s\u00fa\u0165a\u017e&nbsp;<strong>Biblick\u00e1 olympi\u00e1da z&nbsp;evanjelick\u00e9ho a. v. n\u00e1bo\u017eenstva a&nbsp;n\u00e1bo\u017eenskej v\u00fdchovy pre \u0161kolsk\u00fd rok 2019\/2020 v&nbsp;Slovenskej republike<\/strong>&nbsp; a tie\u017e s\u00fa\u0165a\u017e&nbsp;<strong>Duchovn\u00e1 piese\u0148 2020<\/strong>&nbsp;v s\u00f3lovom speve.<\/p>\n\n\n\n<p>&nbsp;Z\u00e1rove\u0148 ru\u0161\u00edme aj &nbsp;pre evanjelick\u00e9 z\u00e1kladn\u00e9 a stredn\u00e9 \u0161koly avizovan\u00fa&nbsp;<strong>Prehliadku mlad\u00fdch evanjelick\u00fd talentov &nbsp;(PRE.M.E.T:)<\/strong>, ktor\u00e1 sa mala uskuto\u010dni\u0165 6. m\u00e1ja 2020 v&nbsp;Martine.<\/p>\n\n\n\n<p>&nbsp;Pros\u00edme V\u00e1s, aby ste povzbudzovali deti a \u017eiakov vo vytrvalosti, aby rozv\u00edjali svoje talenty a vzdel\u00e1vali sa v Bo\u017eom Slove. Ver\u00edme, \u017ee P\u00e1n Boh bude milostiv\u00fd a v \u010fal\u0161om \u0161kolskom roku budeme m\u00f4c\u0165 uskuto\u010dni\u0165 v\u0161etky s\u00fa\u0165a\u017ee, ktor\u00e9 sme si napl\u00e1n<\/p>\n","protected":false},"excerpt":{"rendered":"<p>ZRU\u0160ENIE S\u00da\u0164A\u017d\u00cd &nbsp;20.03.20 &nbsp;&nbsp;Daniela Vesel\u00e1, tajomn\u00ed\u010dka pre \u0161kolstvo a vzdel\u00e1vanie &nbsp;&nbsp;\u0160kolstvo Vzh\u013eadom na v\u00e1\u017enos\u0165 situ\u00e1cie v s\u00favislosti so \u0161\u00edren\u00edm respira\u010dn\u00e9ho ochorenia vyvolan\u00e9ho nov\u00fdm koronav\u00edrusom COVID-19 a na z\u00e1klade Usmernenia \u010d. 3&nbsp;k \u0161\u00edreniu koronav\u00edrusu pre \u0161koly a \u0161kolsk\u00e9 zariadenia, vydan\u00e9 Ministerstvom \u0161kolstva, vedy, v\u00fdskumu a \u0161portu SR (M\u0160VVa\u0160 SR) &nbsp;v zmysle uveden\u00fdch prijat\u00fdch opatren\u00ed a z\u00e1kazov &#8230; <a title=\"Zru\u0161enie s\u00fa\u0165a\u017e\u00ed\" class=\"read-more\" href=\"https:\/\/www.e-anjelik.sk\/index.php\/2020\/03\/20\/zrusenie-sutazi\/\" aria-label=\"Pre\u010d\u00edtajte si viac o Zru\u0161enie s\u00fa\u0165a\u017e\u00ed\">\u010c\u00edta\u0165 viac<\/a><\/p>\n","protected":false},"author":4,"featured_media":0,"comment_status":"open","ping_status":"open","sticky":false,"template":"","format":"standard","meta":{"footnotes":""},"categories":[4,193,73],"tags":[],"class_list":["post-33370","post","type-post","status-publish","format-standard","hentry","category-akcie","category-co-pisu-ini","category-ecav"],"_links":{"self":[{"href":"https:\/\/www.e-anjelik.sk\/index.php\/wp-json\/wp\/v2\/posts\/33370","targetHints":{"allow":["GET"]}}],"collection":[{"href":"https:\/\/www.e-anjelik.sk\/index.php\/wp-json\/wp\/v2\/posts"}],"about":[{"href":"https:\/\/www.e-anjelik.sk\/index.php\/wp-json\/wp\/v2\/types\/post"}],"author":[{"embeddable":true,"href":"https:\/\/www.e-anjelik.sk\/index.php\/wp-json\/wp\/v2\/users\/4"}],"replies":[{"embeddable":true,"href":"https:\/\/www.e-anjelik.sk\/index.php\/wp-json\/wp\/v2\/comments?post=33370"}],"version-history":[{"count":1,"href":"https:\/\/www.e-anjelik.sk\/index.php\/wp-json\/wp\/v2\/posts\/33370\/revisions"}],"predecessor-version":[{"id":33371,"href":"https:\/\/www.e-anjelik.sk\/index.php\/wp-json\/wp\/v2\/posts\/33370\/revisions\/33371"}],"wp:attachment":[{"href":"https:\/\/www.e-anjelik.sk\/index.php\/wp-json\/wp\/v2\/media?parent=33370"}],"wp:term":[{"taxonomy":"category","embeddable":true,"href":"https:\/\/www.e-anjelik.sk\/index.php\/wp-json\/wp\/v2\/categories?post=33370"},{"taxonomy":"post_tag","embeddable":true,"href":"https:\/\/www.e-anjelik.sk\/index.php\/wp-json\/wp\/v2\/tags?post=33370"}],"curies":[{"name":"wp","href":"https:\/\/api.w.org\/{rel}","templated":true}]}}