{"id":3339,"date":"2011-01-27T11:51:21","date_gmt":"2011-01-27T11:51:21","guid":{"rendered":"http:\/\/e-anjelik.sk\/?p=3339"},"modified":"2011-01-27T11:51:21","modified_gmt":"2011-01-27T11:51:21","slug":"eecmy-pripravuje-oslavy-50-vyrocia-zalozenia-teologickeho-seminara","status":"publish","type":"post","link":"https:\/\/www.e-anjelik.sk\/index.php\/2011\/01\/27\/eecmy-pripravuje-oslavy-50-vyrocia-zalozenia-teologickeho-seminara\/","title":{"rendered":"EECMY pripravuje oslavy 50.v\u00fdro\u010dia zalo\u017eenia teologick\u00e9ho semin\u00e1ra"},"content":{"rendered":"<p>Eti&oacute;pska evanjelicko-luter&aacute;nska cirkev Mekane Yesus (EECMY) ,ktor&aacute; je najv&auml;\u010d&scaron;ou lut. cirkvou&nbsp;v Afrike&nbsp;s 5,6 mili&oacute;nmi \u010dlenov ,pripravuje sa teraz na oslavy 50.&nbsp;v&yacute;ro\u010dia zalo\u017eenia svojej prvej vy&scaron;&scaron;ej teologickej in&scaron;tit&uacute;cie &#8211; Mekane Yesus Seminary &#8211; MYS. &Scaron;kola bola otvoren&aacute; v decembri 1960 a za\u010d&iacute;nala s 13 &scaron;tudentami. Za 50 rokov t&uacute;to in&scaron;tit&uacute;ciu ukon\u010dilo vy&scaron;e 2 tis&iacute;c &scaron;tudentov, z toho &nbsp;757 ukon\u010dilo teologick&eacute; &scaron;t&uacute;dium s diplomom a titulom. Oslavy v&yacute;ro\u010dia bud&uacute; prebieha\u0165 po tri dni od 6. do 8. febru&aacute;ra 2011 za &uacute;\u010dasti n&aacute;rodn&yacute;ch i medzin&aacute;rodn&yacute;ch host&iacute;. Ich s&uacute;\u010das\u0165ou bud&uacute; sl&aacute;vnostn&eacute; slu\u017eby Bo\u017eie, vedeck&aacute; konferencia , teologick&eacute; symp&oacute;zium a v&yacute;stava.<\/p>\n<p>(<a href=\"http:\/\/www.eecmy.org\">www.eecmy.org<\/a>)<\/p>\n","protected":false},"excerpt":{"rendered":"<p>Eti&oacute;pska evanjelicko-luter&aacute;nska cirkev Mekane Yesus (EECMY) ,ktor&aacute; je najv&auml;\u010d&scaron;ou lut. cirkvou&nbsp;v Afrike&nbsp;s 5,6 mili&oacute;nmi \u010dlenov ,pripravuje sa teraz na oslavy 50.&nbsp;v&yacute;ro\u010dia zalo\u017eenia svojej prvej vy&scaron;&scaron;ej teologickej in&scaron;tit&uacute;cie &#8211; Mekane Yesus Seminary &#8211; MYS. &Scaron;kola bola otvoren&aacute; v decembri 1960 a za\u010d&iacute;nala s 13 &scaron;tudentami. Za 50 rokov t&uacute;to in&scaron;tit&uacute;ciu ukon\u010dilo vy&scaron;e 2 tis&iacute;c &scaron;tudentov, z &#8230; <a title=\"EECMY pripravuje oslavy 50.v\u00fdro\u010dia zalo\u017eenia teologick\u00e9ho semin\u00e1ra\" class=\"read-more\" href=\"https:\/\/www.e-anjelik.sk\/index.php\/2011\/01\/27\/eecmy-pripravuje-oslavy-50-vyrocia-zalozenia-teologickeho-seminara\/\" aria-label=\"Pre\u010d\u00edtajte si viac o EECMY pripravuje oslavy 50.v\u00fdro\u010dia zalo\u017eenia teologick\u00e9ho semin\u00e1ra\">\u010c\u00edta\u0165 viac<\/a><\/p>\n","protected":false},"author":22,"featured_media":0,"comment_status":"open","ping_status":"open","sticky":false,"template":"","format":"standard","meta":{"footnotes":""},"categories":[50,10],"tags":[],"class_list":["post-3339","post","type-post","status-publish","format-standard","hentry","category-afrika","category-zo-sveta"],"_links":{"self":[{"href":"https:\/\/www.e-anjelik.sk\/index.php\/wp-json\/wp\/v2\/posts\/3339","targetHints":{"allow":["GET"]}}],"collection":[{"href":"https:\/\/www.e-anjelik.sk\/index.php\/wp-json\/wp\/v2\/posts"}],"about":[{"href":"https:\/\/www.e-anjelik.sk\/index.php\/wp-json\/wp\/v2\/types\/post"}],"author":[{"embeddable":true,"href":"https:\/\/www.e-anjelik.sk\/index.php\/wp-json\/wp\/v2\/users\/22"}],"replies":[{"embeddable":true,"href":"https:\/\/www.e-anjelik.sk\/index.php\/wp-json\/wp\/v2\/comments?post=3339"}],"version-history":[{"count":0,"href":"https:\/\/www.e-anjelik.sk\/index.php\/wp-json\/wp\/v2\/posts\/3339\/revisions"}],"wp:attachment":[{"href":"https:\/\/www.e-anjelik.sk\/index.php\/wp-json\/wp\/v2\/media?parent=3339"}],"wp:term":[{"taxonomy":"category","embeddable":true,"href":"https:\/\/www.e-anjelik.sk\/index.php\/wp-json\/wp\/v2\/categories?post=3339"},{"taxonomy":"post_tag","embeddable":true,"href":"https:\/\/www.e-anjelik.sk\/index.php\/wp-json\/wp\/v2\/tags?post=3339"}],"curies":[{"name":"wp","href":"https:\/\/api.w.org\/{rel}","templated":true}]}}