{"id":3341,"date":"2011-01-28T09:09:32","date_gmt":"2011-01-28T09:09:32","guid":{"rendered":"http:\/\/e-anjelik.sk\/?p=3341"},"modified":"2011-01-28T09:09:32","modified_gmt":"2011-01-28T09:09:32","slug":"placeme-s-placucimi","status":"publish","type":"post","link":"https:\/\/www.e-anjelik.sk\/index.php\/2011\/01\/28\/placeme-s-placucimi\/","title":{"rendered":"Pla\u010deme s pla\u010d\u00facimi"},"content":{"rendered":"<p>V mene celej Evanjelicko-luter&aacute;nskej cirkvi Ingrie na &uacute;zem&iacute; Ruska, jej biskupa, duchovn&yacute;ch a veriacich luter&aacute;nov, vyjadrujeme naj&uacute;primnej&scaron;iu s&uacute;stras\u0165 v&scaron;etk&yacute;m pr&iacute;buzn&yacute;m a bl&iacute;zkym ,priate\u013eom a zn&aacute;mym v&scaron;etk&yacute;ch,ktor&iacute; zahynuli v d&ocirc;sledku teroristick&eacute;ho aktu v hale cestuj&uacute;cich moskovsk&eacute;ho letiska &quot;Demodedovo&quot;. Veriaci cirkvi Ingrie s&uacute; pevne presved\u010den&iacute;, \u017ee utrpenie a smr\u0165 \u010dloveka sa nem&ocirc;\u017ee ospravedlni\u0165 nijak&yacute;mi pr&iacute;\u010dinami, ideami, n&aacute;zormi a mot&iacute;vmi, a preto ku vz\u0165ahu k akejko\u013evek teroristickej \u010dinnosti m&ocirc;\u017eeme pou\u017ei\u0165 iba jeden term&iacute;n &#8211; bezverectvo. Cirkev sa spolo\u010dn&yacute;m hlasom modl&iacute; za v&scaron;etk&yacute;ch ranen&yacute;ch, ktor&iacute; sa teraz nach&aacute;dzaj&uacute; vo Vi&scaron;nevsk&eacute;ho&nbsp;&nbsp;&uacute;stave chirurgie a v in&yacute;ch medic&iacute;nskych zariadeniach hlavn&eacute;ho mesta. Vyjadrujeme na&scaron;u srde\u010dn&uacute; n&aacute;dej na ich skor&eacute; vyzdravenie a pros&iacute;me Spasite\u013ea o milostiv&uacute; Jeho pomoc im a v&scaron;etk&yacute;m, ktor&yacute;m je osobitne \u0165a\u017eko v tieto hodiny a min&uacute;ty &#8230;<\/p>\n<p>Informa\u010dn&eacute; oddelenie ELCI<\/p>\n","protected":false},"excerpt":{"rendered":"<p>V mene celej Evanjelicko-luter&aacute;nskej cirkvi Ingrie na &uacute;zem&iacute; Ruska, jej biskupa, duchovn&yacute;ch a veriacich luter&aacute;nov, vyjadrujeme naj&uacute;primnej&scaron;iu s&uacute;stras\u0165 v&scaron;etk&yacute;m pr&iacute;buzn&yacute;m a bl&iacute;zkym ,priate\u013eom a zn&aacute;mym v&scaron;etk&yacute;ch,ktor&iacute; zahynuli v d&ocirc;sledku teroristick&eacute;ho aktu v hale cestuj&uacute;cich moskovsk&eacute;ho letiska &quot;Demodedovo&quot;. Veriaci cirkvi Ingrie s&uacute; pevne presved\u010den&iacute;, \u017ee utrpenie a smr\u0165 \u010dloveka sa nem&ocirc;\u017ee ospravedlni\u0165 nijak&yacute;mi pr&iacute;\u010dinami, ideami, n&aacute;zormi &#8230; <a title=\"Pla\u010deme s pla\u010d\u00facimi\" class=\"read-more\" href=\"https:\/\/www.e-anjelik.sk\/index.php\/2011\/01\/28\/placeme-s-placucimi\/\" aria-label=\"Pre\u010d\u00edtajte si viac o Pla\u010deme s pla\u010d\u00facimi\">\u010c\u00edta\u0165 viac<\/a><\/p>\n","protected":false},"author":22,"featured_media":0,"comment_status":"open","ping_status":"open","sticky":false,"template":"","format":"standard","meta":{"footnotes":""},"categories":[35,10],"tags":[],"class_list":["post-3341","post","type-post","status-publish","format-standard","hentry","category-rusko-a-ine","category-zo-sveta"],"_links":{"self":[{"href":"https:\/\/www.e-anjelik.sk\/index.php\/wp-json\/wp\/v2\/posts\/3341","targetHints":{"allow":["GET"]}}],"collection":[{"href":"https:\/\/www.e-anjelik.sk\/index.php\/wp-json\/wp\/v2\/posts"}],"about":[{"href":"https:\/\/www.e-anjelik.sk\/index.php\/wp-json\/wp\/v2\/types\/post"}],"author":[{"embeddable":true,"href":"https:\/\/www.e-anjelik.sk\/index.php\/wp-json\/wp\/v2\/users\/22"}],"replies":[{"embeddable":true,"href":"https:\/\/www.e-anjelik.sk\/index.php\/wp-json\/wp\/v2\/comments?post=3341"}],"version-history":[{"count":0,"href":"https:\/\/www.e-anjelik.sk\/index.php\/wp-json\/wp\/v2\/posts\/3341\/revisions"}],"wp:attachment":[{"href":"https:\/\/www.e-anjelik.sk\/index.php\/wp-json\/wp\/v2\/media?parent=3341"}],"wp:term":[{"taxonomy":"category","embeddable":true,"href":"https:\/\/www.e-anjelik.sk\/index.php\/wp-json\/wp\/v2\/categories?post=3341"},{"taxonomy":"post_tag","embeddable":true,"href":"https:\/\/www.e-anjelik.sk\/index.php\/wp-json\/wp\/v2\/tags?post=3341"}],"curies":[{"name":"wp","href":"https:\/\/api.w.org\/{rel}","templated":true}]}}