{"id":33410,"date":"2020-03-26T21:23:28","date_gmt":"2020-03-26T20:23:28","guid":{"rendered":"http:\/\/e-anjelik.sk\/?p=33410"},"modified":"2020-03-27T09:17:14","modified_gmt":"2020-03-27T08:17:14","slug":"prenosy-evanj-bohosluzieb-v-rtvs","status":"publish","type":"post","link":"https:\/\/www.e-anjelik.sk\/index.php\/2020\/03\/26\/prenosy-evanj-bohosluzieb-v-rtvs\/","title":{"rendered":"Prenosy evanjelick\u00fdch bohoslu\u017eieb v RTVS"},"content":{"rendered":"\n<p>Bratia a sestry. Dovo\u013ete, aby sme v\u00e1s informovali o prenosoch bohoslu\u017eieb v RTVS, v s\u00favislosti s uznesen\u00edm vl\u00e1dy vysiela\u0165 po\u010das epid\u00e9mie bohoslu\u017eby denne.<\/p>\n\n\n\n<p>Rozhlas a telev\u00edzia Slovenska prijala na svojom rokovan\u00ed rozhodnutie, \u017ee po\u010das teraj\u0161ieho obmedzenia sl\u00fa\u017eenia bohoslu\u017eieb, pripravia priame prenosy om\u0161\u00ed a pobo\u017enost\u00ed. Bud\u00fa b\u00fdva\u0165 po\u010das pracovn\u00fdch dn\u00ed, v \u010dase od 17:30 do 18:00, a to vo vysielan\u00ed R\u00e1dia Slovensko. Bude to teda v\u00fdhradne r\u00e1diov\u00e9 vysielanie. S touto slu\u017ebou za\u010dne od pondelka, 30.3.2020.<\/p>\n\n\n\n<p>Prenosy sa bud\u00fa vysiela\u0165 zo \u0161t\u00fadia Slovensk\u00e9ho rozhlasu a evanjelick\u00e1 pobo\u017enos\u0165 bude zaraden\u00e1 v\u017edy v stredu ve\u010der. Ke\u010f\u017ee ide o polhodinov\u00fd \u010dasov\u00fd rozsah a obmedzenie po\u010dtu \u00fa\u010dinkuj\u00facich, v pr\u00edpade evanjelickej cirkvi &nbsp; nebud\u00fa teda vysielan\u00e9 riadne Slu\u017eby Bo\u017eie, ale pobo\u017enos\u0165. Do \u0161t\u00fadia m\u00f4\u017eu prich\u00e1dza\u0165 maxim\u00e1lne tri osoby: v na\u0161om pr\u00edpade far\u00e1r\/ka, kantor\/ka a jeden spev\u00e1k.<\/p>\n\n\n\n<p><strong>Prv\u00fd prenos evanjelickej pobo\u017enosti sa uskuto\u010dn\u00ed v stredu, 1.4.2020 o 17:30. Jej program v\u00e1m d\u00e1me do pozornosti v\u017edy v pondelok.<\/strong><\/p>\n\n\n\n<p>Ver\u00edme, \u017ee aj touto formou sa Slovo Bo\u017eie dostane k mnoh\u00fdm srdciam a \u017ee sa n\u00e1m podar\u00ed da\u0165 inform\u00e1ciu o prenose \u010do naj\u0161ir\u0161iemu publiku &#8211; najm\u00e4 star\u0161ej gener\u00e1cii, ktor\u00e1 nem\u00e1 pr\u00edstup k internetu, no iste i mnoh\u00fdm \u010fal\u0161\u00edm. Sme v\u010fa\u010dn\u00ed za t\u00fato mo\u017enos\u0165.<\/p>\n\n\n\n<p>Od 31.3.2020 v \u010dase od 17:30 do 18:30 m\u00f4\u017eete R\u00e1dio Slovensko po\u010d\u00fava\u0165 priamo tu: <a href=\"https:\/\/slovensko.rtvs.sk\/player\">https:\/\/slovensko.rtvs.sk\/player<\/a><\/p>\n\n\n\n<p><\/p>\n\n\n\n<p><\/p>\n","protected":false},"excerpt":{"rendered":"<p>Bratia a sestry. Dovo\u013ete, aby sme v\u00e1s informovali o prenosoch bohoslu\u017eieb v RTVS, v s\u00favislosti s uznesen\u00edm vl\u00e1dy vysiela\u0165 po\u010das epid\u00e9mie bohoslu\u017eby denne. Rozhlas a telev\u00edzia Slovenska prijala na svojom rokovan\u00ed rozhodnutie, \u017ee po\u010das teraj\u0161ieho obmedzenia sl\u00fa\u017eenia bohoslu\u017eieb, pripravia priame prenosy om\u0161\u00ed a pobo\u017enost\u00ed. Bud\u00fa b\u00fdva\u0165 po\u010das pracovn\u00fdch dn\u00ed, v \u010dase od 17:30 do 18:00, &#8230; <a title=\"Prenosy evanjelick\u00fdch bohoslu\u017eieb v RTVS\" class=\"read-more\" href=\"https:\/\/www.e-anjelik.sk\/index.php\/2020\/03\/26\/prenosy-evanj-bohosluzieb-v-rtvs\/\" aria-label=\"Pre\u010d\u00edtajte si viac o Prenosy evanjelick\u00fdch bohoslu\u017eieb v RTVS\">\u010c\u00edta\u0165 viac<\/a><\/p>\n","protected":false},"author":4,"featured_media":0,"comment_status":"open","ping_status":"open","sticky":false,"template":"","format":"standard","meta":{"footnotes":""},"categories":[4,177,53],"tags":[],"class_list":["post-33410","post","type-post","status-publish","format-standard","hentry","category-akcie","category-gbu","category-post"],"_links":{"self":[{"href":"https:\/\/www.e-anjelik.sk\/index.php\/wp-json\/wp\/v2\/posts\/33410","targetHints":{"allow":["GET"]}}],"collection":[{"href":"https:\/\/www.e-anjelik.sk\/index.php\/wp-json\/wp\/v2\/posts"}],"about":[{"href":"https:\/\/www.e-anjelik.sk\/index.php\/wp-json\/wp\/v2\/types\/post"}],"author":[{"embeddable":true,"href":"https:\/\/www.e-anjelik.sk\/index.php\/wp-json\/wp\/v2\/users\/4"}],"replies":[{"embeddable":true,"href":"https:\/\/www.e-anjelik.sk\/index.php\/wp-json\/wp\/v2\/comments?post=33410"}],"version-history":[{"count":5,"href":"https:\/\/www.e-anjelik.sk\/index.php\/wp-json\/wp\/v2\/posts\/33410\/revisions"}],"predecessor-version":[{"id":33427,"href":"https:\/\/www.e-anjelik.sk\/index.php\/wp-json\/wp\/v2\/posts\/33410\/revisions\/33427"}],"wp:attachment":[{"href":"https:\/\/www.e-anjelik.sk\/index.php\/wp-json\/wp\/v2\/media?parent=33410"}],"wp:term":[{"taxonomy":"category","embeddable":true,"href":"https:\/\/www.e-anjelik.sk\/index.php\/wp-json\/wp\/v2\/categories?post=33410"},{"taxonomy":"post_tag","embeddable":true,"href":"https:\/\/www.e-anjelik.sk\/index.php\/wp-json\/wp\/v2\/tags?post=33410"}],"curies":[{"name":"wp","href":"https:\/\/api.w.org\/{rel}","templated":true}]}}