{"id":3342,"date":"2011-01-28T10:42:58","date_gmt":"2011-01-28T10:42:58","guid":{"rendered":"http:\/\/e-anjelik.sk\/?p=3342"},"modified":"2011-01-28T10:42:58","modified_gmt":"2011-01-28T10:42:58","slug":"helga-haugland-befuglien-bola-vymenovana-za-predsedkynu-konferencie-biskupov-norskej-cirkvi","status":"publish","type":"post","link":"https:\/\/www.e-anjelik.sk\/index.php\/2011\/01\/28\/helga-haugland-befuglien-bola-vymenovana-za-predsedkynu-konferencie-biskupov-norskej-cirkvi\/","title":{"rendered":"Helga Haugland Befuglien bola vymenovan\u00e1 za predsedky\u0148u Konferencie biskupov N\u00f3rskej cirkvi"},"content":{"rendered":"<p>\u010clenovia Konferencie biskupov N&oacute;rskej cirkvi vymenovali za predsedky\u0148u tohto kolekt&iacute;vneho org&aacute;nu&nbsp; biskupku Helgu Hauglund Befuglien. 60-ro\u010dn&aacute; biskupka Befuglien je diec&eacute;znou biskupkou v Borg od roku 2005.Vlani na jese\u0148 ju zvolili za viceprezidentku Svetov&eacute;ho luter&aacute;nskeho zv&auml;zu.Predt&yacute;m zast&aacute;vala funkciu gener&aacute;lnej tajomn&iacute;\u010dky n&oacute;rskych YWCA a YMCA.<\/p>\n<p>(<a href=\"http:\/\/www.kirken.no\">www.kirken.no<\/a>)<\/p>\n<p>&nbsp;<\/p>\n","protected":false},"excerpt":{"rendered":"<p>\u010clenovia Konferencie biskupov N&oacute;rskej cirkvi vymenovali za predsedky\u0148u tohto kolekt&iacute;vneho org&aacute;nu&nbsp; biskupku Helgu Hauglund Befuglien. 60-ro\u010dn&aacute; biskupka Befuglien je diec&eacute;znou biskupkou v Borg od roku 2005.Vlani na jese\u0148 ju zvolili za viceprezidentku Svetov&eacute;ho luter&aacute;nskeho zv&auml;zu.Predt&yacute;m zast&aacute;vala funkciu gener&aacute;lnej tajomn&iacute;\u010dky n&oacute;rskych YWCA a YMCA. (www.kirken.no) &nbsp;<\/p>\n","protected":false},"author":22,"featured_media":0,"comment_status":"open","ping_status":"open","sticky":false,"template":"","format":"standard","meta":{"footnotes":""},"categories":[42,10],"tags":[],"class_list":["post-3342","post","type-post","status-publish","format-standard","hentry","category-skandinavia","category-zo-sveta"],"_links":{"self":[{"href":"https:\/\/www.e-anjelik.sk\/index.php\/wp-json\/wp\/v2\/posts\/3342","targetHints":{"allow":["GET"]}}],"collection":[{"href":"https:\/\/www.e-anjelik.sk\/index.php\/wp-json\/wp\/v2\/posts"}],"about":[{"href":"https:\/\/www.e-anjelik.sk\/index.php\/wp-json\/wp\/v2\/types\/post"}],"author":[{"embeddable":true,"href":"https:\/\/www.e-anjelik.sk\/index.php\/wp-json\/wp\/v2\/users\/22"}],"replies":[{"embeddable":true,"href":"https:\/\/www.e-anjelik.sk\/index.php\/wp-json\/wp\/v2\/comments?post=3342"}],"version-history":[{"count":0,"href":"https:\/\/www.e-anjelik.sk\/index.php\/wp-json\/wp\/v2\/posts\/3342\/revisions"}],"wp:attachment":[{"href":"https:\/\/www.e-anjelik.sk\/index.php\/wp-json\/wp\/v2\/media?parent=3342"}],"wp:term":[{"taxonomy":"category","embeddable":true,"href":"https:\/\/www.e-anjelik.sk\/index.php\/wp-json\/wp\/v2\/categories?post=3342"},{"taxonomy":"post_tag","embeddable":true,"href":"https:\/\/www.e-anjelik.sk\/index.php\/wp-json\/wp\/v2\/tags?post=3342"}],"curies":[{"name":"wp","href":"https:\/\/api.w.org\/{rel}","templated":true}]}}