{"id":33465,"date":"2020-04-01T09:49:52","date_gmt":"2020-04-01T07:49:52","guid":{"rendered":"http:\/\/e-anjelik.sk\/?p=33465"},"modified":"2020-04-01T09:55:11","modified_gmt":"2020-04-01T07:55:11","slug":"pastiersky-list-zboru-biskupov-ecav-na-slovensku-k-velkej-noci-2020","status":"publish","type":"post","link":"https:\/\/www.e-anjelik.sk\/index.php\/2020\/04\/01\/pastiersky-list-zboru-biskupov-ecav-na-slovensku-k-velkej-noci-2020\/","title":{"rendered":"Pastiersky list zboru biskupov ECAV na Slovensku k Ve\u013ekej noci 2020"},"content":{"rendered":"\n<p><strong><em>A pri\u0161iel Je\u017ei\u0161, hoci dvere boli zatvoren\u00e9, a postaviac sa do prostriedku, riekol im: Pokoj v\u00e1m!<\/em><\/strong>J\u00e1n 20, 26b<\/p>\n\n\n\n<p>Mil\u00ed bratia a mil\u00e9 sestry,<\/p>\n\n\n\n<p>posledn\u00e9 dni, \u010di t\u00fd\u017edne \u017eijeme za zatvoren\u00fdmi dverami, ktor\u00e9 s\u00fa d\u00f4sledkom opatren\u00ed proti \u0161\u00edreniu pand\u00e9mie koronav\u00edrusu. Dvere, ktor\u00e9 n\u00e1s maj\u00fa izolova\u0165 od in\u00fdch, aby sme sa vyhli ohrozeniu vlastn\u00e9ho \u017eivota, \u010di sami sa nestali nosite\u013emi v\u00edrusovej n\u00e1kazy. Dvere, za ktor\u00fdmi mnoh\u00ed ostali v strachu o svoj vlastn\u00fd \u017eivot, ale aj dvere, ktor\u00e9 s\u00fa obrazom zodpovednosti za \u017eivoty in\u00fdch. Aj v cirkvi \u017eijeme za zatvoren\u00fdmi dverami na\u0161ich spolo\u010denstiev a chr\u00e1mov. I tento pastiersky list nebude po dlh\u00fdch desa\u0165ro\u010diach \u010d\u00edtan\u00fd v chr\u00e1moch, ale bude sa \u0161\u00edri\u0165 medi\u00e1lnymi prostriedkami, ktor\u00e9 sa st\u00e1vaj\u00fa v tejto dobe &nbsp;mostom medzi nami.<\/p>\n\n\n\n<p>Ve\u013ek\u00e1 noc uzatv\u00e1ra dvere p\u00f4stneho obdobia, ktor\u00e9 bolo tento rok v mnohom ojedinel\u00e9 a jedine\u010dn\u00e9. Sme don\u00faten\u00ed zriec\u0165 sa na\u0161ich zau\u017e\u00edvan\u00fdch sp\u00f4sobov \u017eivota. Strach o seba a bl\u00edzkych, ohrozenie \u017eivota, prij\u00edmanie \u017eivot chr\u00e1niacich opatren\u00ed, spomalenie ekonomick\u00fdch aktiv\u00edt, a\u017e \u00fapln\u00e9 zastavenie sveta, vytvorilo dostato\u010dn\u00fd priestor k sebareflexii, k prehodnoteniu n\u00e1\u0161ho smerovania, spr\u00e1vania sa k pr\u00edrode, bl\u00edzkym i k nov\u00e9mu h\u013eadaniu Boha v tejto pominute\u013enosti. Mnoh\u00ed sklo\u0148uj\u00fa slovo \u201ekrehkos\u0165\u201c. Sme krehk\u00ed, aj ke\u010f sa tv\u00e1rime nezlomne; sme krehk\u00ed, aj ke\u010f sa c\u00edtime neporazite\u013ene; sme krehk\u00ed, aj ke\u010f sa vn\u00edmame samospasite\u013ene. Situ\u00e1cia, v ktorej sme sa ocitli, je pr\u00edle\u017eitos\u0165ou na precitnutie. Cel\u00fd p\u00f4st aj s tohtoro\u010dn\u00fdmi udalos\u0165ami n\u00e1m bytostne pripom\u00edna, \u017ee v mnoh\u00fdch oblastiach \u017eivota sme neraz Boha nechali za zatvoren\u00fdmi dverami n\u00e1\u0161ho vn\u00edmania aj z\u00e1ujmu.<\/p>\n\n\n\n<p>Dne\u0161n\u00e1 situ\u00e1cia n\u00e1m ve\u013emi pripom\u00edna situ\u00e1ciu po Kristovom ukri\u017eovan\u00ed. Evanjelista J\u00e1n hovor\u00ed o u\u010den\u00edkoch, ktor\u00ed sa po Je\u017ei\u0161ovej smrti ocitli kv\u00f4li strachu o vlastn\u00fd \u017eivot za zatvoren\u00fdmi dverami, v izol\u00e1cii, sklaman\u00ed z nenaplnen\u00fdch o\u010dak\u00e1van\u00ed, \u010dakaj\u00faci na nejasn\u00fa bud\u00facnos\u0165. \u010co sa stane s u\u010den\u00edkmi, ak ich Majster ostane za dverami ich \u017eivota? Podliehaj\u00fa z\u00fafalstvu, rezign\u00e1cii, nepokoju, sklamaniu. \u010co rob\u00ed Majster pre ich z\u00e1chranu?&nbsp;<em>A pri\u0161iel Je\u017ei\u0161, hoci dvere boli zatvoren\u00e9, a postaviac sa do prostriedku, riekol im: Pokoj v\u00e1m!&nbsp;<\/em>Bolo ve\u013ekou milos\u0165ou a novou pr\u00edle\u017eitos\u0165ou pre u\u010den\u00edkov, \u017ee \u017eiv\u00fd P\u00e1n napriek zatvoren\u00fdm dver\u00e1m, napriek v\u0161etk\u00e9mu, ak\u00ed u\u010den\u00edci boli, prich\u00e1dza. Prebodnut\u00fdmi rukami prelamuje priestor, kde u\u017e nie je v centre pozornosti zlyh\u00e1vaj\u00faci \u010dlovek, ale On ako \u017eiv\u00fd P\u00e1n! Jeho ruky prin\u00e1\u0161aj\u00fa liek uzdravenia, ktor\u00fd je zlo\u017een\u00fd z viacer\u00fdch l\u00e1tok \u2013 odpustenie, pokoj, zmierenie. V\u0161etko sa za\u010d\u00edna po novom, v\u0161etko sa za\u010d\u00edna rodi\u0165 z poznania:&nbsp;<em>\u201eVideli sme P\u00e1na.\u201c<\/em>&nbsp;Toho, ktor\u00fd bol m\u0155tvy a o\u017eil, ktor\u00fd sa kv\u00f4li n\u00e1m nakazil, aby sa stal \u010dlovekom nula pre na\u0161e uzdravenie. &nbsp;Iba t\u00ed, v \u017eivote ktor\u00fdch sa zrodilo vyznanie:&nbsp;<em>\u201eVideli sme P\u00e1na\u201c,<\/em>&nbsp;maj\u00fa silu sta\u0165 sa nov\u00fdm a otvoren\u00fdm spolo\u010denstvom, maj\u00fa silu otvori\u0165 dvere svojich \u017eivotov a otvori\u0165 sa slu\u017ebe in\u00fdm.<\/p>\n\n\n\n<p><em>A \u010do je znakom tejto otvorenosti?<\/em>&nbsp;\u017divot nes\u00faci Kristove rany, prin\u00e1\u0161aj\u00faci obete, miluj\u00faci a\u017e do krajnosti. Kristove rany boli d\u00f4kazom pre spolo\u010denstvo u\u010den\u00edkov, \u017ee On nie je pr\u00edzrak, ani halucin\u00e1cia, ale \u017eiv\u00fd a vzkriesen\u00fd P\u00e1n. Ruky, ktor\u00e9 uzdravovali; nohy, ktor\u00e9 h\u013eadali, \u010do bolo zahynulo; hlava a srdce, ktor\u00e9 v sebe nosili ka\u017ed\u00e9 stvorenie \u2013 tie boli zasiahnut\u00e9 ranami, aby sme pochopili h\u013abku Bo\u017eej l\u00e1sky. Jeho ruky s\u00fa na\u0161a legitim\u00e1cia, \u201eob\u010diansky preukaz padl\u00e9ho \u010dloveka\u201c. \u010cloveka, ktor\u00fd zv\u00e4zuje ruky l\u00e1ske, fal\u0161ou a l\u017eou prikr\u00fdva pravdu, mocou a peniazmi si obm\u00fdva svedomie, \u010di pich\u013eav\u00fdmi slovami vracia sp\u00e4\u0165 \u00fadery. Kristove rany a stopy po klincoch s\u00fa nielen \u013eudskou, ale predov\u0161etk\u00fdm Bo\u017eou legitim\u00e1ciou. S\u00fa vidite\u013en\u00fdm znamen\u00edm Bo\u017eej odpovede na probl\u00e9m zla a hriechu. Ukazuj\u00fa Bo\u017e\u00ed sp\u00f4sob z\u00e1pasu so zlom, ako sa hriech nezahmlieva, ale berie v\u00e1\u017ene.<\/p>\n\n\n\n<p>Mil\u00ed bratia a sestry, dnes cel\u00fd svet h\u013ead\u00e1 liek, ktor\u00fd by prelomil pand\u00e9miu koronav\u00edrusu. S\u00fa miesta, kde sa smr\u0165 bytostne dot\u00fdka rod\u00edn aj jednotlivcov. O to v\u00e4\u010d\u0161ie je o\u010dak\u00e1vanie, o to v\u00e4\u010d\u0161ia je potreba. H\u013ead\u00e1 sa laborat\u00f3rium, z ktor\u00e9ho vz\u00edde n\u00e1dej pre \u013eudstvo, ktor\u00e9 poraz\u00ed nevidite\u013en\u00e9ho nepriate\u013ea a prinesie nov\u00fd pokoj do cel\u00e9ho sveta.<\/p>\n\n\n\n<blockquote class=\"wp-block-quote is-style-large is-layout-flow wp-block-quote-is-layout-flow\"><p> Golgota je Bo\u017eie laborat\u00f3rium, kde sa z l\u00e1sky zrodil liek \u2013\u00a0<em>antivirotikum proti v\u00edrusu hriechu<\/em>.  <\/p><\/blockquote>\n\n\n\n<p>Posolstvo Ve\u013ekej noci je po\u010das tis\u00edcro\u010d\u00ed naliehav\u00e9 a v\u017edy aktu\u00e1lne. Golgota je Bo\u017eie laborat\u00f3rium, kde sa z l\u00e1sky zrodil liek \u2013&nbsp;<em>antivirotikum proti v\u00edrusu hriechu<\/em>. Kristus sa stal cestou z\u00e1chrany a uzdravenia tohto zav\u00edren\u00e9ho sveta. Je to cesta &nbsp;prin\u00e1\u0161ania obet\u00ed, ktor\u00e9 l\u00e1mu put\u00e1 poviazanost\u00ed a razia cestu do \u013eudsk\u00fdch s\u0155dc. V t\u00fdchto t\u00fd\u017ed\u0148och s v\u010fakou mysl\u00edme najm\u00e4 na v\u0161etk\u00fdch zdravotn\u00edkov, lek\u00e1rov, zdravotn\u00e9 sestry, z\u00e1chran\u00e1rov, ktor\u00ed sa s vyp\u00e4t\u00edm v\u0161etk\u00fdch s\u00edl postavili do prvej l\u00ednie v boji so z\u00e1kernou chorobou. Ich obetavos\u0165 zachra\u0148uje mnoh\u00fdch a vlieva n\u00e1dej na zvr\u00e1tenie situ\u00e1cie. Mysl\u00edme aj na v\u0161etk\u00fdch ostatn\u00fdch obetav\u00fdch \u013eud\u00ed, ktor\u00ed v t\u00fdchto n\u00e1ro\u010dn\u00fdch \u010dasoch dok\u00e1\u017eu prinies\u0165 n\u00e1kup, \u010di poda\u0165 pomocn\u00fa ruku t\u00fdm najzranite\u013enej\u0161\u00edm. Je \u010das viac si v\u0161\u00edma\u0165 obetavos\u0165 v na\u0161ich rodin\u00e1ch, na \u0161kol\u00e1ch, ale aj v cirkvi. Je \u010das by\u0165 v\u010fa\u010dn\u00fdmi za \u013eud\u00ed, ktor\u00ed s\u00fa pre n\u00e1s darom. Lebo obe\u0165ou sme boli zachr\u00e1nen\u00ed a obetavos\u0165ou poraz\u00edme n\u00e1kazu egoizmu. V Kristovi n\u00e1s Boh neopustil. V Kristovi n\u00e1s uzdravil. V Kristovi porazil moc zl\u00e9ho a moci smrti. V Kristovi n\u00e1m otvoril dvere novej bud\u00facnosti presahuj\u00facej hranice \u010dasnosti.<\/p>\n\n\n\n<p>Nech aj tohtoro\u010dn\u00e9 ve\u013ekono\u010dn\u00e9 sviatky, ktor\u00e9 pre\u017eijeme za zatvoren\u00fdmi dverami na\u0161ich domovov, bud\u00fa pre n\u00e1s osobn\u00fdm a bytostn\u00fdm stretnut\u00edm so \u017eiv\u00fdm P\u00e1nom, ktor\u00e9mu sa ani dnes ni\u010d nevymklo z r\u00fak. Kie\u017e by sme aj my mohli vyzna\u0165:&nbsp;<em>Videli sme P\u00e1na &#8211;<\/em>&nbsp;a takto otvorili dvere na\u0161ich s\u0155dc pre nov\u00e9 a \u017eiv\u00e9 vz\u0165ahy. Svet sa zastavil, aby sme nanovo precitli k poznaniu, kde sme v \u017eivote zlyhali, ale z\u00e1rove\u0148 aj poznali moc Bo\u017eieho uzdravenia. Mnoh\u00e9 kon\u010diny sveta po\u010das t\u00fdchto t\u00fd\u017ed\u0148ov za\u017e\u00edvaj\u00fa vzkriesenie k nov\u00e9mu \u017eivotu, obnovenie pr\u00edrody, n\u00e1vrat \u017eivota do nehostinn\u00e9ho, \u013eudskou \u010dinnos\u0165ou zamoren\u00e9ho prostredia. Svet sa mocou vzkriesenia obnovuje k nov\u00e9mu \u017eivotu. Je k tomu potrebn\u00e9 len to, aby sme sa zastavili a prehodnotili svoj rebr\u00ed\u010dek hodn\u00f4t. Kie\u017e by sme to videli a pre\u017eili aj my v cirkvi, spolo\u010dnosti aj v celom svete, a aby vyznanie&nbsp;<em>videli sme P\u00e1na,<\/em>&nbsp;bolo cestou uzdravenia a otvorenia dver\u00ed v na\u0161ich vz\u0165ahoch.<\/p>\n\n\n\n<p>Prajeme V\u00e1m, aby ste aj po\u010das tohtoro\u010dn\u00fdch sviatkov Ve\u013ekej noci mohli re\u00e1lne za\u017ei\u0165 sk\u00fasenos\u0165 biblick\u00fdch slov:\u00a0<em>A pri\u0161iel Je\u017ei\u0161, hoci dvere boli zatvoren\u00e9, a postaviac sa do prostriedku, riekol im: Pokoj v\u00e1m!<\/em><\/p>\n\n\n\n<div class=\"wp-block-group\"><div class=\"wp-block-group__inner-container is-layout-flow wp-block-group-is-layout-flow\">\n<div class=\"wp-block-group has-luminous-vivid-amber-background-color has-background\"><div class=\"wp-block-group__inner-container is-layout-flow wp-block-group-is-layout-flow\">\n<p class=\"has-text-color has-background has-text-align-right has-medium-font-size has-very-light-gray-color has-luminous-vivid-amber-background-color\"> <em>A pri\u0161iel Je\u017ei\u0161, hoci dvere boli zatvoren\u00e9, a postaviac sa do prostriedku, riekol im: Pokoj v\u00e1m!<\/em>  <\/p>\n<\/div><\/div>\n<\/div><\/div>\n\n\n\n<p>S prian\u00edm Bo\u017eieho pokoja, ktor\u00fd prevy\u0161uje ka\u017ed\u00fd rozum, ten nech chr\u00e1ni Va\u0161e srdcia a Va\u0161e mysle, aby ste naplnen\u00ed pokojom Vzkriesen\u00e9ho, stali sa pokojom pre dne\u0161n\u00fd nepokojn\u00fd svet.<\/p>\n\n\n\n<p>Peter Miho\u010d &nbsp; &nbsp; &nbsp; &nbsp; &nbsp; &nbsp; &nbsp; &nbsp; &nbsp; &nbsp; &nbsp; &nbsp; &nbsp; &nbsp; &nbsp; &nbsp; &nbsp; &nbsp; &nbsp; &nbsp; &nbsp; &nbsp; &nbsp; Ivan E\u013eko &nbsp; &nbsp; &nbsp; &nbsp; &nbsp; &nbsp; &nbsp; &nbsp; &nbsp; &nbsp; &nbsp; &nbsp; &nbsp; &nbsp; &nbsp; &nbsp; &nbsp; &nbsp; &nbsp; &nbsp; &nbsp; &nbsp; &nbsp; &nbsp; &nbsp; &nbsp; J\u00e1n Hrobo\u0148<br>biskup VD ECAV &nbsp; &nbsp; &nbsp; &nbsp; &nbsp; &nbsp; &nbsp; &nbsp; &nbsp; &nbsp; &nbsp; &nbsp; &nbsp; &nbsp; &nbsp; &nbsp; &nbsp; &nbsp; &nbsp; &nbsp;gener\u00e1lny biskup ECAV &nbsp; &nbsp; &nbsp; &nbsp; &nbsp; &nbsp; &nbsp; &nbsp; &nbsp; &nbsp; &nbsp; &nbsp; &nbsp;biskup ZD ECAV<\/p>\n","protected":false},"excerpt":{"rendered":"<p>A pri\u0161iel Je\u017ei\u0161, hoci dvere boli zatvoren\u00e9, a postaviac sa do prostriedku, riekol im: Pokoj v\u00e1m!J\u00e1n 20, 26b Mil\u00ed bratia a mil\u00e9 sestry, posledn\u00e9 dni, \u010di t\u00fd\u017edne \u017eijeme za zatvoren\u00fdmi dverami, ktor\u00e9 s\u00fa d\u00f4sledkom opatren\u00ed proti \u0161\u00edreniu pand\u00e9mie koronav\u00edrusu. Dvere, ktor\u00e9 n\u00e1s maj\u00fa izolova\u0165 od in\u00fdch, aby sme sa vyhli ohrozeniu vlastn\u00e9ho \u017eivota, \u010di sami &#8230; <a title=\"Pastiersky list zboru biskupov ECAV na Slovensku k Ve\u013ekej noci 2020\" class=\"read-more\" href=\"https:\/\/www.e-anjelik.sk\/index.php\/2020\/04\/01\/pastiersky-list-zboru-biskupov-ecav-na-slovensku-k-velkej-noci-2020\/\" aria-label=\"Pre\u010d\u00edtajte si viac o Pastiersky list zboru biskupov ECAV na Slovensku k Ve\u013ekej noci 2020\">\u010c\u00edta\u0165 viac<\/a><\/p>\n","protected":false},"author":1,"featured_media":0,"comment_status":"open","ping_status":"open","sticky":false,"template":"","format":"standard","meta":{"footnotes":""},"categories":[73,77,72,78],"tags":[],"class_list":["post-33465","post","type-post","status-publish","format-standard","hentry","category-ecav","category-velka-noc","category-v-piatok","category-zbor-biskupov-ecav"],"_links":{"self":[{"href":"https:\/\/www.e-anjelik.sk\/index.php\/wp-json\/wp\/v2\/posts\/33465","targetHints":{"allow":["GET"]}}],"collection":[{"href":"https:\/\/www.e-anjelik.sk\/index.php\/wp-json\/wp\/v2\/posts"}],"about":[{"href":"https:\/\/www.e-anjelik.sk\/index.php\/wp-json\/wp\/v2\/types\/post"}],"author":[{"embeddable":true,"href":"https:\/\/www.e-anjelik.sk\/index.php\/wp-json\/wp\/v2\/users\/1"}],"replies":[{"embeddable":true,"href":"https:\/\/www.e-anjelik.sk\/index.php\/wp-json\/wp\/v2\/comments?post=33465"}],"version-history":[{"count":5,"href":"https:\/\/www.e-anjelik.sk\/index.php\/wp-json\/wp\/v2\/posts\/33465\/revisions"}],"predecessor-version":[{"id":33471,"href":"https:\/\/www.e-anjelik.sk\/index.php\/wp-json\/wp\/v2\/posts\/33465\/revisions\/33471"}],"wp:attachment":[{"href":"https:\/\/www.e-anjelik.sk\/index.php\/wp-json\/wp\/v2\/media?parent=33465"}],"wp:term":[{"taxonomy":"category","embeddable":true,"href":"https:\/\/www.e-anjelik.sk\/index.php\/wp-json\/wp\/v2\/categories?post=33465"},{"taxonomy":"post_tag","embeddable":true,"href":"https:\/\/www.e-anjelik.sk\/index.php\/wp-json\/wp\/v2\/tags?post=33465"}],"curies":[{"name":"wp","href":"https:\/\/api.w.org\/{rel}","templated":true}]}}