{"id":3347,"date":"2011-01-31T10:51:05","date_gmt":"2011-01-31T10:51:05","guid":{"rendered":"http:\/\/e-anjelik.sk\/?p=3347"},"modified":"2011-01-31T10:51:05","modified_gmt":"2011-01-31T10:51:05","slug":"konferencia-o-diele-m-luthera-v-mr","status":"publish","type":"post","link":"https:\/\/www.e-anjelik.sk\/index.php\/2011\/01\/31\/konferencia-o-diele-m-luthera-v-mr\/","title":{"rendered":"Konferencia o diele M.Luthera v MR"},"content":{"rendered":"<p>Po\u010das v&iacute;kendu posledn&eacute;ho janu&aacute;rov&eacute;ho t&yacute;\u017ed\u0148a 28. a 29. janu&aacute;ra 2011 sa v Evanjelickom vzdel&aacute;vacom stredisku Lajosa Ordassa v R&eacute;vf&ouml;l&ouml;pe zi&scaron;lo 65 os&ocirc;b na konferencii o diele reform&aacute;tora M.Luthera,ktor&uacute; zorganizoval Spolok Martina Luthera&nbsp; v MR.&nbsp;Pobo\u017enosti&nbsp;viedla far&aacute;rka z Veszpr&eacute;mu Dorota Is&oacute;. Predn&aacute;&scaron;ky odzneli na tri t&eacute;my: Dr.Fab&iacute;nyi Tibor: Ka\u017ed&yacute; \u010dlovek je teol&oacute;gom-Lutherovo ch&aacute;panie teol&oacute;gie&nbsp;; Dr.Hafenscher&nbsp;K&aacute;roly: Odovzd&aacute;vame \u010falej modlitebn&uacute; &scaron;tafetu?&nbsp;Lutherov n&aacute;zor na formu tradi\u010dnej v&scaron;eobecnej modlitby. ;V&eacute;ghelyi Antal: Sloboda, ale na \u010do, v&auml;zba, ale ku komu? Po predn&aacute;&scaron;kach boli &uacute;\u010dastn&iacute;ci podelen&iacute; do skup&iacute;n, kde t&eacute;my podrobne rozdiskutovali. Na z&aacute;ver sa konali slu\u017eby Bo\u017eie s Ve\u010derou P&aacute;novou, ktor&eacute; sl&uacute;\u017eil biskup Itz&eacute;s J&aacute;nos. V ich r&aacute;mci posv&auml;til aj novopostaven&eacute; kr&iacute;dlo &#8211; trakt&nbsp; tohto strediska.<\/p>\n<p>(<a href=\"http:\/\/www.evangelikus.hu\">www.evangelikus.hu<\/a>)<\/p>\n<p>Pozn&aacute;mka visby: Zaujalo ma toto stredisko.M&aacute; vlastn&yacute; port&aacute;l, info okrem ma\u010far\u010diny aj v nem\u010dine a angli\u010dtine. M&aacute; 34 miestnost&iacute; a 65 l&ocirc;\u017eok. Jed&aacute;le\u0148 kapacitu 50 stoli\u010diek.K dispoz&iacute;cii je vlastn&aacute; kaplnka a ihrisko.&nbsp;Konferen\u010dn&aacute; s&aacute;la je klimatizovan&aacute;, vybaven&aacute; modern&yacute;mi audiovizu&aacute;lnymi pr&iacute;strojmi. Jej kapacita stoli\u010diek je 50 a\u017e 60 os&ocirc;b. Ceny s&uacute; r&ocirc;zne.Uvediem jeden druh: pre \u010dlenov ev. cirkvi je celodenn&aacute; penzia aj s ubytovan&iacute;m na noc a de\u0148 5 tis&iacute;c forintov,t.j. asi 20&nbsp;&euro;&nbsp;&#8211; pri viac ako troch nociach. Lokalita sa nach&aacute;dza v meste\u010dku pri brehu Balotona, v tichom prostred&iacute;. Vhodn&eacute; pre rodiny a skupiny .Kontakt: <a href=\"mailto:revfulop@lutheran.hu\">revfulop@lutheran.hu<\/a>; <a href=\"http:\/\/www.konferenciahotel.hu\">www.konferenciahotel.hu<\/a> .<\/p>\n","protected":false},"excerpt":{"rendered":"<p>Po\u010das v&iacute;kendu posledn&eacute;ho janu&aacute;rov&eacute;ho t&yacute;\u017ed\u0148a 28. a 29. janu&aacute;ra 2011 sa v Evanjelickom vzdel&aacute;vacom stredisku Lajosa Ordassa v R&eacute;vf&ouml;l&ouml;pe zi&scaron;lo 65 os&ocirc;b na konferencii o diele reform&aacute;tora M.Luthera,ktor&uacute; zorganizoval Spolok Martina Luthera&nbsp; v MR.&nbsp;Pobo\u017enosti&nbsp;viedla far&aacute;rka z Veszpr&eacute;mu Dorota Is&oacute;. Predn&aacute;&scaron;ky odzneli na tri t&eacute;my: Dr.Fab&iacute;nyi Tibor: Ka\u017ed&yacute; \u010dlovek je teol&oacute;gom-Lutherovo ch&aacute;panie teol&oacute;gie&nbsp;; Dr.Hafenscher&nbsp;K&aacute;roly: Odovzd&aacute;vame \u010falej &#8230; <a title=\"Konferencia o diele M.Luthera v MR\" class=\"read-more\" href=\"https:\/\/www.e-anjelik.sk\/index.php\/2011\/01\/31\/konferencia-o-diele-m-luthera-v-mr\/\" aria-label=\"Pre\u010d\u00edtajte si viac o Konferencia o diele M.Luthera v MR\">\u010c\u00edta\u0165 viac<\/a><\/p>\n","protected":false},"author":22,"featured_media":0,"comment_status":"open","ping_status":"open","sticky":false,"template":"","format":"standard","meta":{"footnotes":""},"categories":[9,10],"tags":[],"class_list":["post-3347","post","type-post","status-publish","format-standard","hentry","category-europa","category-zo-sveta"],"_links":{"self":[{"href":"https:\/\/www.e-anjelik.sk\/index.php\/wp-json\/wp\/v2\/posts\/3347","targetHints":{"allow":["GET"]}}],"collection":[{"href":"https:\/\/www.e-anjelik.sk\/index.php\/wp-json\/wp\/v2\/posts"}],"about":[{"href":"https:\/\/www.e-anjelik.sk\/index.php\/wp-json\/wp\/v2\/types\/post"}],"author":[{"embeddable":true,"href":"https:\/\/www.e-anjelik.sk\/index.php\/wp-json\/wp\/v2\/users\/22"}],"replies":[{"embeddable":true,"href":"https:\/\/www.e-anjelik.sk\/index.php\/wp-json\/wp\/v2\/comments?post=3347"}],"version-history":[{"count":0,"href":"https:\/\/www.e-anjelik.sk\/index.php\/wp-json\/wp\/v2\/posts\/3347\/revisions"}],"wp:attachment":[{"href":"https:\/\/www.e-anjelik.sk\/index.php\/wp-json\/wp\/v2\/media?parent=3347"}],"wp:term":[{"taxonomy":"category","embeddable":true,"href":"https:\/\/www.e-anjelik.sk\/index.php\/wp-json\/wp\/v2\/categories?post=3347"},{"taxonomy":"post_tag","embeddable":true,"href":"https:\/\/www.e-anjelik.sk\/index.php\/wp-json\/wp\/v2\/tags?post=3347"}],"curies":[{"name":"wp","href":"https:\/\/api.w.org\/{rel}","templated":true}]}}