{"id":3348,"date":"2011-01-31T11:55:44","date_gmt":"2011-01-31T11:55:44","guid":{"rendered":"http:\/\/e-anjelik.sk\/?p=3348"},"modified":"2011-01-31T11:55:44","modified_gmt":"2011-01-31T11:55:44","slug":"ii-generalna-synoda-elc-av-v-rusku","status":"publish","type":"post","link":"https:\/\/www.e-anjelik.sk\/index.php\/2011\/01\/31\/ii-generalna-synoda-elc-av-v-rusku\/","title":{"rendered":"II. gener\u00e1lna synoda ELC AV v Rusku"},"content":{"rendered":"<p>28. janu&aacute;ra 2011 sa v Moskve konala II.gener&aacute;lna synoda Evanjelicko-luter&aacute;nskej cirkvi augsbursk&eacute;ho vyznania v Rusku. Na synode sa z&uacute;\u010dastnili deleg&aacute;ti v&scaron;etk&yacute;ch 14 cirkevn&yacute;ch miestnych organiz&aacute;ci&iacute;. Deleg&aacute;ti sa jednomyse\u013ene rozhodli ,\u017ee podporuj&uacute; spojenie svojej cirkvi so sesterskou luter&aacute;nskou cirkvou ELKRAS. Pre tento &uacute;\u010del bola vytvoren&aacute; komisia pre vedenie rozhovorov o spojen&iacute;. Za ELCAV Ruska do nej patria: V.S.Pudov, K.M. Andrejev a D.Ju.Marty&scaron;enko. V \u010fal&scaron;om bode si deleg&aacute;ti jednomyse\u013ene za biskupa cirkvi zvolili far&aacute;ra zboru sv. Michala v Moskve Konstantina Michajlovi\u010da Andrejeva. Za jeho z&aacute;stupcu bol zvolen&yacute; Alexander Alexandrovi\u010d Franc, far&aacute;r z cirkevn&eacute;ho zboru Barnaul. Obaja boli potom v r&aacute;mci slu\u017eieb Bo\u017e&iacute;ch sl&aacute;vnostne uveden&iacute; do funkcie. Deleg&aacute;ti na synode schv&aacute;lili pozme\u0148uj&uacute;ce n&aacute;vrhy zmeny cirkevnej &uacute;stavy. Ide najm&auml; o ordin&aacute;ciu \u017eien. T&aacute;to cirkev \u017eeny neordinuje, ale teraz pr&iacute;slu&scaron;n&yacute; paragraf sa men&iacute; v tom zmysle, \u017ee ak v s&uacute;vise so spojen&iacute;m s inou cirkvou ,v ktorej \u017eeny ordinuj&uacute;, rozhodne sa cirkevn&yacute; zbor pre vstup do ELC&nbsp;AV Ruska, \u017eena -k\u0148az v tomto zbore po presk&uacute;man&iacute; a overen&iacute; biskupom, m&ocirc;\u017ee aj na\u010falej sl&uacute;\u017ei\u0165 v tomto zbore, ak si to veriaci praj&uacute;.<\/p>\n<p>Pozn&aacute;mka: ELC&nbsp;AV vznikla od&scaron;tiepen&iacute;m pred nieko\u013ek&yacute;mi rokmi z ELKRAS z d&ocirc;vodov teologick&yacute;ch, jazykov&yacute;ch a finan\u010dn&yacute;ch. Teraz vyjadruje snahu op&auml;tovne sa s \u0148ou spoji\u0165. Arcibiskup Evanjelicko-luter&aacute;nskej cirkvi Ruska a in&yacute;ch &scaron;t&aacute;tov (ELKRAS) A.Kruse povedal, \u017ee to bude beh na dlh&eacute; trate, treba sk&uacute;ma\u0165 vierou\u010dn&eacute; a ordina\u010dn&eacute; praktiky jej jednotliv&yacute;ch pastorov.O spojen&iacute; potom musia vies\u0165 rokovania komisie oboch cirkv&iacute;.<\/p>\n<p>(<a href=\"http:\/\/www.luther.ru\">www.luther.ru<\/a>)<\/p>\n","protected":false},"excerpt":{"rendered":"<p>28. janu&aacute;ra 2011 sa v Moskve konala II.gener&aacute;lna synoda Evanjelicko-luter&aacute;nskej cirkvi augsbursk&eacute;ho vyznania v Rusku. Na synode sa z&uacute;\u010dastnili deleg&aacute;ti v&scaron;etk&yacute;ch 14 cirkevn&yacute;ch miestnych organiz&aacute;ci&iacute;. Deleg&aacute;ti sa jednomyse\u013ene rozhodli ,\u017ee podporuj&uacute; spojenie svojej cirkvi so sesterskou luter&aacute;nskou cirkvou ELKRAS. Pre tento &uacute;\u010del bola vytvoren&aacute; komisia pre vedenie rozhovorov o spojen&iacute;. Za ELCAV Ruska do nej &#8230; <a title=\"II. gener\u00e1lna synoda ELC AV v Rusku\" class=\"read-more\" href=\"https:\/\/www.e-anjelik.sk\/index.php\/2011\/01\/31\/ii-generalna-synoda-elc-av-v-rusku\/\" aria-label=\"Pre\u010d\u00edtajte si viac o II. gener\u00e1lna synoda ELC AV v Rusku\">\u010c\u00edta\u0165 viac<\/a><\/p>\n","protected":false},"author":22,"featured_media":0,"comment_status":"open","ping_status":"open","sticky":false,"template":"","format":"standard","meta":{"footnotes":""},"categories":[35,10],"tags":[],"class_list":["post-3348","post","type-post","status-publish","format-standard","hentry","category-rusko-a-ine","category-zo-sveta"],"_links":{"self":[{"href":"https:\/\/www.e-anjelik.sk\/index.php\/wp-json\/wp\/v2\/posts\/3348","targetHints":{"allow":["GET"]}}],"collection":[{"href":"https:\/\/www.e-anjelik.sk\/index.php\/wp-json\/wp\/v2\/posts"}],"about":[{"href":"https:\/\/www.e-anjelik.sk\/index.php\/wp-json\/wp\/v2\/types\/post"}],"author":[{"embeddable":true,"href":"https:\/\/www.e-anjelik.sk\/index.php\/wp-json\/wp\/v2\/users\/22"}],"replies":[{"embeddable":true,"href":"https:\/\/www.e-anjelik.sk\/index.php\/wp-json\/wp\/v2\/comments?post=3348"}],"version-history":[{"count":0,"href":"https:\/\/www.e-anjelik.sk\/index.php\/wp-json\/wp\/v2\/posts\/3348\/revisions"}],"wp:attachment":[{"href":"https:\/\/www.e-anjelik.sk\/index.php\/wp-json\/wp\/v2\/media?parent=3348"}],"wp:term":[{"taxonomy":"category","embeddable":true,"href":"https:\/\/www.e-anjelik.sk\/index.php\/wp-json\/wp\/v2\/categories?post=3348"},{"taxonomy":"post_tag","embeddable":true,"href":"https:\/\/www.e-anjelik.sk\/index.php\/wp-json\/wp\/v2\/tags?post=3348"}],"curies":[{"name":"wp","href":"https:\/\/api.w.org\/{rel}","templated":true}]}}