{"id":33512,"date":"2020-04-08T21:38:12","date_gmt":"2020-04-08T19:38:12","guid":{"rendered":"http:\/\/e-anjelik.sk\/?p=33512"},"modified":"2020-04-08T21:38:12","modified_gmt":"2020-04-08T19:38:12","slug":"usmernenia-zboru-biskupov-pred-velkou-nocou-2020","status":"publish","type":"post","link":"https:\/\/www.e-anjelik.sk\/index.php\/2020\/04\/08\/usmernenia-zboru-biskupov-pred-velkou-nocou-2020\/","title":{"rendered":"Usmernenia Zboru biskupov pred Ve\u013ekou nocou 2020"},"content":{"rendered":"\n<p><strong>Usmernenia pred Ve\u013ekou nocou<\/strong><\/p>\n\n\n\n<p><em>\t\t<\/em><em>08.04.20<\/em><\/p>\n\n\n\n<p><em>\t\tZbor biskupov ECAV na Slovenskiu<\/em><\/p>\n\n\n\n<p><em>\t\t<\/em><a href=\"https:\/\/www.ecav.sk\/aktuality\/spravodajstvo\"><em>Spravodajstvo<\/em><\/a><\/p>\n\n\n\n<p>Bratia a sestry, v r\u00e1mci opatren\u00ed proti \u0161\u00edreniu koronav\u00edrusu prijali verejn\u00e9 autority \u010fal\u0161ie opatrenia, ktor\u00e9 s\u00fa aj pre n\u00e1s z\u00e1v\u00e4zn\u00e9. Ich s\u00fa\u010das\u0165ou je aj aktu\u00e1lne Usmernenie hlavn\u00e9ho hygienika Slovenskej republiky ku konaniu bohoslu\u017eieb a otvoreniu kostolov, ktor\u00e9 sme obdr\u017eali d\u0148a 7.4.2020. Jeho text si m\u00f4\u017eete pre\u010d\u00edta\u0165 TU: <a href=\"http:\/\/www.uvzsr.sk\/index.php?option=com_content&amp;view=article&amp;id=4176:usmernenie-hlavneho-hygienika-slovenskej-republiky-ku-konaniu-bohosluieb-a-otvoreniu-kostolov&amp;catid=250:koronavirus-2019-ncov&amp;Itemid=153\">uvzsr.sk<\/a><\/p>\n\n\n\n<p>Pros\u00edm, prijmite nieko\u013eko pokynov a odpor\u00fa\u010dan\u00ed:<\/p>\n\n\n\n<p>1. Verejn\u00e9 bohoslu\u017eby zost\u00e1vaj\u00fa pozastaven\u00e9, a to v s\u00falade s opatren\u00edm \u00daradu verejn\u00e9ho zdravotn\u00edctva Slovenskej republiky \u010d. OLP\/2731\/2020 zo d\u0148a 23.3.2020. Na spolo\u010dn\u00fdch Slu\u017eb\u00e1ch Bo\u017e\u00edch v kostoloch sa teda po\u010das sviatkov nestretneme. Pros\u00edme, prijmime zodpovedne a z\u00e1v\u00e4zne tieto obmedzenia, re\u0161pektujme ich, nevytv\u00e1rajme \u017eiadne precedensy, ktor\u00fdmi by sme mohli sp\u00f4sobi\u0165 ohrozenie seba aj in\u00fdch a z\u00e1rove\u0148 takto aj po\u0161kodili dobr\u00e9 meno cirkvi.<\/p>\n\n\n\n<p>2. Pr\u00edpustn\u00e1 je tzv. s\u00fakromn\u00e1 bohoslu\u017eba, na ktorej je pr\u00edtomn\u00fd celebrant, teda kazate\u013e \u010di liturg, a nevyhnutn\u00e1 asistencia, resp. technick\u00fd pracovn\u00edk. Verejnos\u0165 pr\u00edtomn\u00e1 nie je. R\u00e1ta sa s t\u00fdm, \u017ee t\u00e1to skupina sa zhroma\u017edila na to, aby pripravila prenos bohoslu\u017eby, ktor\u00fd bude vysielan\u00fd v m\u00e9di\u00e1ch.<\/p>\n\n\n\n<p>Vyu\u017eite pros\u00edm mo\u017enos\u0165 sledova\u0165 bohoslu\u017eby, vysielan\u00e9 v RTVS \u010di na TA3. Tieto prenosy boli s l\u00e1skou a nasaden\u00edm pripraven\u00e9 pre veriacich a maj\u00fa posl\u00fa\u017ei\u0165 pr\u00e1ve v tomto exponovanom \u010dase. Pros\u00edme, akt\u00edvne na ne upozor\u0148ujte svojich veriacich.<\/p>\n\n\n\n<p>3. Aktu\u00e1lne Usmernenie hlavn\u00e9ho hygienika spom\u00edna aj otvorenie kostolov mimo konania bohoslu\u017eieb. Uvedomujeme si, \u017ee toto usmernenie najviac plat\u00ed pre r\u00edmskokatol\u00edcku cirkev, do ktorej trad\u00edcie patr\u00ed nav\u0161tevovanie otvoren\u00fdch kostolov kv\u00f4li osobnej modlitbe, \u010di kv\u00f4li spovedi. My v\u0161ak uveden\u00e9 pokyny m\u00f4\u017eeme vztiahnu\u0165 na konanie krstov \u010di sob\u00e1\u0161ov, ktor\u00e9 nemo\u017eno odvola\u0165, alebo pohrebov, ktor\u00e9 sa vykon\u00e1vaj\u00fa z kostola. Pre tak\u00e9to pr\u00edle\u017eitosti platia nasledovn\u00e9 usmernenia: striktn\u00e9 pou\u017eitie r\u00fa\u0161ka, \u0161\u00e1lu, \u010di \u0161atky, mo\u017enos\u0165 aplik\u00e1cie dezinfekcie na ruky \u010di mo\u017enos\u0165 pou\u017eitia rukav\u00edc, dodr\u017eiavanie odstupov medzi osobami, koncentr\u00e1cia os\u00f4b v kostole nesmie by\u0165 v\u00e4\u010d\u0161ia, ako jedna osoba na 25 metrov \u0161tvorcov\u00fdch \/r\u00e1ta sa plocha hlavnej chr\u00e1movej lode\/ a zabezpe\u010denie dezinfekcie priestorov, hlavne dotykov\u00fdch pl\u00f4ch, pred i po skon\u010den\u00ed danej udalosti.<\/p>\n\n\n\n<p>Pros\u00edme V\u00e1s o re\u0161pektovanie t\u00fdchto pokynov a odpor\u00fa\u010dan\u00ed. Pom\u00f4\u017eu n\u00e1m lep\u0161ie zvl\u00e1dnu\u0165 kr\u00edzov\u00fa situ\u00e1ciu a zn\u00ed\u017ei\u0165 riziko ohrozenia nakazen\u00edm koronav\u00edrusom. Nie v\u0161etko dok\u00e1\u017eeme vyjadri\u0165 v pokynoch a odporu\u010deniach. Apelujeme na Va\u0161u zodpovednos\u0165 a na to, \u017ee budete robi\u0165 spr\u00e1vne rozhodnutia v prospech ochrany zdravia \u013eud\u00ed.<\/p>\n\n\n\n<p>Pre v\u0161etk\u00fdch n\u00e1s je to \u0165a\u017ek\u00e1 situ\u00e1cia. Chceme v\u00e1s povzbudi\u0165 k vytrvalosti, trpezlivosti, k st\u00e1losti na modlitb\u00e1ch, k aktivit\u00e1m, ktor\u00e9 v r\u00e1mci dan\u00fdch mo\u017enost\u00ed pom\u00e1haj\u00fa budova\u0165 vz\u0165ahy, pom\u00e1haj\u00fa prekon\u00e1va\u0165 \u0165a\u017ekosti najm\u00e4 t\u00fdm najn\u00fadznej\u0161\u00edm. Pros\u00edme, aby ste sa neprest\u00e1vali pastora\u010dne zauj\u00edma\u0165 o t\u00fdch, ktor\u00ed v\u00e1m boli zveren\u00ed. Nech aj z tejto sk\u00fa\u0161ky vyjdeme zocelen\u00ed vo viere a nech je aj n\u00e1\u0161 postoj na Bo\u017eiu sl\u00e1vu.<\/p>\n\n\n\n<p><strong>\u201eVese\u013ete sa v n\u00e1deji, v s\u00fa\u017een\u00ed bu\u010fte trpezliv\u00ed, v modlitbe vytrval\u00ed.\u201c R\u00edmskym 12, 12<\/strong><\/p>\n\n\n\n<p>Zbor biskupov<\/p>\n\n\n\n<p>V Bratislave, 8. apr\u00edla 2020<\/p>\n","protected":false},"excerpt":{"rendered":"<p>Usmernenia pred Ve\u013ekou nocou 08.04.20 Zbor biskupov ECAV na Slovenskiu Spravodajstvo Bratia a sestry, v r\u00e1mci opatren\u00ed proti \u0161\u00edreniu koronav\u00edrusu prijali verejn\u00e9 autority \u010fal\u0161ie opatrenia, ktor\u00e9 s\u00fa aj pre n\u00e1s z\u00e1v\u00e4zn\u00e9. Ich s\u00fa\u010das\u0165ou je aj aktu\u00e1lne Usmernenie hlavn\u00e9ho hygienika Slovenskej republiky ku konaniu bohoslu\u017eieb a otvoreniu kostolov, ktor\u00e9 sme obdr\u017eali d\u0148a 7.4.2020. Jeho text si &#8230; <a title=\"Usmernenia Zboru biskupov pred Ve\u013ekou nocou 2020\" class=\"read-more\" href=\"https:\/\/www.e-anjelik.sk\/index.php\/2020\/04\/08\/usmernenia-zboru-biskupov-pred-velkou-nocou-2020\/\" aria-label=\"Pre\u010d\u00edtajte si viac o Usmernenia Zboru biskupov pred Ve\u013ekou nocou 2020\">\u010c\u00edta\u0165 viac<\/a><\/p>\n","protected":false},"author":4,"featured_media":0,"comment_status":"open","ping_status":"open","sticky":false,"template":"","format":"standard","meta":{"footnotes":""},"categories":[53,77,78],"tags":[],"class_list":["post-33512","post","type-post","status-publish","format-standard","hentry","category-post","category-velka-noc","category-zbor-biskupov-ecav"],"_links":{"self":[{"href":"https:\/\/www.e-anjelik.sk\/index.php\/wp-json\/wp\/v2\/posts\/33512","targetHints":{"allow":["GET"]}}],"collection":[{"href":"https:\/\/www.e-anjelik.sk\/index.php\/wp-json\/wp\/v2\/posts"}],"about":[{"href":"https:\/\/www.e-anjelik.sk\/index.php\/wp-json\/wp\/v2\/types\/post"}],"author":[{"embeddable":true,"href":"https:\/\/www.e-anjelik.sk\/index.php\/wp-json\/wp\/v2\/users\/4"}],"replies":[{"embeddable":true,"href":"https:\/\/www.e-anjelik.sk\/index.php\/wp-json\/wp\/v2\/comments?post=33512"}],"version-history":[{"count":1,"href":"https:\/\/www.e-anjelik.sk\/index.php\/wp-json\/wp\/v2\/posts\/33512\/revisions"}],"predecessor-version":[{"id":33513,"href":"https:\/\/www.e-anjelik.sk\/index.php\/wp-json\/wp\/v2\/posts\/33512\/revisions\/33513"}],"wp:attachment":[{"href":"https:\/\/www.e-anjelik.sk\/index.php\/wp-json\/wp\/v2\/media?parent=33512"}],"wp:term":[{"taxonomy":"category","embeddable":true,"href":"https:\/\/www.e-anjelik.sk\/index.php\/wp-json\/wp\/v2\/categories?post=33512"},{"taxonomy":"post_tag","embeddable":true,"href":"https:\/\/www.e-anjelik.sk\/index.php\/wp-json\/wp\/v2\/tags?post=33512"}],"curies":[{"name":"wp","href":"https:\/\/api.w.org\/{rel}","templated":true}]}}