{"id":33514,"date":"2020-04-08T22:02:29","date_gmt":"2020-04-08T20:02:29","guid":{"rendered":"http:\/\/e-anjelik.sk\/?p=33514"},"modified":"2020-04-09T11:37:58","modified_gmt":"2020-04-09T09:37:58","slug":"stretnutie-predsedu-vlady-a-predstavitelov-cirkvi","status":"publish","type":"post","link":"https:\/\/www.e-anjelik.sk\/index.php\/2020\/04\/08\/stretnutie-predsedu-vlady-a-predstavitelov-cirkvi\/","title":{"rendered":"Stretnutie predsedu vl\u00e1dy a predstavite\u013eov cirkvi"},"content":{"rendered":"\n<figure class=\"wp-block-image\"><a href=\"https:\/\/www.ecav.sk\/rails\/active_storage\/blobs\/eyJfcmFpbHMiOnsibWVzc2FnZSI6IkJBaHBBcStMIiwiZXhwIjpudWxsLCJwdXIiOiJibG9iX2lkIn19--d4e236841e30a65f028e1c8f807dc9e7e7f9f216\/BSC01010.jpg\"><img decoding=\"async\" src=\"https:\/\/www.ecav.sk\/rails\/active_storage\/representations\/eyJfcmFpbHMiOnsibWVzc2FnZSI6IkJBaHBBcStMIiwiZXhwIjpudWxsLCJwdXIiOiJibG9iX2lkIn19--d4e236841e30a65f028e1c8f807dc9e7e7f9f216\/eyJfcmFpbHMiOnsibWVzc2FnZSI6IkJBaDdCam9MY21WemFYcGxTU0lJT1RBd0Jqb0dSVlE9IiwiZXhwIjpudWxsLCJwdXIiOiJ2YXJpYXRpb24ifX0=--f83398908a42570f1be2d2870fc3e62f317d893b\/BSC01010.jpg\" alt=\"Stretnutie predsedu vl\u00e1dy a predstavite\u013eov cirkv\u00ed\"\/><\/a><\/figure>\n\n\n\n<ul class=\"wp-block-list\"><li><\/li><li><\/li><li><a href=\"https:\/\/www.ecav.sk\/aktuality\/spravodajstvo\"><\/a><\/li><\/ul>\n\n\n\n<p>Predseda vl\u00e1dy Igor Matovi\u010d prijal predsedu Konferencie biskupov Slovenska, bratislavsk\u00e9ho arcibiskupa-metropolitu Stanislava Zvolensk\u00e9ho a gener\u00e1lneho biskupa Evanjelickej cirkvi augsbursk\u00e9ho vyznania, predsedu Ekumenickej rady cirkv\u00ed Ivana E\u013eka. Na stretnut\u00ed sa z\u00fa\u010dastnila aj ministerka kult\u00fary Nat\u00e1lia Milanov\u00e1.<\/p>\n\n\n\n<p>Na tla\u010dovej konferencii, ktor\u00e1 sa konala v z\u00e1hrade \u00daradu vl\u00e1dy, po\u010fakoval premi\u00e9r Matovi\u010d za prijatie pozvania, za spolupr\u00e1cu a re\u0161pektovanie v\u0161etk\u00fdch nariaden\u00ed, ktor\u00e9 s\u00fa pre v\u0161etk\u00fdch ve\u013emi obmedzuj\u00face. Vyjadril n\u00e1dej, \u017ee aj napriek tomu, \u017ee ve\u013ekono\u010dn\u00e9 sviatky str\u00e1vime vo svojich dom\u00e1cnostiach, budeme m\u00f4c\u0165 osobne pre\u017ei\u0165 ich zmysel a posolstvo.<\/p>\n\n\n\n<p>Mons. Zvolensk\u00fd uviedol, \u017ee katol\u00edcka cirkev re\u0161pektuje rozhodnutia vl\u00e1dy a uvedomuje si, \u017ee pre ochranu zdravia a \u017eivota je nevyhnutn\u00e9. Hoci s boles\u0165ou vn\u00edma, \u017ee sa nem\u00f4\u017eu kona\u0165 verejn\u00e9 bohoslu\u017eby.<\/p>\n\n\n\n<p>Gener\u00e1lny biskup Ivan E\u013eko zd\u00f4raznil, \u017ee vedenie cirkvi aj veriaci akceptuj\u00fa nariadenia \u0161t\u00e1tnych autor\u00edt a spoliehaj\u00fa sa na ich erudovanos\u0165. Spomenul, \u017ee aj biskupi evanjelickej cirkvi sa vo svojich usmerneniach pre duchovn\u00fdch odvol\u00e1vaj\u00fa na nariadenia hlavn\u00e9ho hygienika a ostatn\u00fdch autor\u00edt. Vo svojom pr\u00edhovore upriamil pozornos\u0165 aj na to dobr\u00e9, \u010do v obdob\u00ed koronav\u00edrusu vzniklo alebo za\u010dalo. Pr\u00e1ve toto by sme si mali zachova\u0165 aj do \u010fal\u0161\u00edch dn\u00ed po pand\u00e9mii. &nbsp;Pre Evanjelick\u00fa cirkev je v tomto obdob\u00ed charakteristick\u00e9 roz\u0161\u00edrenie p\u00f4sobenia do internetov\u00e9ho priestoru. Iniciat\u00edvy existovali aj doteraz, ale v posledn\u00fdch d\u0148och sa rozvinuli do \u0161irokej rieky hodnotn\u00fdch a kvalitn\u00fdch obsahov na str\u00e1nkach na\u0161ich cirkevn\u00fdch zborov. Internet a soci\u00e1lne posolstvo ovl\u00e1dli \u0161ikovn\u00ed far\u00e1ri a far\u00e1rky, ale aj laick\u00ed pracovn\u00edci, na ktor\u00fdch je gener\u00e1lny biskup hrd\u00fd a ktor\u00fdm patr\u00ed za ich snahu a aktivitu ve\u013ek\u00e1 v\u010faka. Ver\u00ed, \u017ee tento trend aktivity v ONLINE priestore bude pokra\u010dova\u0165 aj po pand\u00e9mii.<\/p>\n\n\n\n<p>Biskupi sa po\u010das n\u00e1v\u0161tevy zastavili aj v priestoroch p\u00f4sobenia kr\u00edzov\u00e9ho \u0161t\u00e1bu. V\u0161etk\u00fdm pr\u00edtomn\u00fdm po\u010fakovali, vyslovili im svoje uznanie aj modlitebn\u00fa podporu.<\/p>\n\n\n\n<p>Premi\u00e9r informoval, \u017ee v tejto chv\u00edli nevie stanovi\u0165 term\u00edn, kedy sa bud\u00fa op\u00e4\u0165 sl\u00e1vi\u0165 verejn\u00e9 bohoslu\u017eby. Obaja predstavitelia cirkv\u00ed toto stanovisko re\u0161pektovali a op\u00e4\u0165 potvrdili re\u0161pektovanie \u0161t\u00e1tnych nariaden\u00ed.<\/p>\n\n\n\n<p><strong>Gal\u00e9ria k \u010dl\u00e1nku<\/strong><\/p>\n\n\n\n<p>Tla\u010dov\u00fd odbor \u00daradu vl\u00e1dy SR<br><\/p>\n","protected":false},"excerpt":{"rendered":"<p>Predseda vl\u00e1dy Igor Matovi\u010d prijal predsedu Konferencie biskupov Slovenska, bratislavsk\u00e9ho arcibiskupa-metropolitu Stanislava Zvolensk\u00e9ho a gener\u00e1lneho biskupa Evanjelickej cirkvi augsbursk\u00e9ho vyznania, predsedu Ekumenickej rady cirkv\u00ed Ivana E\u013eka. Na stretnut\u00ed sa z\u00fa\u010dastnila aj ministerka kult\u00fary Nat\u00e1lia Milanov\u00e1. Na tla\u010dovej konferencii, ktor\u00e1 sa konala v z\u00e1hrade \u00daradu vl\u00e1dy, po\u010fakoval premi\u00e9r Matovi\u010d za prijatie pozvania, za spolupr\u00e1cu a re\u0161pektovanie &#8230; <a title=\"Stretnutie predsedu vl\u00e1dy a predstavite\u013eov cirkvi\" class=\"read-more\" href=\"https:\/\/www.e-anjelik.sk\/index.php\/2020\/04\/08\/stretnutie-predsedu-vlady-a-predstavitelov-cirkvi\/\" aria-label=\"Pre\u010d\u00edtajte si viac o Stretnutie predsedu vl\u00e1dy a predstavite\u013eov cirkvi\">\u010c\u00edta\u0165 viac<\/a><\/p>\n","protected":false},"author":4,"featured_media":0,"comment_status":"open","ping_status":"open","sticky":false,"template":"","format":"standard","meta":{"footnotes":""},"categories":[193,2,73,177,368,53,77,37],"tags":[],"class_list":["post-33514","post","type-post","status-publish","format-standard","hentry","category-co-pisu-ini","category-ekumena","category-ecav","category-gbu","category-politika","category-post","category-velka-noc","category-zivot-v-cirkvi"],"_links":{"self":[{"href":"https:\/\/www.e-anjelik.sk\/index.php\/wp-json\/wp\/v2\/posts\/33514","targetHints":{"allow":["GET"]}}],"collection":[{"href":"https:\/\/www.e-anjelik.sk\/index.php\/wp-json\/wp\/v2\/posts"}],"about":[{"href":"https:\/\/www.e-anjelik.sk\/index.php\/wp-json\/wp\/v2\/types\/post"}],"author":[{"embeddable":true,"href":"https:\/\/www.e-anjelik.sk\/index.php\/wp-json\/wp\/v2\/users\/4"}],"replies":[{"embeddable":true,"href":"https:\/\/www.e-anjelik.sk\/index.php\/wp-json\/wp\/v2\/comments?post=33514"}],"version-history":[{"count":2,"href":"https:\/\/www.e-anjelik.sk\/index.php\/wp-json\/wp\/v2\/posts\/33514\/revisions"}],"predecessor-version":[{"id":33516,"href":"https:\/\/www.e-anjelik.sk\/index.php\/wp-json\/wp\/v2\/posts\/33514\/revisions\/33516"}],"wp:attachment":[{"href":"https:\/\/www.e-anjelik.sk\/index.php\/wp-json\/wp\/v2\/media?parent=33514"}],"wp:term":[{"taxonomy":"category","embeddable":true,"href":"https:\/\/www.e-anjelik.sk\/index.php\/wp-json\/wp\/v2\/categories?post=33514"},{"taxonomy":"post_tag","embeddable":true,"href":"https:\/\/www.e-anjelik.sk\/index.php\/wp-json\/wp\/v2\/tags?post=33514"}],"curies":[{"name":"wp","href":"https:\/\/api.w.org\/{rel}","templated":true}]}}