{"id":33533,"date":"2020-12-09T23:29:00","date_gmt":"2020-12-09T22:29:00","guid":{"rendered":"http:\/\/e-anjelik.sk\/?p=33533"},"modified":"2024-07-05T12:15:54","modified_gmt":"2024-07-05T10:15:54","slug":"v-com-spociva-pozehnanie-panovej-vecere","status":"publish","type":"post","link":"https:\/\/www.e-anjelik.sk\/index.php\/2020\/12\/09\/v-com-spociva-pozehnanie-panovej-vecere\/","title":{"rendered":"V \u010dom spo\u010d\u00edva po\u017eehnanie P\u00e1novej ve\u010dere?"},"content":{"rendered":"\n<p>&nbsp; &nbsp; &nbsp; &nbsp; &nbsp; &nbsp; &nbsp; &nbsp; <strong>&nbsp; V \u010dom spo\u010d\u00edva po\u017eehnanie P\u00e1novej ve\u010dere?<\/strong><\/p>\n\n\n\n<p><em>\u00d3, zosta\u0148 s nami, Pane,<\/em><\/p>\n\n\n\n<p><em>h\u013ea, de\u0148 sa ve\u010der\u00ed,<\/em><\/p>\n\n\n\n<p><em>a uchr\u00e1\u0148 nevery!<\/em><\/p>\n\n\n\n<p><em>\u00d3, zosta\u0148 s nami, Pane,<\/em><\/p>\n\n\n\n<p><em>zvl\u00e1\u0161\u0165 v tento v\u00e1\u017eny \u010das,<\/em><\/p>\n\n\n\n<p><em>posil\u0148, utu\u017e ducha\u2026<\/em><\/p>\n\n\n\n<p><em>a niekdy vern\u00fdch spas! Amen (M.R.)<\/em><\/p>\n\n\n\n<p><strong>1 Kor 1, 22 &#8211; 31:<\/strong><\/p>\n\n\n\n<p><em>\u201cLebo aj \u017didia znamenia \u017eiadaj\u00fa, aj Gr\u00e9ci m\u00fadros\u0165 h\u013eadaj\u00fa, (23) my v\u0161ak k\u00e1\u017eeme ukri\u017eovan\u00e9ho Krista, &#8211; \u017didom pohor\u0161enie s\u00edce, pohanom bl\u00e1znovstvo, (24) ale povolan\u00fdm, aj \u017didom aj Gr\u00e9kom, Krista, Bo\u017eiu moc a Bo\u017eiu m\u00fadros\u0165. (25) Ve\u010f Bo\u017eie bl\u00e1znovstvo je m\u00fadrej\u0161ie ako \u013eudia a Bo\u017eia slabos\u0165 silnej\u0161ia ako \u013eudia. (26) Pozrite len svoje povolanie, bratia! Nie mnoh\u00ed ste m\u00fadri pod\u013ea tela, nie mnoh\u00ed mocn\u00ed, nie mnoh\u00ed urodzen\u00ed, (27) ale \u010do je svetu bl\u00e1zniv\u00e9, vyvolil si Boh, aby mocn\u00fdch zahanbil; (28) \u010do je svetu neurodzen\u00e9&nbsp; a opovrhnut\u00e9, vyvolil si Boh, a \u010doho niet, vyvolil si, aby zni\u010dil to, \u010do je, (29) aby sa nikto nechv\u00e1lil pred Bohom. (30) Z Neho aj vy ste v Kristu Je\u017ei\u0161i, ktor\u00e9ho n\u00e1m Boh u\u010dinil m\u00fadros\u0165ou a spravodlivos\u0165ou a posv\u00e4ten\u00edm a vyk\u00fapen\u00edm, (31) aby platilo, \u010do je nap\u00edsan\u00e9: Kto sa chv\u00e1li, nech sa chv\u00e1li v P\u00e1nu.\u201d Amen<\/em><\/p>\n\n\n\n<p><strong>&nbsp; <\/strong>&nbsp; &nbsp; &nbsp; &nbsp; &nbsp; &nbsp; &nbsp; Bratia a sestry v P\u00e1novi!<\/p>\n\n\n\n<p>&nbsp; &nbsp; Dve noci v \u017eivote P\u00e1na Je\u017ei\u0161a s\u00fa pre n\u00e1s kres\u0165anov zvl\u00e1\u0161\u0165 v\u00fdznamn\u00e9 a pam\u00e4tn\u00e9. Noc Jeho narodenia &#8211; noc svetla (Vianoce), ke\u010f n\u00e1m Ho Otec dal poslal v \u013eudskom tele. A potom je tu t\u00e1 druh\u00e1 noc, <em>\u201cnoc ke\u010f bol zraden\u00fd\u201d<\/em> a ke\u010f sa s\u00e1m pon\u00fakol u\u010den\u00edkom v podobe chleba a v\u00edna, pri ustanoven\u00ed Jeho sv\u00e4tej ve\u010dere.<\/p>\n\n\n\n<p>&nbsp; &nbsp; T\u00fa prv\u00fa noc oslavujeme ok\u00e1zale v chr\u00e1moch i pri rodinn\u00fdch \u0161tedrove\u010dern\u00fdch stoloch. Vtedy sl\u00e1vi s nami aj okolit\u00fd svet.&nbsp;<\/p>\n\n\n\n<p>&nbsp; &nbsp; T\u00fa druh\u00fa noc sl\u00e1vime v dne\u0161n\u00fd ve\u010der Zelen\u00e9ho \u0161tvrtka. Prepojenie t\u00fdchto ve\u010derov, \u010di noc\u00ed nie je v zelenej farbe: tam viano\u010dn\u00e9ho strom\u010deka, tu v zelenej farbe hork\u00fdch byl\u00edn (\u201czeleniny\u201d), ale sk\u00f4r v samotnom slove: st\u00f4l.&nbsp;<\/p>\n\n\n\n<p>&nbsp;&nbsp; &nbsp; Ten sl\u00e1vnostn\u00fd \u0161tedrove\u010dern\u00fd st\u00f4l s obl\u00e1tkou a medom je upozornen\u00edm na Toho, ktor\u00fd sa narodil v Dome chleba a o sebe povedal: <em>\u201cJa som chlieb \u017eivota, kto m\u0148a je, nikdy nebude la\u010dnie\u0165\u201d. <\/em>Med upozor\u0148uje na predobraz neba &#8211; <em>\u201ckrajinu opl\u00fdvaj\u00facu miekom a medom\u201d.<\/em> Pri tomto stole sa s rados\u0165ou zhroma\u017e\u010fuje oby\u010dajne cel\u00e1 pokrvn\u00e1 rodina. Vtedy chceme by\u0165 v\u0161etci doma\u2026<\/p>\n\n\n\n<p>&nbsp; &nbsp; Pri prestretom stole na Zelen\u00fd \u0161tvrtok sa tie\u017e zhroma\u017e\u010fuje rodina. Nie jedna &#8211; \u010di dve, ale mnoh\u00e9. Toti\u017e rodina duchovn\u00e1, rodina Bo\u017e\u00edch det\u00ed. To, \u010do je podobn\u00e9, to je rados\u0165 a n\u00e1dej prameniaca z prestret\u00e9ho stola, ktor\u00fd pre n\u00e1s pripravil a \u201cprestrel\u201d s\u00e1m P\u00e1n Je\u017ei\u0161. Poz\u00fdva n\u00e1s k hodu Bar\u00e1nka, ktor\u00fdm je On s\u00e1m, ktor\u00fd s\u0148al hriechy sveta. V duchu prij\u00edmame slov\u00e1 Jeho zas\u013e\u00fabenia, slov\u00e1 Jeho testamentu: <em>\u201cToto je moje telo, ktor\u00e9 sa v\u00e1s vyd\u00e1va\u2026a tento kalich je krv novej zmluvy, ktor\u00e1 sa vylieva za v\u00e1s\u201d. <\/em>Kto \u00faprimne ver\u00ed t\u00fdmto slov\u00e1m, m\u00e1 z nich prav\u00fd \u00fa\u017eitok, toti\u017e odpustenie hriechov a n\u00e1dej na nov\u00fd \u017eivot, ktor\u00fd je darom Bar\u00e1nka Bo\u017eieho, Krista,&nbsp; &nbsp;<\/p>\n\n\n\n<p>&nbsp; &nbsp; <strong>Pravda, v tomto roku, vzh\u013eadom na pand\u00e9miu <\/strong>roz\u0161iruj\u00faceho sa koronav\u00edrusu sme spojen\u00ed len duchovne, bez priamej \u00fa\u010dasti na jednom chlebe a jednom kalichu. Sme doma &#8211; ale sk\u00f4r nechcene. Tohtoro\u010dn\u00fd Zelen\u00fd \u0161tvrtok sv\u00e4t\u00edme \u201cv duchu a v pravde\u201d. Ale aj toto duchovn\u00e9 spolo\u010denstvo je darom P\u00e1nov\u00fdm a posil\u0148uje na\u0161u obapoln\u00fa vieru. Aj v takomto spolo\u010denstve viery a t\u00fa\u017eby je Kristus P\u00e1n pr\u00edtomn\u00fd. A nepochybne aj takto, pri \u010d\u00edtan\u00ed a po\u010d\u00favan\u00ed Bo\u017eieho slova &#8211; po vz\u00e1jomnej dohode v na\u0161ej cirkvi i s \u010fal\u0161\u00edmi cirkvmi, m\u00e1 dne\u0161n\u00fd sviatok svoje zvl\u00e1\u0161tne \u010daro a osobitos\u0165. A azda aj svoje \u201ck\u00fazlo\u201d, preto\u017ee smieme pre\u017ei\u0165 tajomstvo viery, \u017ee spolu s nami sl\u00e1vi Krista P\u00e1na aj cirkev nevidite\u013en\u00e1, osl\u00e1ven\u00e1 v nebesiach. &nbsp;<\/p>\n\n\n\n<p>&nbsp;&nbsp; &nbsp; &nbsp; \u010eal\u0161ie odpovede n\u00e1m d\u00e1va slovo apo\u0161tola Pavla, ktor\u00fd v liste korintsk\u00fdm kres\u0165anom zd\u00f4raz\u0148uje, \u017ee vo svojom svedectve pod\u00e1va to, \u010do s\u00e1m <em>\u201cprijal od P\u00e1na v t\u00fa noc, ke\u010f bol zraden\u00fd\u201d. ( 1 Kor 11, 23)<\/em><\/p>\n\n\n\n<p>On s\u00e1m nebol pri ustanoven\u00ed P\u00e1nej ve\u010dere osobne pr\u00edtomn\u00fd. Preto to, \u010do vedel a veril bola spolo\u010dn\u00e1 viera cirkvi od po\u010diatku. Aj svedectvo ostatn\u00fdch apo\u0161tolov prijal s rovnakou d\u00f4verou ako slovo Kristovo z neba.&nbsp;<\/p>\n\n\n\n<p>&nbsp; &nbsp; Tak\u00fato d\u00f4veru potrebujeme aj my. Uvedomujeme si, \u017ee s\u00e1m P\u00e1n n\u00e1s poz\u00fdva do spolo\u010dentva so sebou. Nikoho nen\u00fati pr\u00eds\u0165 k sebe, ale hovor\u00ed znovu a znovu to, \u010do povedal pred poslednou pasch\u00e1lnou ve\u010derou u\u010den\u00edkom: <em>\u201cT\u00fa\u017eobne som si \u017eiadal jes\u0165 s vami tohto ve\u013ekono\u010dn\u00e9ho bar\u00e1nka, prv ako by som trpel\u201d\u2026(Lk 22, 15)&nbsp;<\/em><\/p>\n\n\n\n<p>Pri P\u00e1novm stole si uvedomujeme, \u017ee On je Ten, ktor\u00fd trpel nie za svoje hriechy, ale bol ukri\u017eovan\u00fd za n\u00e1s a na\u0161e hriechy\u201d. Pre n\u00e1s je to v\u0161ak radostn\u00e1 zves\u0165. Boh v Je\u017ei\u0161ovi n\u00e1s h\u013ead\u00e1 a poz\u00fdva k sebe, aby n\u00e1m milostivo odpustil hriechy pre trpiaceho Krista P\u00e1na.<\/p>\n\n\n\n<p>Tak\u00e1to je cesta sp\u00e1sy, hovor\u00ed apo\u0161tol Pavel. Preto v cirkvi <em>\u201ck\u00e1\u017eeme ukri\u017eovan\u00e9ho Krista &#8211; pre \u017didov pohor\u0161enie a pohanom bl\u00e1znovstvo, ale povolan\u00fdm, aj \u017didom aj Gr\u00e9kom\u201d<\/em> ona prin\u00e1\u0161a spasenie. Pre Krista s\u00fa n\u00e1m odpusten\u00e9 hriechy a tak m\u00e1me \u00fa\u010das\u0165 na Jeho ve\u010dnom \u017eivote. Ve\u010dera P\u00e1nova je zves\u0165ou o vykupite\u013eskej smrti &#8211; <em>\u201cdokia\u013e nepr\u00edde\u201d<\/em>. Je svedectvom Jeho l\u00e1sky k n\u00e1m. Jeho druh\u00fd pr\u00edchod nie je pre n\u00e1s hrozbou, ale radostnou n\u00e1dejou na ve\u010dn\u00e9 spolo\u010denstvo vyk\u00fapen\u00fdch v nebesiach.<\/p>\n\n\n\n<p>&nbsp;&nbsp; &nbsp; P\u00e1n Je\u017ei\u0161 je v\u0161ak u\u017e dnes medzi nami a pln\u00ed svoje zas\u013e\u00fabenie: <em>\u201dKde sa dvaja, alebo traja z\u00eddu v mojom mene, tam som ja uprostred nich\u201d.<\/em> A na inom mieste o po\u017eehnan\u00ed vojej sv\u00e4tej Ve\u010dere povedal: <em>\u201dKto je moje telo a pije moju krv, m\u00e1 ve\u010dn\u00fd \u017eivot\u201d<\/em>.&nbsp;<\/p>\n\n\n\n<p>Tieto i \u010fal\u0161ie Jeho zas\u013e\u00fabenia n\u00e1m d\u00e1vaj\u00fa silu k \u017eivotu v l\u00e1ske, tam kde sme, kde \u017eijeme a kde sa m\u00e1me dok\u00e1za\u0165 ako vyk\u00fapen\u00e9 Bo\u017eie deti. Apo\u0161tol Pavel t\u00fato na\u0161u nov\u00fa hodnotu v Bo\u017e\u00edch o\u010diach pripom\u00edna takto:<em> \u201c\u010co je svetu svetu slab\u00e9, vyvolil si Boh, aby mocn\u00fdch zahanbil; \u010do je svetu neurodzen\u00e9 a opovrhnut\u00e9, vyvolil si Boh, a \u010doho niet, vyvolil si, aby zni\u010dil to, \u010do je\u201d. <\/em>T\u00fdm je nazna\u010den\u00e1 cesta k n\u00e1\u0161mu duchovn\u00e9mu i telesn\u00e9mu uzdraveniu i k obnoveniu cirkvi.<\/p>\n\n\n\n<p>&nbsp;&nbsp; Na\u0161a chv\u00e1la a dobrore\u010denie patr\u00ed aj dnes P\u00e1nu Bohu a n\u00e1\u0161mu Spasite\u013eovi. Nemus\u00edme sa chv\u00e1li\u0165 na\u0161imi skutkami pred \u013eu\u010fmi, ani pred P\u00e1nom Bohom. Smieme \u017ei\u0165 z milosti Bo\u017eej, pon\u00faknutej a darovanej n\u00e1m v Jeho Synovi. <em>\u201cZ Neho aj vy ste v Kristu Je\u017ei\u0161i, ktor\u00e9ho n\u00e1m Boh u\u010dinil m\u00fadros\u0165ou a spravodlivos\u0165ou a posv\u00e4ten\u00edm a vyk\u00fapen\u00edm\u201d. <\/em>Smieme \u017ei\u0165 v Jeho pokoji, v Jeho radosti a l\u00e1ske. Toto v\u0161etko n\u00e1m d\u00e1va duchovn\u00e9 spolo\u010denstvo so \u017eiv\u00fdm Kristom P\u00e1nom.&nbsp; Amen<\/p>\n\n\n\n<p>&nbsp;&nbsp; &nbsp; Zelen\u00fd \u0161tvrtok&nbsp; &#8211; Ve\u010dera P\u00e1nova &#8211; 2020&nbsp; &nbsp; \u013dubom\u00edr Batka st.&nbsp;<\/p>\n","protected":false},"excerpt":{"rendered":"<p>&nbsp; &nbsp; &nbsp; &nbsp; &nbsp; &nbsp; &nbsp; &nbsp; &nbsp; V \u010dom spo\u010d\u00edva po\u017eehnanie P\u00e1novej ve\u010dere? \u00d3, zosta\u0148 s nami, Pane, h\u013ea, de\u0148 sa ve\u010der\u00ed, a uchr\u00e1\u0148 nevery! \u00d3, zosta\u0148 s nami, Pane, zvl\u00e1\u0161\u0165 v tento v\u00e1\u017eny \u010das, posil\u0148, utu\u017e ducha\u2026 a niekdy vern\u00fdch spas! Amen (M.R.) 1 Kor 1, 22 &#8211; 31: \u201cLebo aj \u017didia &#8230; <a title=\"V \u010dom spo\u010d\u00edva po\u017eehnanie P\u00e1novej ve\u010dere?\" class=\"read-more\" href=\"https:\/\/www.e-anjelik.sk\/index.php\/2020\/12\/09\/v-com-spociva-pozehnanie-panovej-vecere\/\" aria-label=\"Pre\u010d\u00edtajte si viac o V \u010dom spo\u010d\u00edva po\u017eehnanie P\u00e1novej ve\u010dere?\">\u010c\u00edta\u0165 viac<\/a><\/p>\n","protected":false},"author":4,"featured_media":0,"comment_status":"open","ping_status":"open","sticky":false,"template":"","format":"standard","meta":{"footnotes":""},"categories":[53,541],"tags":[],"class_list":["post-33533","post","type-post","status-publish","format-standard","hentry","category-post","category-zeleny-stvrtok-post"],"_links":{"self":[{"href":"https:\/\/www.e-anjelik.sk\/index.php\/wp-json\/wp\/v2\/posts\/33533","targetHints":{"allow":["GET"]}}],"collection":[{"href":"https:\/\/www.e-anjelik.sk\/index.php\/wp-json\/wp\/v2\/posts"}],"about":[{"href":"https:\/\/www.e-anjelik.sk\/index.php\/wp-json\/wp\/v2\/types\/post"}],"author":[{"embeddable":true,"href":"https:\/\/www.e-anjelik.sk\/index.php\/wp-json\/wp\/v2\/users\/4"}],"replies":[{"embeddable":true,"href":"https:\/\/www.e-anjelik.sk\/index.php\/wp-json\/wp\/v2\/comments?post=33533"}],"version-history":[{"count":2,"href":"https:\/\/www.e-anjelik.sk\/index.php\/wp-json\/wp\/v2\/posts\/33533\/revisions"}],"predecessor-version":[{"id":37020,"href":"https:\/\/www.e-anjelik.sk\/index.php\/wp-json\/wp\/v2\/posts\/33533\/revisions\/37020"}],"wp:attachment":[{"href":"https:\/\/www.e-anjelik.sk\/index.php\/wp-json\/wp\/v2\/media?parent=33533"}],"wp:term":[{"taxonomy":"category","embeddable":true,"href":"https:\/\/www.e-anjelik.sk\/index.php\/wp-json\/wp\/v2\/categories?post=33533"},{"taxonomy":"post_tag","embeddable":true,"href":"https:\/\/www.e-anjelik.sk\/index.php\/wp-json\/wp\/v2\/tags?post=33533"}],"curies":[{"name":"wp","href":"https:\/\/api.w.org\/{rel}","templated":true}]}}