{"id":33546,"date":"2020-04-11T00:00:55","date_gmt":"2020-04-10T22:00:55","guid":{"rendered":"http:\/\/e-anjelik.sk\/?p=33546"},"modified":"2020-04-11T00:00:55","modified_gmt":"2020-04-10T22:00:55","slug":"sobotna-priprava-na-den-d","status":"publish","type":"post","link":"https:\/\/www.e-anjelik.sk\/index.php\/2020\/04\/11\/sobotna-priprava-na-den-d\/","title":{"rendered":"Sobotn\u00e1 pr\u00edprava na de\u0148 &#8222;D&#8220;"},"content":{"rendered":"\n<p><em>&nbsp; &nbsp; &nbsp; &nbsp; &nbsp; &nbsp; &nbsp; &nbsp; &nbsp; &nbsp; &nbsp; <\/em><strong>Sobotn\u00e1 pr\u00edprava na de\u0148 \u201cD\u201d<\/strong><\/p>\n\n\n\n<p><em>Pros\u00edme vr\u00facne, Kriste mil\u00fd,<\/em><\/p>\n\n\n\n<p><em>daj by sme k Tvojej sl\u00e1ve \u017eili!<\/em><\/p>\n\n\n\n<p><em>Ve\u010f draho k\u00fapen\u00ed sme, vieme &#8211;<\/em><\/p>\n\n\n\n<p><em>Za to Ti vr\u00facne \u010fakujeme!<\/em><\/p>\n\n\n\n<p><em>Za n\u00e1s krv tiekla Tvoja \u010dist\u00e1,<\/em><\/p>\n\n\n\n<p><em>Kr\u00ed\u017e Tvoj n\u00e1m sp\u00e1sou dozaista!<\/em><\/p>\n\n\n\n<p><em>Sme tvoji, drah\u00fd Kriste Pane &#8211;<\/em><\/p>\n\n\n\n<p><em>V tebe n\u00e1m kynie po\u017eehnanie! Amen (M.R.)<\/em><\/p>\n\n\n\n<p><strong>L 23, 55 &#8211; 56:<\/strong><\/p>\n\n\n\n<p><em>\u201c\u017deny, ktor\u00e9 Ho nasledovali a pri\u0161li s N\u00edm z Galiley, d\u00edvali sa na hrob a na to, ako bolo ulo\u017een\u00e9J eho telo. (56) Potom sa vr\u00e1tili a pripravili vonn\u00e9 veci a masti. Ale v sobotu, pod\u013ea prik\u00e1zania, odpo\u010d\u00edvali. \u201c Amen<\/em><\/p>\n\n\n\n<p>&nbsp;&nbsp; Bratia a sestry v P\u00e1novi!&nbsp;<\/p>\n\n\n\n<p><strong>&nbsp;&nbsp; <\/strong>Po udalostiach Ve\u013ek\u00e9ho piatku nastalo v Jeruzaleme iba zdanliv\u00e9 ut\u00ed\u0161enie. Poprav\u010dia \u010data vykonala svoju \u201crobotu\u201d, ale v\u00fdrok r\u00edmskeho stotn\u00edka hlodal v mysliach r\u00edmskych vojakov \u010falej. <em>( L 23, 47).<\/em> \u017didovsk\u00e1 ve\u013erada mala svoju mimoriadnu poradu a \u201ckr\u00edzov\u00fd \u0161t\u00e1b\u201d rozhodol, \u017ee hrob Je\u017ei\u0161a z Nazaretu treba str\u00e1\u017ei\u0165 a\u017e do tretieho d\u0148a. Pil\u00e1t veril viac vojakovi, ktor\u00fd prepichol Je\u017ei\u0161ovi bok a podal o tom hl\u00e1senie a \u017eiados\u0165 \u017didov str\u00e1\u017ei\u0165 hrob stroho zamietol: <em>\u201dM\u00e1te str\u00e1\u017e, cho\u010fte a str\u00e1\u017ete,ako viete\u201d. (Mt 27,65)<\/em> Niektor\u00ed exeg\u00e9ti myslia, \u017ee \u017didia dostali k dispoz\u00edcii r\u00edmskych vojakov. Str\u00e1\u017e, ktor\u00fa postavili k zape\u010daten\u00e9mu hrobu bola str\u00e1\u017e chr\u00e1mov\u00e1, lebo je nepredstavite\u013en\u00e9, aby okupovan\u00fd n\u00e1rod disponoval r\u00edmskymi vojakmi. Na druhej strane prokur\u00e1tor Pil\u00e1t ve\u013ekoryso vyhovel prosbe Jozefa z Arimatie a dovolil m\u0155tveho Je\u017ei\u0161a pochova\u0165. To Jozef aj urobil spolu s farizejom Nikod\u00e9mom a Je\u017ei\u0161a nielen s\u0148ali z kr\u00ed\u017ea, ale aj pochovali v Jozefovom novom skalnom hrobe. Nezabudli ani na vonn\u00e9 masti, ktor\u00e9 pribalili do pl\u00e1tna v ktorom bolo Je\u017ei\u0161ovo telo zavinut\u00e9. U\u010den\u00edci sa v\u0161ak rozp\u0155chli ako kurence pred jastrabom. Zbo\u017en\u00e9 \u017eeny v poslednej chv\u00edi pred ve\u013ek\u00fdm sobotn\u00fdm d\u0148om (sobotn\u00fd de\u0148 za\u010d\u00ednal s v\u00fdchodom prvej hviezdy) nak\u00fapili v r\u00fdchlosti \u010fal\u0161ie vo\u0148av\u00e9 masti, aby hne\u010f po sobote pomazali Majstrovo telo. Viac urobi\u0165 nestihli, preto <em>\u201codpo\u010d\u00edvali\u201d<\/em> a zrejme v tichosti sl\u00e1vili Paschu.<\/p>\n\n\n\n<p>&nbsp; &nbsp; &nbsp; K ich pokoju v\u0161ak neprispievali slov\u00e1 samotn\u00e9ho P\u00e1na, ktor\u00fd im vopred ozn\u00e1mil nielen svoju smr\u0165, ale aj nesl\u00fdchan\u00fa vec: <em>\u201cna tret\u00ed de\u0148 vstanem\u2026\u201d.<\/em> Ak si polo\u017e\u00edme ot\u00e1zku, \u010di verili Je\u017ei\u0161ov\u00fdm slov\u00e1m, odpove\u010f nie je jednozna\u010dn\u00e1. Verili vo vzkriesenie na konci vekov, ale neverili, \u017ee sa tak stane v pr\u00edpade ich milovan\u00e9ho U\u010dite\u013ea. Bola to odpove\u010f bl\u00edzka tej, ktor\u00fa vyslovil u\u010den\u00edk Peter: <em>\u201cVer\u00edm Pane, pom\u00f4\u017e mojej ned\u00f4vere!\u201d.<\/em> Nad skuto\u010dnou d\u00f4verou v P\u00e1nov s\u013eub prevl\u00e1dala \u013eudsk\u00e1 rozumov\u00e1 sk\u00fasenos\u0165 a preto si Je\u017ei\u0161ovo vzkriesenie predstavi\u0165 nedok\u00e1zali.<\/p>\n\n\n\n<p>&nbsp;&nbsp; &nbsp; I\u0161lo o vieru, ktor\u00e1 sa podob\u00e1 viere aj mnoh\u00fdch dne\u0161n\u00fdch kres\u0165anov. Nie je to ateizmus a odmietanie Je\u017ei\u0161a ako Krista, ale pochybnos\u0165, ktor\u00e1 sa vkr\u00e1da do srdca slab\u00e9ho \u010dloveka. Pozn\u00e1vame ju na na\u0161ich pohreboch, ke\u010f do zeme uklad\u00e1me nemocou naru\u0161en\u00e9 telo bl\u00edzkeho a pritom vyzn\u00e1vame Vieru v\u0161eobecn\u00fa kres\u0165ansk\u00fa. Mo\u017enos\u0165 a ve\u013ekos\u0165 vzkriesenia m\u0155tveho tela si predstavi\u0165 rozumom nedok\u00e1\u017eeme, i ke\u010f sa nad n\u00edm skl\u00e1\u0148ame s ve\u013ekou \u00factou, l\u00e1skou a v\u010fakou. Je to viera podobn\u00e1 tej pr\u00edslove\u010dnej nevere Tom\u00e1\u0161ovej, ktor\u00fd potreboval tie\u017e barli\u010dku rozumu, aby sa \u0148u oprel a prijal zves\u0165 o vzkriesen\u00ed P\u00e1na.&nbsp;<\/p>\n\n\n\n<p>&nbsp;&nbsp; &nbsp; Pripom\u00edname si aj dnes, na Bielu sobotu tieto udalosti, ktor\u00e9 predch\u00e1dzali ve\u013ekono\u010dn\u00fa udalos\u0165, aby sme vyjadrili v\u010fa\u010dnos\u0165 v\u0161etk\u00fdm, ktor\u00ed tie chv\u00edle po smrti P\u00e1na Je\u017ei\u0161a a cestu k hrobov\u00e9mu odpo\u010dinku tela pre\u0161li pred nami. Preniesli t\u00fa ve\u013ek\u00fa \u0165archu strachu, bolesti a z\u00e1rmutku, spolu so srdcom pln\u00fdm v\u010faky aj za n\u00e1s. Pre\u0161li t\u00fdmto v\u0161etk\u00fdm pred nami sk\u00f4r, ako sa v ich srdciach za\u017eala zorni\u010dka skuto\u010dnej spasite\u013enej viery.<\/p>\n\n\n\n<p>&nbsp;&nbsp; Akoko\u013evek bol po\u010din r\u00edmskeho vojaka drastick\u00fd, ke\u010f prepichol Je\u017ei\u0161ovo srdce a vy\u0161la z neho krv a voda, je to pre n\u00e1s d\u00f4kaz, \u017ee P\u00e1n Je\u017ei\u0161 naozaj zomrel. \u017de sa nemohol prebra\u0165 z ag\u00f3nie&nbsp; \u201cv chladnom hrobe\u201d, ako niektor\u00ed \u0161peku\u013euj\u00fa. \u017didia kame\u0148 na hrobe zape\u010datili a postavili str\u00e1\u017e a tak nikto nemohol P\u00e1novo telo vzia\u0165, \u010di \u201cukradn\u00fa\u0165\u201d. Jeho telo spo\u010dinulo v hrobe a\u017e do tretieho d\u0148a, a\u017e do zm\u0155tvychvstania, ako to predpovedal. T\u00fdm sa naplnili aj viacer\u00e9 predpoved SZ svedkov, ktor\u00e9 dost\u00e1vaj\u00fa svoj prav\u00fd v\u00fdznam a zmysel pr\u00e1ve v s\u00favise s Bo\u017e\u00edm konan\u00edm v Kristovi, P\u00e1novi.&nbsp;<\/p>\n\n\n\n<p>&nbsp;&nbsp; To, \u010do sa dialo s du\u0161ou a duchom P\u00e1na Je\u017ei\u0161a, ktor\u00e9ho On vlo\u017eil do Otcov\u00fdch r\u00fak, je n\u00e1\u0161mu zraku skryt\u00e9. Predsa sa v\u0161ak k tomu vyjadrili Je\u017ei\u0161ovi u\u010den\u00edci, ktor\u00ed dostali o tom poznanie od Ducha Sv\u00e4t\u00e9ho. T\u00fdm prv\u00fdm svedectvom je hne\u010f prv\u00e1 Petrova re\u010d po zoslan\u00ed Ducha, ke\u010f sa spolu s jeden\u00e1stimi prihovoril \u017didom z r\u00f4znych k\u00fatov sveta. Spomenul kr\u00e1\u013ea D\u00e1vida ako proroka, ktor\u00e9mu P\u00e1n Boh zas\u013e\u00fabil, \u017ee <em>\u201cz jeho potomstva posad\u00ed na jeho tr\u00f3n, predvidel a predpovedal vzkriesenie Kristovo, \u017ee ani jeho du\u0161a nezostala v podsvet\u00ed, ani jeho telo nevidelo poru\u0161enie. Toho Je\u017ei\u0161a vzkriesil Boh a my v\u0161eti sme svedkami toho\u201d. (Sk 2, 30- 32) &nbsp;<\/em><\/p>\n\n\n\n<p><em>&nbsp; &nbsp; &nbsp; <\/em>Nielen Peter, ale aj ostatn\u00ed apo\u0161tolovia sved\u010dili od chv\u00edle zoslania Ducha Sv\u00e4t\u00e9ho o Je\u017ei\u0161ovom zost\u00fapen\u00ed do \u201cpekiel\u201d, \u010di\u017ee k zosnul\u00fdm, aby ozn\u00e1mil svoje v\u00ed\u0165aztvo nad br\u00e1nami smrti a z\u00e1hrobia t\u00fdm, ktor\u00ed od po\u010diatku o\u010dak\u00e1vali pr\u00edchod Mesi\u00e1\u0161a. To ist\u00e9 svedectvo hl\u00e1sal aj apo\u0161tol Pavel, ktor\u00fd sa pripojil k apo\u0161tolom a\u017e po svojom obr\u00e1ten\u00ed pri Dama\u0161ku. Preto kres\u0165anom do Efezu nap\u00edsal:&nbsp;<\/p>\n\n\n\n<p><em>\u201d\u010co in\u00e9ho znamen\u00e1 to: vst\u00fapil, ako \u017ee aj zost\u00fapil do do ni\u017e\u0161\u00edch \u010dast\u00ed zeme? Ten, \u010do zost\u00fapil, je Ten ist\u00fd, \u010do aj vyst\u00fapil nad v\u0161etky nebes\u00e1, aby naplnil v\u0161etko\u201d. ( Ef 4,9)<\/em><\/p>\n\n\n\n<p><em>&nbsp;&nbsp; <\/em>Biela sobota nie je teda d\u0148om oplak\u00e1vania m\u0155tveho tela P\u00e1na Je\u017ei\u0161a, ktor\u00e9 odpo\u010d\u00edvalo v hrobe, ale je pr\u00edpravou na op\u00e4tovn\u00fa radostn\u00fa oslavu Jeho vzkriesenia v tret\u00ed de\u0148, so v\u0161etk\u00fdmi veriacimi. Je aj dobrore\u010den\u00edm za to, \u017ee sme<em> \u201cjeho chudobou aj my zbohatli\u201d<\/em> a \u010fakovan\u00edm za to, \u017ee Kristus P\u00e1n <em>\u201cseba sam\u00e9ho vydal za n\u00e1s, dar a obe\u0165 Bohu pr\u00edjemnej v\u00f4ne\u201d. (Ef 5, 2)<\/em> Amen<\/p>\n\n\n\n<p>&nbsp;&nbsp; &nbsp; &nbsp; Biela sobota 2020 &nbsp; &nbsp; &nbsp; &nbsp; &nbsp; &nbsp; &nbsp; &nbsp; &nbsp; &nbsp; &nbsp; &nbsp; &nbsp; \u013dubom\u00edr Batka st. &nbsp; &nbsp; &nbsp; &nbsp; &nbsp; &nbsp; &nbsp; &nbsp;<\/p>\n","protected":false},"excerpt":{"rendered":"<p>&nbsp; &nbsp; &nbsp; &nbsp; &nbsp; &nbsp; &nbsp; &nbsp; &nbsp; &nbsp; &nbsp; Sobotn\u00e1 pr\u00edprava na de\u0148 \u201cD\u201d Pros\u00edme vr\u00facne, Kriste mil\u00fd, daj by sme k Tvojej sl\u00e1ve \u017eili! Ve\u010f draho k\u00fapen\u00ed sme, vieme &#8211; Za to Ti vr\u00facne \u010fakujeme! Za n\u00e1s krv tiekla Tvoja \u010dist\u00e1, Kr\u00ed\u017e Tvoj n\u00e1m sp\u00e1sou dozaista! Sme tvoji, drah\u00fd Kriste Pane &#8211; &#8230; <a title=\"Sobotn\u00e1 pr\u00edprava na de\u0148 &#8222;D&#8220;\" class=\"read-more\" href=\"https:\/\/www.e-anjelik.sk\/index.php\/2020\/04\/11\/sobotna-priprava-na-den-d\/\" aria-label=\"Pre\u010d\u00edtajte si viac o Sobotn\u00e1 pr\u00edprava na de\u0148 &#8222;D&#8220;\">\u010c\u00edta\u0165 viac<\/a><\/p>\n","protected":false},"author":4,"featured_media":0,"comment_status":"open","ping_status":"open","sticky":false,"template":"","format":"standard","meta":{"footnotes":""},"categories":[83,121,77],"tags":[],"class_list":["post-33546","post","type-post","status-publish","format-standard","hentry","category-biela-sobota","category-kazne","category-velka-noc"],"_links":{"self":[{"href":"https:\/\/www.e-anjelik.sk\/index.php\/wp-json\/wp\/v2\/posts\/33546","targetHints":{"allow":["GET"]}}],"collection":[{"href":"https:\/\/www.e-anjelik.sk\/index.php\/wp-json\/wp\/v2\/posts"}],"about":[{"href":"https:\/\/www.e-anjelik.sk\/index.php\/wp-json\/wp\/v2\/types\/post"}],"author":[{"embeddable":true,"href":"https:\/\/www.e-anjelik.sk\/index.php\/wp-json\/wp\/v2\/users\/4"}],"replies":[{"embeddable":true,"href":"https:\/\/www.e-anjelik.sk\/index.php\/wp-json\/wp\/v2\/comments?post=33546"}],"version-history":[{"count":1,"href":"https:\/\/www.e-anjelik.sk\/index.php\/wp-json\/wp\/v2\/posts\/33546\/revisions"}],"predecessor-version":[{"id":33547,"href":"https:\/\/www.e-anjelik.sk\/index.php\/wp-json\/wp\/v2\/posts\/33546\/revisions\/33547"}],"wp:attachment":[{"href":"https:\/\/www.e-anjelik.sk\/index.php\/wp-json\/wp\/v2\/media?parent=33546"}],"wp:term":[{"taxonomy":"category","embeddable":true,"href":"https:\/\/www.e-anjelik.sk\/index.php\/wp-json\/wp\/v2\/categories?post=33546"},{"taxonomy":"post_tag","embeddable":true,"href":"https:\/\/www.e-anjelik.sk\/index.php\/wp-json\/wp\/v2\/tags?post=33546"}],"curies":[{"name":"wp","href":"https:\/\/api.w.org\/{rel}","templated":true}]}}