{"id":33582,"date":"2020-04-17T12:11:42","date_gmt":"2020-04-17T10:11:42","guid":{"rendered":"http:\/\/e-anjelik.sk\/?p=33582"},"modified":"2020-04-21T14:00:07","modified_gmt":"2020-04-21T12:00:07","slug":"ked-zasada-gp-ecav-treba","status":"publish","type":"post","link":"https:\/\/www.e-anjelik.sk\/index.php\/2020\/04\/17\/ked-zasada-gp-ecav-treba\/","title":{"rendered":"Ke\u010f zasad\u00e1 GP ECAV &#8230;"},"content":{"rendered":"\n<p class=\"wp-block-paragraph\">V\u00fdpis uznesen\u00ed \u010d. 2\/2020<\/p>\n\n\n\n<p class=\"wp-block-paragraph\">zo zasadnutia gener\u00e1lneho presbyterstva d\u0148a 8.4.2020,<br>konan\u00e9ho prostredn\u00edctvom online videokonferencie,<br>pod veden\u00edm gener\u00e1lneho biskupa Ivana E\u013eka a gener\u00e1lneho dozorcu J\u00e1na Brozmana<\/p>\n\n\n\n<p class=\"wp-block-paragraph\">Pr\u00edtomn\u00ed: 14 s hlasovac\u00edm pr\u00e1vom; hostia s hlasom poradn\u00fdm 1; zapisovate\u013e 1;Ospravedlnen\u00ed:&nbsp;&#8211;<\/p>\n\n\n\n<p class=\"wp-block-paragraph\">Uznesenie \u010d. 33-2\/2020<br>Gener\u00e1lne presbyterstvo schva\u013euje z\u00e1pisnicu z GP 1\/2020 s pripomienkami.<\/p>\n\n\n\n<p class=\"wp-block-paragraph\">Uznesenie \u010d. 34-2\/2020<br>Gener\u00e1lne presbyterstvo ECAV na Slovensku:<br>a, berie na vedomie, \u017ee stretnutie kres\u0165anov v Grazi sa nebude kona\u0165.<br>b, \u017eiada di\u0161triktu\u00e1lne presbyterstv\u00e1 VD a ZD, aby stiahli svoje \u017eiadosti o podporu na cestu na stretnutie v Grazi.<\/p>\n\n\n\n<p class=\"wp-block-paragraph\">Uznesenie \u010d. 35-2\/2020<br>Gener\u00e1lne presbyterstvo ECAV na Slovensku poveruje br. Bun\u010d\u00e1ka predlo\u017ei\u0165 n\u00e1vrh zlo\u017eenia pracovnej skupiny, ktor\u00e1 bude poveren\u00e1 spracovan\u00edm n\u00e1vrhu \u00fapravy pr\u00edslu\u0161n\u00fdch cirkevnopr\u00e1vnych predpisov so z\u00e1merom:<br>&#8211; zru\u0161i\u0165 osobitn\u00fd sen\u00e1t gener\u00e1lneho s\u00fadu ECAV na Slovensku<br>&#8211; zveri\u0165 synode rie\u0161enie rozporov medzi jednotliv\u00fdmi pr\u00e1vnym \u00fapravami na z\u00e1klade podnetov<br>&#8211; cirkevn\u00fdch s\u00fadov a odpor\u00fa\u010dan\u00ed pr\u00e1vneho v\u00fdboru<br>&#8211; zru\u0161i\u0165 di\u0161triktu\u00e1lne s\u00fady<br>&#8211; zriadi\u0165 celocirkevn\u00fd s\u00fad na prvom stupni so s\u00eddlom na GB\u00da v Bratislave<br>&#8211; zachova\u0165 gener\u00e1lny s\u00fad ECAV ako odvolac\u00ed \u2013 druhostup\u0148ov\u00fd<br>&#8211; od\u0148a\u0165 disciplin\u00e1rne konania org\u00e1nom COJ<br>&#8211; zveri\u0165 pr\u00edslu\u0161nos\u0165 pri disciplin\u00e1rnych konaniach v\u00fdlu\u010dne cirkevn\u00fdm s\u00fadom<br>&#8211; vykona\u0165 h\u013abkov\u00fa aktualiz\u00e1ciu z\u00e1kona o cirkevn\u00fdch s\u00fadoch a z\u00e1kona o konan\u00ed na cirkevn\u00fdch s\u00fadoch<br>&#8211; rozdeli\u0165 disciplin\u00e1rne previnenia na viac a menej z\u00e1va\u017en\u00e9<br>&#8211; spresni\u0165 katal\u00f3g disciplin\u00e1rnych previnen\u00ed a zabr\u00e1ni\u0165 jeho svojvo\u013en\u00e9mu roz\u0161irovaniu<br>&#8211; zveri\u0165 pr\u00edslu\u0161nos\u0165 pri disciplin\u00e1rnom konan\u00ed proti \u010dlenovi jedn\u00e9ho di\u0161triktu na prejedn\u00e1vanie sen\u00e1tu zlo\u017een\u00e9mu v\u00fdlu\u010dne zo sudcov druh\u00e9ho di\u0161triktu<br>&#8211; zveri\u0165 pr\u00edslu\u0161nos\u0165 v pr\u00edpade \u017ealoby (disciplin\u00e1rneho konania) proti \u010dlenovi s\u00fadu na prejedn\u00e1vanie sen\u00e1tu zlo\u017een\u00e9mu zo sudcov z druh\u00e9ho di\u0161triktu, ne\u017e z ktor\u00e9ho poch\u00e1dza obvinen\u00fd<\/p>\n\n\n\n<p class=\"wp-block-paragraph\">Uznesenie \u010d.36-2\/2020<br>Gener\u00e1lne presbyterstvo berie na vedomie plnenie uznesen\u00ed GP zo d\u0148a 31.1.2020 s pripomienkami.<\/p>\n\n\n\n<p class=\"wp-block-paragraph\">Uznesenie \u010d.37-2\/2020<br>Gener\u00e1lne presbyterstvo ECAV na Slovensku odpor\u00fa\u010da schv\u00e1li\u0165 podporu zo zdrojov Projektkatal\u00f3gu Gustav Adolf Werk 2021 na projekt CZ Modra\u2013Kr\u00e1\u013eov\u00e1: \u201eObnova strechy<\/p>\n\n\n\n<p class=\"wp-block-paragraph\">kostola\u201c vo v\u00fd\u0161ke 15.000 \u20ac.<\/p>\n\n\n\n<p class=\"wp-block-paragraph\">Uznesenie \u010d.38-2\/2020<br>Gener\u00e1lne presbyterstvo odro\u010duje materi\u00e1l, t\u00fdkaj\u00faci sa doplnenia \u017eiadost\u00ed o zahrani\u010dn\u00fa pomoc, na nasleduj\u00face rokovanie GP.<\/p>\n\n\n\n<p class=\"wp-block-paragraph\">Uznesenie \u010d.39-2\/2020<br>Gener\u00e1lne presbyterstvo schva\u013euje predlo\u017een\u00e9 n\u00e1vrhy zml\u00fav s pripomienkami a poveruje Predsedn\u00edctvo ECAV uzavrie\u0165:<br>a, Zmluvu o spolupr\u00e1ci s Evanjelickou diakoniou ECAV na Slovensku<br>b, Zmluvu o spolupr\u00e1ci s Ekumenickou radou cirkv\u00ed na Slovensku<br>c, Zmluvu o spolupr\u00e1ci s V\u00fdchodn\u00fdm di\u0161triktom ECAV na Slovensku<br>d, Zmluvu o spolupr\u00e1ci so Z\u00e1padn\u00fdm di\u0161triktom ECAV na Slovensku<\/p>\n\n\n\n<p class=\"wp-block-paragraph\">Uznesenie \u010d. 40-2\/2020<br>Gener\u00e1lne presbyterstvo v nadv\u00e4znosti na uznesenie 9e-1\/2019 uklad\u00e1 ved\u00facemu \u00daA ECAV pripravi\u0165 vyra\u010fovacie konanie p\u00edsomnej agendy ECAV do roku 2006.<\/p>\n\n\n\n<p class=\"wp-block-paragraph\">Uznesenie \u010d. 41-2\/2020<br>Gener\u00e1lne presbyterstvo ECAV na Slovensku:<br>a, uvedomuj\u00fac si skuto\u010dnos\u0165, \u017ee nie je v jeho kompetencii ru\u0161i\u0165 alebo pos\u00fava\u0165 z\u00e1konn\u00e9 lehoty dan\u00e9 z\u00e1konmi a \u00fastavou ECAV, zauj\u00edma nasledovn\u00e9 stanovisko: Lehoty dan\u00e9 z\u00e1konmi vo veci volieb po\u010das mimoriadnej situ\u00e1cie v SR neplyn\u00fa.<br>b, odpor\u00fa\u010da po\u010das mimoriadnej situ\u00e1cie v s\u00favislosti s COVID \u2013 19 organizova\u0165 rokovania nevyhnutn\u00fdch zasadnut\u00ed presbyterstiev online, pri zachovan\u00ed rokovacieho poriadku cirkvi.<\/p>\n\n\n\n<p class=\"wp-block-paragraph\">Uznesenie \u010d. 42-2\/2020<br>Gener\u00e1lne presbyterstvo ECAV na Slovensku rozhodlo prelo\u017ei\u0165 term\u00edn konania Synody 2020 z 19.-20.6.2020 na 16.-17.10.2020.<\/p>\n","protected":false},"excerpt":{"rendered":"<p>V\u00fdpis uznesen\u00ed \u010d. 2\/2020 zo zasadnutia gener\u00e1lneho presbyterstva d\u0148a 8.4.2020,konan\u00e9ho prostredn\u00edctvom online videokonferencie,pod veden\u00edm gener\u00e1lneho biskupa Ivana E\u013eka a gener\u00e1lneho dozorcu J\u00e1na Brozmana Pr\u00edtomn\u00ed: 14 s hlasovac\u00edm pr\u00e1vom; hostia s hlasom poradn\u00fdm 1; zapisovate\u013e 1;Ospravedlnen\u00ed:&nbsp;&#8211; Uznesenie \u010d. 33-2\/2020Gener\u00e1lne presbyterstvo schva\u013euje z\u00e1pisnicu z GP 1\/2020 s pripomienkami. Uznesenie \u010d. 34-2\/2020Gener\u00e1lne presbyterstvo ECAV na Slovensku:a, berie na &#8230; <a title=\"Ke\u010f zasad\u00e1 GP ECAV &#8230;\" class=\"read-more\" href=\"https:\/\/www.e-anjelik.sk\/index.php\/2020\/04\/17\/ked-zasada-gp-ecav-treba\/\" aria-label=\"Pre\u010d\u00edtajte si viac o Ke\u010f zasad\u00e1 GP ECAV &#8230;\">\u010c\u00edta\u0165 viac<\/a><\/p>\n","protected":false},"author":4,"featured_media":0,"comment_status":"open","ping_status":"open","sticky":false,"template":"","format":"standard","meta":{"footnotes":""},"categories":[510,177,104],"tags":[],"class_list":["post-33582","post","type-post","status-publish","format-standard","hentry","category-cu-a-cpp-ecav","category-gbu","category-synoda"],"_links":{"self":[{"href":"https:\/\/www.e-anjelik.sk\/index.php\/wp-json\/wp\/v2\/posts\/33582","targetHints":{"allow":["GET"]}}],"collection":[{"href":"https:\/\/www.e-anjelik.sk\/index.php\/wp-json\/wp\/v2\/posts"}],"about":[{"href":"https:\/\/www.e-anjelik.sk\/index.php\/wp-json\/wp\/v2\/types\/post"}],"author":[{"embeddable":true,"href":"https:\/\/www.e-anjelik.sk\/index.php\/wp-json\/wp\/v2\/users\/4"}],"replies":[{"embeddable":true,"href":"https:\/\/www.e-anjelik.sk\/index.php\/wp-json\/wp\/v2\/comments?post=33582"}],"version-history":[{"count":2,"href":"https:\/\/www.e-anjelik.sk\/index.php\/wp-json\/wp\/v2\/posts\/33582\/revisions"}],"predecessor-version":[{"id":33590,"href":"https:\/\/www.e-anjelik.sk\/index.php\/wp-json\/wp\/v2\/posts\/33582\/revisions\/33590"}],"wp:attachment":[{"href":"https:\/\/www.e-anjelik.sk\/index.php\/wp-json\/wp\/v2\/media?parent=33582"}],"wp:term":[{"taxonomy":"category","embeddable":true,"href":"https:\/\/www.e-anjelik.sk\/index.php\/wp-json\/wp\/v2\/categories?post=33582"},{"taxonomy":"post_tag","embeddable":true,"href":"https:\/\/www.e-anjelik.sk\/index.php\/wp-json\/wp\/v2\/tags?post=33582"}],"curies":[{"name":"wp","href":"https:\/\/api.w.org\/{rel}","templated":true}]}}