{"id":3362,"date":"2011-02-05T08:13:39","date_gmt":"2011-02-05T08:13:39","guid":{"rendered":"http:\/\/e-anjelik.sk\/?p=3362"},"modified":"2011-02-05T08:13:39","modified_gmt":"2011-02-05T08:13:39","slug":"vrcholne-stretnutie-biskupov-troch-historickych-cirkvi-v-madarsku","status":"publish","type":"post","link":"https:\/\/www.e-anjelik.sk\/index.php\/2011\/02\/05\/vrcholne-stretnutie-biskupov-troch-historickych-cirkvi-v-madarsku\/","title":{"rendered":"Vrcholn\u00e9 stretnutie biskupov troch historick\u00fdch cirkv\u00ed v Ma\u010farsku"},"content":{"rendered":"<p>4. febru&aacute;ra 2011 sa v Budape&scaron;ti v &uacute;stred&iacute; Evanjelickej cirkvi Ma\u010farska konalo stretnutie biskupov troch historick&yacute;ch cirkv&iacute;: r&iacute;mskokatol&iacute;ckej , reformovanej a evanjelickej. Za Katol&iacute;cku konferenciu biskupov Ma\u010farska boli pr&iacute;tomn&iacute; dvaja arcibiskupi, jeden biskup a jej tajomn&iacute;k.&nbsp; Reformovan&uacute; cirkev Ma\u010farska zastupovali &scaron;tyria jej biskupi a Evanjelick&uacute; cirkev Ma\u010farska traja biskupi. Predmetom rokovania boli vz\u0165ahy vz&aacute;jomnej spolupr&aacute;ce, ot&aacute;zky vz\u0165ahu cirkv&iacute; a &scaron;t&aacute;tu, ot&aacute;zky financovania cirkv&iacute;, rie&scaron;enie vyu\u010dovania n&aacute;bo\u017eenstva na &scaron;kol&aacute;ch, vz\u0165ah cirkv&iacute; k m&eacute;di&aacute;m a pr&iacute;pravy osl&aacute;v Jubilea Reform&aacute;cie v r. 2017.<\/p>\n<p>(<a href=\"http:\/\/www.evangelikus.hu\">www.evangelikus.hu<\/a>)<\/p>\n","protected":false},"excerpt":{"rendered":"<p>4. febru&aacute;ra 2011 sa v Budape&scaron;ti v &uacute;stred&iacute; Evanjelickej cirkvi Ma\u010farska konalo stretnutie biskupov troch historick&yacute;ch cirkv&iacute;: r&iacute;mskokatol&iacute;ckej , reformovanej a evanjelickej. Za Katol&iacute;cku konferenciu biskupov Ma\u010farska boli pr&iacute;tomn&iacute; dvaja arcibiskupi, jeden biskup a jej tajomn&iacute;k.&nbsp; Reformovan&uacute; cirkev Ma\u010farska zastupovali &scaron;tyria jej biskupi a Evanjelick&uacute; cirkev Ma\u010farska traja biskupi. Predmetom rokovania boli vz\u0165ahy vz&aacute;jomnej spolupr&aacute;ce, &#8230; <a title=\"Vrcholn\u00e9 stretnutie biskupov troch historick\u00fdch cirkv\u00ed v Ma\u010farsku\" class=\"read-more\" href=\"https:\/\/www.e-anjelik.sk\/index.php\/2011\/02\/05\/vrcholne-stretnutie-biskupov-troch-historickych-cirkvi-v-madarsku\/\" aria-label=\"Pre\u010d\u00edtajte si viac o Vrcholn\u00e9 stretnutie biskupov troch historick\u00fdch cirkv\u00ed v Ma\u010farsku\">\u010c\u00edta\u0165 viac<\/a><\/p>\n","protected":false},"author":22,"featured_media":0,"comment_status":"open","ping_status":"open","sticky":false,"template":"","format":"standard","meta":{"footnotes":""},"categories":[2],"tags":[],"class_list":["post-3362","post","type-post","status-publish","format-standard","hentry","category-ekumena"],"_links":{"self":[{"href":"https:\/\/www.e-anjelik.sk\/index.php\/wp-json\/wp\/v2\/posts\/3362","targetHints":{"allow":["GET"]}}],"collection":[{"href":"https:\/\/www.e-anjelik.sk\/index.php\/wp-json\/wp\/v2\/posts"}],"about":[{"href":"https:\/\/www.e-anjelik.sk\/index.php\/wp-json\/wp\/v2\/types\/post"}],"author":[{"embeddable":true,"href":"https:\/\/www.e-anjelik.sk\/index.php\/wp-json\/wp\/v2\/users\/22"}],"replies":[{"embeddable":true,"href":"https:\/\/www.e-anjelik.sk\/index.php\/wp-json\/wp\/v2\/comments?post=3362"}],"version-history":[{"count":0,"href":"https:\/\/www.e-anjelik.sk\/index.php\/wp-json\/wp\/v2\/posts\/3362\/revisions"}],"wp:attachment":[{"href":"https:\/\/www.e-anjelik.sk\/index.php\/wp-json\/wp\/v2\/media?parent=3362"}],"wp:term":[{"taxonomy":"category","embeddable":true,"href":"https:\/\/www.e-anjelik.sk\/index.php\/wp-json\/wp\/v2\/categories?post=3362"},{"taxonomy":"post_tag","embeddable":true,"href":"https:\/\/www.e-anjelik.sk\/index.php\/wp-json\/wp\/v2\/tags?post=3362"}],"curies":[{"name":"wp","href":"https:\/\/api.w.org\/{rel}","templated":true}]}}