{"id":33629,"date":"2020-05-01T22:03:49","date_gmt":"2020-05-01T20:03:49","guid":{"rendered":"http:\/\/e-anjelik.sk\/?p=33629"},"modified":"2020-05-01T22:03:49","modified_gmt":"2020-05-01T20:03:49","slug":"v-tieni-vsemohuceho","status":"publish","type":"post","link":"https:\/\/www.e-anjelik.sk\/index.php\/2020\/05\/01\/v-tieni-vsemohuceho\/","title":{"rendered":"V tieni V\u0161emoh\u00faceho"},"content":{"rendered":"\n<p> <em>&#8222;Hospodin je m\u00f4j pastier, nebudem ma\u0165 nedostatku.&#8220;<\/em> \u017d 23,1 <\/p>\n\n\n\n<p>Mision\u00e1r J. Hudson Taylor nap\u00edsal tieto riadky: \u201eNaozaj je Hospodin na\u0161im pastierom. Jeho m\u00fadros\u0165 je nekone\u010dn\u00e1 a pramene Jeho pomoci nevy\u010derpate\u013en\u00e9. Hoci n\u00e1s \u013eudsk\u00e1 bieda priv\u00e1dza \u010dasto do rozpakov, pre Neho v\u0161ak nie s\u00fa \u017eiadne nepredv\u00eddan\u00e9 prek\u00e1\u017eky, \u017eiadna pr\u00edli\u0161 \u0165a\u017ek\u00e1 situ\u00e1cia.\u201c<\/p>\n\n\n\n<p>Hospodin je m\u00f4j pastier. \u201eJe\u201c je\nmal\u00e9 slovko, ale ukazuje na ve\u010dn\u00e9 veky Bo\u017eiu nezmenite\u013en\u00fa pr\u00edtomnos\u0165.<\/p>\n\n\n\n<p>Hospodin je m\u00f4j pastier. Hoci ma\nmnoho oviec a&nbsp;potreby aj situ\u00e1cie v\u0161etk\u00fdch s\u00fa r\u00f4zneho druhu, predsa m\u00e1m k\nNemu osobn\u00fd vz\u0165ah a On ku mne. Jeho oko v\u017edy na mne spo\u010d\u00edva, dlie. Ni\u010d z&nbsp;t\u00fdch\nvec\u00ed, ktor\u00e9 sa ma dot\u00fdkaj\u00fa, nie s\u00fa Jemu cudz\u00edm alebo nezauj\u00edmav\u00fdm.<\/p>\n\n\n\n<p>Najne\u017enej\u0161ia matka, ktor\u00e1 pozoruje \u00fasmev\nsvojho die\u0165a\u0165a, nikdy nepomysl\u00ed na to, aby spo\u010d\u00edtala vl\u00e1sky svojmu mil\u00e1\u010dikovi;\nale v\u0161etky moje vlasy s\u00fa od Otca nebesk\u00e9ho spo\u010d\u00edtan\u00e9. Ani jedin\u00fd vrab\u010dek nepad\u00e1\nna zem, aby P\u00e1n o tom nevedel; On sa star\u00e1 o m\u0148a, preto\u017ee som Jeho drahou krvou\nvyk\u00fapen\u00fd.<\/p>\n\n\n\n<p>Hospodin je m\u00f4j pastier. T\u00fdmto mi je zaru\u010den\u00e9 pote\u0161enie a\u00a0zados\u0165u\u010dinenie v\u0161etk\u00fdch mojich potrieb a Jeho vodenie v ka\u017edej mo\u017enosti, z\u00e1le\u017eitosti, udalosti a stave. Je mi tie\u017e zaru\u010den\u00e1 aj Jeho ochrana, nie pred \u0165a\u017ekos\u0165ami, nebezpe\u010denstvom a z\u00e1rmutkom, ale ochrana v \u0165a\u017ekostiach, v\u00a0nebezpe\u010denstve a v z\u00e1rmutkoch. On je moja skr\u00fd\u0161a pred v\u0161etk\u00fdm zl\u00fdm. M\u00f4\u017eem s Jeho pomocou po\u010d\u00edta\u0165 v ka\u017edom \u010dase a na ka\u017edom mieste, lebo <em>\u201enedrieme veru ani nesp\u00ed ten, \u010do str\u00e1\u017ei Izrael&#8220;<\/em>. Ak\u00e9 je preto pravdiv\u00e9, prirodzen\u00e9, samozrejm\u00e9 ukon\u010denie t\u00fdmto slovom: <em>\u201enebudem ma\u0165 nedostatku.\u201c<\/em> Ni\u010d mi nebude ch\u00fdba\u0165, t. j. ni\u010d dobr\u00e9 mi nebude zadr\u017ean\u00e9.<\/p>\n\n\n\n<p>V tejto skvostnej skuto\u010dnosti m\u00f4\u017eeme\nv\u0161ak len tak spo\u010d\u00edva\u0165, ako ve\u013emi sa podd\u00e1me P\u00e1novi. Ke\u010f sa zver\u00edme cel\u00ed Jeho\nvedeniu a&nbsp;podrob\u00edme Jeho discipl\u00edne, z\u00e1konu, ak\u00e9 ist\u00e9 a sl\u00e1vne je na\u0161e postavenie!\nNikdy nebudeme opusten\u00ed, nikdy zahanben\u00ed. V dobe sucha zak\u00fasime hojnos\u0165 a pod\nveden\u00edm Ducha sv\u00e4t\u00e9ho sa u\u010d\u00edme vo v\u0161etk\u00fdch \u0165a\u017ekostiach vidie\u0165 jedine prostriedok\nzjavenej Bo\u017eej vernosti, l\u00e1sky a moci.<\/p>\n\n\n\n<p><em>\u201eO ni\u010d nebu\u010fte ustarosten\u00ed, ale vo v\u0161etkom s v\u010fakou predkladajte Bohu svoje \u017eiadosti vo v\u0161etk\u00fdch svojich modlitb\u00e1ch a prosb\u00e1ch. A pokoj Bo\u017e\u00ed, ktor\u00fd prevy\u0161uje ka\u017ed\u00fd rozum, bude chr\u00e1ni\u0165 va\u0161e srdcia a va\u0161e mysle v Kristovi Je\u017ei\u0161ovi.\u201c<\/em> F 4,6-7<\/p>\n\n\n\n<p>Pokoj V\u00e1m!!<\/p>\n","protected":false},"excerpt":{"rendered":"<p>&#8222;Hospodin je m\u00f4j pastier, nebudem ma\u0165 nedostatku.&#8220; \u017d 23,1 Mision\u00e1r J. Hudson Taylor nap\u00edsal tieto riadky: \u201eNaozaj je Hospodin na\u0161im pastierom. Jeho m\u00fadros\u0165 je nekone\u010dn\u00e1 a pramene Jeho pomoci nevy\u010derpate\u013en\u00e9. Hoci n\u00e1s \u013eudsk\u00e1 bieda priv\u00e1dza \u010dasto do rozpakov, pre Neho v\u0161ak nie s\u00fa \u017eiadne nepredv\u00eddan\u00e9 prek\u00e1\u017eky, \u017eiadna pr\u00edli\u0161 \u0165a\u017ek\u00e1 situ\u00e1cia.\u201c Hospodin je m\u00f4j pastier. \u201eJe\u201c &#8230; <a title=\"V tieni V\u0161emoh\u00faceho\" class=\"read-more\" href=\"https:\/\/www.e-anjelik.sk\/index.php\/2020\/05\/01\/v-tieni-vsemohuceho\/\" aria-label=\"Pre\u010d\u00edtajte si viac o V tieni V\u0161emoh\u00faceho\">\u010c\u00edta\u0165 viac<\/a><\/p>\n","protected":false},"author":3,"featured_media":0,"comment_status":"open","ping_status":"open","sticky":false,"template":"","format":"standard","meta":{"footnotes":""},"categories":[385],"tags":[],"class_list":["post-33629","post","type-post","status-publish","format-standard","hentry","category-nedele-po-velkej-noci"],"_links":{"self":[{"href":"https:\/\/www.e-anjelik.sk\/index.php\/wp-json\/wp\/v2\/posts\/33629","targetHints":{"allow":["GET"]}}],"collection":[{"href":"https:\/\/www.e-anjelik.sk\/index.php\/wp-json\/wp\/v2\/posts"}],"about":[{"href":"https:\/\/www.e-anjelik.sk\/index.php\/wp-json\/wp\/v2\/types\/post"}],"author":[{"embeddable":true,"href":"https:\/\/www.e-anjelik.sk\/index.php\/wp-json\/wp\/v2\/users\/3"}],"replies":[{"embeddable":true,"href":"https:\/\/www.e-anjelik.sk\/index.php\/wp-json\/wp\/v2\/comments?post=33629"}],"version-history":[{"count":4,"href":"https:\/\/www.e-anjelik.sk\/index.php\/wp-json\/wp\/v2\/posts\/33629\/revisions"}],"predecessor-version":[{"id":33633,"href":"https:\/\/www.e-anjelik.sk\/index.php\/wp-json\/wp\/v2\/posts\/33629\/revisions\/33633"}],"wp:attachment":[{"href":"https:\/\/www.e-anjelik.sk\/index.php\/wp-json\/wp\/v2\/media?parent=33629"}],"wp:term":[{"taxonomy":"category","embeddable":true,"href":"https:\/\/www.e-anjelik.sk\/index.php\/wp-json\/wp\/v2\/categories?post=33629"},{"taxonomy":"post_tag","embeddable":true,"href":"https:\/\/www.e-anjelik.sk\/index.php\/wp-json\/wp\/v2\/tags?post=33629"}],"curies":[{"name":"wp","href":"https:\/\/api.w.org\/{rel}","templated":true}]}}