{"id":33635,"date":"2020-05-04T22:34:44","date_gmt":"2020-05-04T20:34:44","guid":{"rendered":"http:\/\/e-anjelik.sk\/?p=33635"},"modified":"2020-05-04T22:34:44","modified_gmt":"2020-05-04T20:34:44","slug":"gen-biskup-i-elko-na-kosariskach-101-vyr-smrti-m-r-stefanika","status":"publish","type":"post","link":"https:\/\/www.e-anjelik.sk\/index.php\/2020\/05\/04\/gen-biskup-i-elko-na-kosariskach-101-vyr-smrti-m-r-stefanika\/","title":{"rendered":"Gen.biskup I.E\u013eko na Ko\u0161arisk\u00e1ch- 101.v\u00fdr.smrti M.R.\u0160tef\u00e1nika"},"content":{"rendered":"\n<h1 class=\"wp-block-heading\">V Ko\u0161arisk\u00e1ch si pripomen\u00fa 101. v\u00fdro\u010die smrti M. R. \u0160tef\u00e1nika aj s gen. biskupom<\/h1>\n\n\n\n<figure class=\"wp-block-image\"><a href=\"https:\/\/www.ecav.sk\/rails\/active_storage\/blobs\/eyJfcmFpbHMiOnsibWVzc2FnZSI6IkJBaHBBdWlNIiwiZXhwIjpudWxsLCJwdXIiOiJibG9iX2lkIn19--016e8afb33a19a6080f05955d7d17e809f550a42\/20200430_122504.jpg\"><img decoding=\"async\" src=\"https:\/\/www.ecav.sk\/rails\/active_storage\/representations\/eyJfcmFpbHMiOnsibWVzc2FnZSI6IkJBaHBBdWlNIiwiZXhwIjpudWxsLCJwdXIiOiJibG9iX2lkIn19--016e8afb33a19a6080f05955d7d17e809f550a42\/eyJfcmFpbHMiOnsibWVzc2FnZSI6IkJBaDdCam9MY21WemFYcGxTU0lJT1RBd0Jqb0dSVlE9IiwiZXhwIjpudWxsLCJwdXIiOiJ2YXJpYXRpb24ifX0=--f83398908a42570f1be2d2870fc3e62f317d893b\/20200430_122504.jpg\" alt=\"V Ko\u0161arisk\u00e1ch si pripomen\u00fa 101. v\u00fdro\u010die smrti M. R. \u0160tef\u00e1nika aj s gen. biskupom\"\/><\/a><\/figure>\n\n\n\n<ul class=\"wp-block-list\"><li>&nbsp;01.05.20<\/li><li>&nbsp;&nbsp;Zuzana Durcov\u00e1, zborov\u00e1 far\u00e1rka, CZ ECAV Ko\u0161arisk\u00e1 \u2212 Priepasn\u00e9<\/li><li>&nbsp;<a href=\"https:\/\/www.ecav.sk\/aktuality\/spravodajstvo\">&nbsp;Spravodajstvo<\/a><\/li><\/ul>\n\n\n\n<p>Gener\u00e1lny biskup Evanjelickej cirkvi a.v. na Slovensku Ivan E\u013eko spolo\u010dne s far\u00e1rmi cirkevn\u00fdch zborov Brezov\u00e1 pod Bradlom a Ko\u0161arisk\u00e1 \u2013 Priepasn\u00e9 si na slu\u017eb\u00e1ch Bo\u017e\u00edch 30. apr\u00edla 2020 v evanjelickom kostole v Ko\u0161arisk\u00e1ch pripomenuli 101. v\u00fdro\u010die tragickej smrti gener\u00e1la Milana Rastislava \u0160tef\u00e1nika. Slu\u017eby Bo\u017eie m\u00f4\u017eete sledova\u0165 prostredn\u00edctvom internetu v nede\u013eu 3. m\u00e1ja o 9:00 hod. na youtube kan\u00e1ly TV Brezov\u00e1:&nbsp;<a href=\"https:\/\/www.youtube.com\/watch?v=nLw-tbJU7ZM\" target=\"_blank\" rel=\"noreferrer noopener\">https:\/\/www.youtube.com\/watch?v=nLw-tbJU7ZM<\/a><\/p>\n\n\n\n \n\n\n\n<h4 class=\"wp-block-heading\">Gal\u00e9ria k \u010dl\u00e1nku<a href=\"https:\/\/www.ecav.sk\/rails\/active_storage\/blobs\/eyJfcmFpbHMiOnsibWVzc2FnZSI6IkJBaHBBdlNNIiwiZXhwIjpudWxsLCJwdXIiOiJibG9iX2lkIn19--97192680893b6440d93a167d8cd1e22162d0ea8c\/20200430_130311.jpg\"><\/a><\/h4>\n\n\n\n<ul class=\"wp-block-list\"><li><\/li><\/ul>\n\n\n\n<figure class=\"wp-block-image\"><a href=\"https:\/\/www.ecav.sk\/aktuality\/oznamy\/davame-vam-do-pozornosti-krizovu-linku-pomoci\"><img decoding=\"async\" src=\"https:\/\/www.ecav.sk\/rails\/active_storage\/representations\/eyJfcmFpbHMiOnsibWVzc2FnZSI6IkJBaHBBZzJOIiwiZXhwIjpudWxsLCJwdXIiOiJibG9iX2lkIn19--691958d406af2227d440e345f3a4d6f44cc859a3\/eyJfcmFpbHMiOnsibWVzc2FnZSI6IkJBaDdCam9VWTI5dFltbHVaVjl2Y0hScGIyNXpld2c2RG5Sb2RXMWlibUZwYkVraURURXdNSGd4TURCZUJqb0dSVlE2REdkeVlYWnBkSGxKSWd0alpXNTBaWElHT3dkVU9ndGxlSFJsYm5SSklnd3hNREI0TVRBd0Jqc0hWQT09IiwiZXhwIjpudWxsLCJwdXIiOiJ2YXJpYXRpb24ifX0=--93e6f0738b8faac2b3f05655710a24f2b8872908\/Screenshot_8.jpg\" alt=\"\"\/><\/a><\/figure>\n\n\n\n<h4 class=\"wp-block-heading\"><a href=\"https:\/\/www.ecav.sk\/aktuality\/oznamy\/davame-vam-do-pozornosti-krizovu-linku-pomoci\">D\u00e1vame v\u00e1m do pozornosti Kr\u00edzov\u00fa linku pomoci<\/a><\/h4>\n\n\n\n<ul class=\"wp-block-list\"><li><\/li><\/ul>\n\n\n\n<figure class=\"wp-block-image\"><a href=\"https:\/\/www.ecav.sk\/aktuality\/oznamy\/z-gbu\/konferencia-evs-posilnila-nasu-radost\"><img decoding=\"async\" src=\"https:\/\/www.ecav.sk\/rails\/active_storage\/representations\/eyJfcmFpbHMiOnsibWVzc2FnZSI6IkJBaHBBZ3VOIiwiZXhwIjpudWxsLCJwdXIiOiJibG9iX2lkIn19--17ea3568604d0c66f0d92394e6a028a59c0db17c\/eyJfcmFpbHMiOnsibWVzc2FnZSI6IkJBaDdCam9VWTI5dFltbHVaVjl2Y0hScGIyNXpld2c2RG5Sb2RXMWlibUZwYkVraURURXdNSGd4TURCZUJqb0dSVlE2REdkeVlYWnBkSGxKSWd0alpXNTBaWElHT3dkVU9ndGxlSFJsYm5SSklnd3hNREI0TVRBd0Jqc0hWQT09IiwiZXhwIjpudWxsLCJwdXIiOiJ2YXJpYXRpb24ifX0=--93e6f0738b8faac2b3f05655710a24f2b8872908\/Screenshot_6.jpg\" alt=\"\"\/><\/a><\/figure>\n\n\n\n<h4 class=\"wp-block-heading\"><a href=\"https:\/\/www.ecav.sk\/aktuality\/oznamy\/z-gbu\/konferencia-evs-posilnila-nasu-radost\">Konferencia EVS posilnila na\u0161u rados\u0165<\/a><\/h4>\n\n\n\n<ul class=\"wp-block-list\"><li><\/li><\/ul>\n\n\n\n<ul class=\"wp-block-list\"><li><\/li><\/ul>\n\n\n\n<h4 class=\"wp-block-heading\"><a href=\"https:\/\/www.ecav.sk\/povzbudenie\/zamyslenia\/nas-nepriatel\">N\u00c1\u0160 NEPRIATE\u013d<\/a><\/h4>\n\n\n\n<ul class=\"wp-block-list\"><li><\/li><\/ul>\n\n\n\n<figure class=\"wp-block-image\"><a href=\"https:\/\/www.ecav.sk\/povzbudenie\/inspirujme-sa\/vyzva-evanjelickej-diakonie-darujeme-cas\"><img decoding=\"async\" src=\"https:\/\/www.ecav.sk\/rails\/active_storage\/representations\/eyJfcmFpbHMiOnsibWVzc2FnZSI6IkJBaHBBZ0tOIiwiZXhwIjpudWxsLCJwdXIiOiJibG9iX2lkIn19--3f49bf310dab520746c77ba4c42cb13fdd35b06c\/eyJfcmFpbHMiOnsibWVzc2FnZSI6IkJBaDdCam9VWTI5dFltbHVaVjl2Y0hScGIyNXpld2c2RG5Sb2RXMWlibUZwYkVraURURXdNSGd4TURCZUJqb0dSVlE2REdkeVlYWnBkSGxKSWd0alpXNTBaWElHT3dkVU9ndGxlSFJsYm5SSklnd3hNREI0TVRBd0Jqc0hWQT09IiwiZXhwIjpudWxsLCJwdXIiOiJ2YXJpYXRpb24ifX0=--93e6f0738b8faac2b3f05655710a24f2b8872908\/Screenshot_11.jpg\" alt=\"\"\/><\/a><\/figure>\n\n\n\n<h4 class=\"wp-block-heading\"><a href=\"https:\/\/www.ecav.sk\/povzbudenie\/inspirujme-sa\/vyzva-evanjelickej-diakonie-darujeme-cas\">V\u00fdzva evanjelickej diakonie: Darujeme \u010das<\/a><\/h4>\n\n\n\n<ul class=\"wp-block-list\"><li><\/li><\/ul>\n\n\n\n<ul class=\"wp-block-list\"><li><\/li><\/ul>\n\n\n\n<ul class=\"wp-block-list\"><li><\/li><\/ul>\n\n\n\n<ul class=\"wp-block-list\"><li><\/li><\/ul>\n\n\n\n<figure class=\"wp-block-image\"><a href=\"https:\/\/www.ecav.sk\/povzbudenie\/zamyslenia\/deformacie-cirkvi\"><img decoding=\"async\" src=\"https:\/\/www.ecav.sk\/rails\/active_storage\/representations\/eyJfcmFpbHMiOnsibWVzc2FnZSI6IkJBaHBBdldNIiwiZXhwIjpudWxsLCJwdXIiOiJibG9iX2lkIn19--9227e2172854253a99cc05e2470cc2111180dca1\/eyJfcmFpbHMiOnsibWVzc2FnZSI6IkJBaDdCam9VWTI5dFltbHVaVjl2Y0hScGIyNXpld2c2RG5Sb2RXMWlibUZwYkVraURURXdNSGd4TURCZUJqb0dSVlE2REdkeVlYWnBkSGxKSWd0alpXNTBaWElHT3dkVU9ndGxlSFJsYm5SSklnd3hNREI0TVRBd0Jqc0hWQT09IiwiZXhwIjpudWxsLCJwdXIiOiJ2YXJpYXRpb24ifX0=--93e6f0738b8faac2b3f05655710a24f2b8872908\/Sefranko.jfif\" alt=\"\"\/><\/a><\/figure>\n\n\n\n<h4 class=\"wp-block-heading\"><a href=\"https:\/\/www.ecav.sk\/povzbudenie\/zamyslenia\/deformacie-cirkvi\">Deform\u00e1cie cirkvi<\/a><\/h4>\n\n\n\n<ul class=\"wp-block-list\"><li><\/li><\/ul>\n","protected":false},"excerpt":{"rendered":"<p>V Ko\u0161arisk\u00e1ch si pripomen\u00fa 101. v\u00fdro\u010die smrti M. R. \u0160tef\u00e1nika aj s gen. biskupom &nbsp;01.05.20 &nbsp;&nbsp;Zuzana Durcov\u00e1, zborov\u00e1 far\u00e1rka, CZ ECAV Ko\u0161arisk\u00e1 \u2212 Priepasn\u00e9 &nbsp;&nbsp;Spravodajstvo Gener\u00e1lny biskup Evanjelickej cirkvi a.v. na Slovensku Ivan E\u013eko spolo\u010dne s far\u00e1rmi cirkevn\u00fdch zborov Brezov\u00e1 pod Bradlom a Ko\u0161arisk\u00e1 \u2013 Priepasn\u00e9 si na slu\u017eb\u00e1ch Bo\u017e\u00edch 30. apr\u00edla 2020 v evanjelickom &#8230; <a title=\"Gen.biskup I.E\u013eko na Ko\u0161arisk\u00e1ch- 101.v\u00fdr.smrti M.R.\u0160tef\u00e1nika\" class=\"read-more\" href=\"https:\/\/www.e-anjelik.sk\/index.php\/2020\/05\/04\/gen-biskup-i-elko-na-kosariskach-101-vyr-smrti-m-r-stefanika\/\" aria-label=\"Pre\u010d\u00edtajte si viac o Gen.biskup I.E\u013eko na Ko\u0161arisk\u00e1ch- 101.v\u00fdr.smrti M.R.\u0160tef\u00e1nika\">\u010c\u00edta\u0165 viac<\/a><\/p>\n","protected":false},"author":4,"featured_media":0,"comment_status":"open","ping_status":"open","sticky":false,"template":"","format":"standard","meta":{"footnotes":""},"categories":[4,193,73,40,171,69],"tags":[],"class_list":["post-33635","post","type-post","status-publish","format-standard","hentry","category-akcie","category-co-pisu-ini","category-ecav","category-historia","category-kosariska-priepasne","category-spominame"],"_links":{"self":[{"href":"https:\/\/www.e-anjelik.sk\/index.php\/wp-json\/wp\/v2\/posts\/33635","targetHints":{"allow":["GET"]}}],"collection":[{"href":"https:\/\/www.e-anjelik.sk\/index.php\/wp-json\/wp\/v2\/posts"}],"about":[{"href":"https:\/\/www.e-anjelik.sk\/index.php\/wp-json\/wp\/v2\/types\/post"}],"author":[{"embeddable":true,"href":"https:\/\/www.e-anjelik.sk\/index.php\/wp-json\/wp\/v2\/users\/4"}],"replies":[{"embeddable":true,"href":"https:\/\/www.e-anjelik.sk\/index.php\/wp-json\/wp\/v2\/comments?post=33635"}],"version-history":[{"count":1,"href":"https:\/\/www.e-anjelik.sk\/index.php\/wp-json\/wp\/v2\/posts\/33635\/revisions"}],"predecessor-version":[{"id":33636,"href":"https:\/\/www.e-anjelik.sk\/index.php\/wp-json\/wp\/v2\/posts\/33635\/revisions\/33636"}],"wp:attachment":[{"href":"https:\/\/www.e-anjelik.sk\/index.php\/wp-json\/wp\/v2\/media?parent=33635"}],"wp:term":[{"taxonomy":"category","embeddable":true,"href":"https:\/\/www.e-anjelik.sk\/index.php\/wp-json\/wp\/v2\/categories?post=33635"},{"taxonomy":"post_tag","embeddable":true,"href":"https:\/\/www.e-anjelik.sk\/index.php\/wp-json\/wp\/v2\/tags?post=33635"}],"curies":[{"name":"wp","href":"https:\/\/api.w.org\/{rel}","templated":true}]}}