{"id":33680,"date":"2020-05-30T21:31:05","date_gmt":"2020-05-30T19:31:05","guid":{"rendered":"http:\/\/e-anjelik.sk\/?p=33680"},"modified":"2020-05-30T21:31:05","modified_gmt":"2020-05-30T19:31:05","slug":"martin-orgonik-kunovsky-na-svateho-ducha","status":"publish","type":"post","link":"https:\/\/www.e-anjelik.sk\/index.php\/2020\/05\/30\/martin-orgonik-kunovsky-na-svateho-ducha\/","title":{"rendered":"Martin Orgon\u00edk-Kunovsk\u00fd &#8211; Na Sv\u00e4t\u00e9ho Ducha"},"content":{"rendered":"\n<p>Pr\u00ed\u010f\ni&nbsp;k&nbsp;n\u00e1m, Duchu Sv\u00e4t\u00fd!<br>\nv pravom svetle prebohat\u00fd,<br>\nposvie\u0165 i&nbsp;na na\u0161e hlavy:<br>\nako dar Bo\u017eieho Syna &#8211;<br>\np\u00f4vodom od Hospodina.<\/p>\n\n\n\n<p>Pr\u00ed\u010f\ni&nbsp;k&nbsp;n\u00e1m v&nbsp;mene Krista!<br>\nviera na\u0161a nech je ist\u00e1;<br>\nnech nie je v&nbsp;nej pochybnosti,<br>\n\u017ee prich\u00e1dza\u0161 od ve\u010dnosti;<br>\nnech ver\u00edme iste, smele:<br>\n\u017ees\u00b4 bol i&nbsp;v&nbsp;Kristovom tele.<\/p>\n\n\n\n<p>Pr\u00ed\u010f\ni&nbsp;k&nbsp;n\u00e1m, Duchu sv\u00e4t\u00fd!<br>\ndo s\u0155dc na\u0161ich preb\u00fdvati;<br>\nudr\u017euj v&nbsp;nich l\u00e1sku st\u00e1le,<br>\nnech vzrast\u00e1me k&nbsp;Bo\u017eej chv\u00e1le,<br>\nna\u0161im mil\u00fdm k&nbsp;pote\u0161eniu,<br>\ncirkvi Krista k&nbsp;roz\u0161\u00edreniu.<\/p>\n","protected":false},"excerpt":{"rendered":"<p>Pr\u00ed\u010f i&nbsp;k&nbsp;n\u00e1m, Duchu Sv\u00e4t\u00fd! v pravom svetle prebohat\u00fd, posvie\u0165 i&nbsp;na na\u0161e hlavy: ako dar Bo\u017eieho Syna &#8211; p\u00f4vodom od Hospodina. Pr\u00ed\u010f i&nbsp;k&nbsp;n\u00e1m v&nbsp;mene Krista! viera na\u0161a nech je ist\u00e1; nech nie je v&nbsp;nej pochybnosti, \u017ee prich\u00e1dza\u0161 od ve\u010dnosti; nech ver\u00edme iste, smele: \u017ees\u00b4 bol i&nbsp;v&nbsp;Kristovom tele. Pr\u00ed\u010f i&nbsp;k&nbsp;n\u00e1m, Duchu sv\u00e4t\u00fd! do s\u0155dc na\u0161ich preb\u00fdvati; udr\u017euj &#8230; <a title=\"Martin Orgon\u00edk-Kunovsk\u00fd &#8211; Na Sv\u00e4t\u00e9ho Ducha\" class=\"read-more\" href=\"https:\/\/www.e-anjelik.sk\/index.php\/2020\/05\/30\/martin-orgonik-kunovsky-na-svateho-ducha\/\" aria-label=\"Pre\u010d\u00edtajte si viac o Martin Orgon\u00edk-Kunovsk\u00fd &#8211; Na Sv\u00e4t\u00e9ho Ducha\">\u010c\u00edta\u0165 viac<\/a><\/p>\n","protected":false},"author":3,"featured_media":0,"comment_status":"open","ping_status":"open","sticky":false,"template":"","format":"standard","meta":{"footnotes":""},"categories":[165,108],"tags":[],"class_list":["post-33680","post","type-post","status-publish","format-standard","hentry","category-poezia-2","category-svatodusne-sviatky"],"_links":{"self":[{"href":"https:\/\/www.e-anjelik.sk\/index.php\/wp-json\/wp\/v2\/posts\/33680","targetHints":{"allow":["GET"]}}],"collection":[{"href":"https:\/\/www.e-anjelik.sk\/index.php\/wp-json\/wp\/v2\/posts"}],"about":[{"href":"https:\/\/www.e-anjelik.sk\/index.php\/wp-json\/wp\/v2\/types\/post"}],"author":[{"embeddable":true,"href":"https:\/\/www.e-anjelik.sk\/index.php\/wp-json\/wp\/v2\/users\/3"}],"replies":[{"embeddable":true,"href":"https:\/\/www.e-anjelik.sk\/index.php\/wp-json\/wp\/v2\/comments?post=33680"}],"version-history":[{"count":1,"href":"https:\/\/www.e-anjelik.sk\/index.php\/wp-json\/wp\/v2\/posts\/33680\/revisions"}],"predecessor-version":[{"id":33681,"href":"https:\/\/www.e-anjelik.sk\/index.php\/wp-json\/wp\/v2\/posts\/33680\/revisions\/33681"}],"wp:attachment":[{"href":"https:\/\/www.e-anjelik.sk\/index.php\/wp-json\/wp\/v2\/media?parent=33680"}],"wp:term":[{"taxonomy":"category","embeddable":true,"href":"https:\/\/www.e-anjelik.sk\/index.php\/wp-json\/wp\/v2\/categories?post=33680"},{"taxonomy":"post_tag","embeddable":true,"href":"https:\/\/www.e-anjelik.sk\/index.php\/wp-json\/wp\/v2\/tags?post=33680"}],"curies":[{"name":"wp","href":"https:\/\/api.w.org\/{rel}","templated":true}]}}